{"id":1040490,"date":"2025-09-06T15:06:26","date_gmt":"2025-09-06T15:06:26","guid":{"rendered":"https:\/\/dimensionturistica.com\/es\/?p=1040490"},"modified":"2025-09-06T15:06:26","modified_gmt":"2025-09-06T15:06:26","slug":"especialistas-del-iner-y-organizaciones-de-la-sociedad-civil-se-unen-para-hacer-un-llamado-a-la-accion-en-pro-de-mejorar-la-deteccion-temprana-y-atencion-oportuna-de-la-fibrosis-pulmonar","status":"publish","type":"post","link":"https:\/\/dimensionturistica.com\/es\/especialistas-del-iner-y-organizaciones-de-la-sociedad-civil-se-unen-para-hacer-un-llamado-a-la-accion-en-pro-de-mejorar-la-deteccion-temprana-y-atencion-oportuna-de-la-fibrosis-pulmonar\/","title":{"rendered":"Especialistas del INER y Organizaciones de la Sociedad Civil se unen para hacer un\u00a0llamado a la acci\u00f3n en pro de mejorar la detecci\u00f3n temprana y atenci\u00f3n oportuna de la\u00a0fibrosis pulmonar."},"content":{"rendered":"\n<figure class=\"wp-block-gallery has-nested-images columns-default is-cropped wp-block-gallery-1 is-layout-flex wp-block-gallery-is-layout-flex\">\n<figure class=\"wp-block-image size-large\"><img decoding=\"async\" width=\"480\" height=\"288\" data-id=\"1040492\" src=\"https:\/\/dimensionturistica.com\/es\/wp-content\/uploads\/2025\/09\/3PULMON-2.jpg\" alt=\"\" class=\"wp-image-1040492\" srcset=\"https:\/\/dimensionturistica.com\/es\/wp-content\/uploads\/2025\/09\/3PULMON-2.jpg 480w, https:\/\/dimensionturistica.com\/es\/wp-content\/uploads\/2025\/09\/3PULMON-2-300x180.jpg 300w\" sizes=\"(max-width: 480px) 100vw, 480px\" \/><\/figure>\n<\/figure>\n\n\n\n<p>Todo comenz\u00f3 con una tos seca por meses, la cual fue atribuida a una alergia mal cuidada; luego vino la falta de aire, primero al subir escaleras, despu\u00e9s al hacer actividades de menor esfuerzo como caminar distancias cortas, hasta que, tras a\u00f1os de ir y venir de un m\u00e9dico a otro, un estudio especializado revel\u00f3 la realidad: fibrosis pulmonar (FP), condici\u00f3n progresiva y potencialmente mortal que reduce de forma irreversible la capacidad respiratoria de quien la padece.<\/p>\n\n\n\n<p><\/p>\n\n\n\n<p>Esta historia refleja la vivencia de muchos pacientes con fibrosis pulmonar, la cual es consecuencia de m\u00e1s de 200 Enfermedades Pulmonares Intersticiales (EPI), que suele confundirse con otros padecimientos respiratorios como asma, bronquitis y EPOC 2 , y cuyo diagn\u00f3stico certero puede tardar entre dos y tres a\u00f1os, repercutiendo en el avance del deterioro pulmonar y en el retraso de un tratamiento que permita una mejor sobrevida y calidad de vida.<\/p>\n\n\n\n<figure class=\"wp-block-gallery has-nested-images columns-default is-cropped wp-block-gallery-2 is-layout-flex wp-block-gallery-is-layout-flex\">\n<figure class=\"wp-block-image size-large\"><img decoding=\"async\" width=\"500\" height=\"375\" data-id=\"1040493\" src=\"https:\/\/dimensionturistica.com\/es\/wp-content\/uploads\/2025\/09\/1PULMON.jpg\" alt=\"\" class=\"wp-image-1040493\" srcset=\"https:\/\/dimensionturistica.com\/es\/wp-content\/uploads\/2025\/09\/1PULMON.jpg 500w, https:\/\/dimensionturistica.com\/es\/wp-content\/uploads\/2025\/09\/1PULMON-300x225.jpg 300w\" sizes=\"(max-width: 500px) 100vw, 500px\" \/><\/figure>\n<\/figure>\n\n\n\n<p>En el marco del D\u00eda Mundial de la Fibrosis Pulmonar, que se conmemora el 7 de septiembre, el Instituto Nacional de Enfermedades Respiratorias (INER) junto con Organizaciones de la Sociedad Civil como Pensemos en Cebras M\u00e9xico, la Asociaci\u00f3n Mexicana de Hipertensi\u00f3n Pulmonar (HAP M\u00e9xico) y la Asociaci\u00f3n Mexicana de Orientaci\u00f3n, Apoyo y Lucha Contra la Esclerodermia (AMES), realizaron el Conversatorio \u201cUnidos por la Salud Pulmonar: Estrategias para la Detecci\u00f3n Temprana de la Fibrosis Pulmonar\u201d, con el objetivo de hacer un llamado urgente a fortalecer el conocimiento de esta enfermedad y promover mecanismos que agilicen su diagn\u00f3stico y atenci\u00f3n oportuna.<\/p>\n\n\n\n<p>La fibrosis pulmonar se caracteriza por la inflamaci\u00f3n de los pulmones y posterior cicatrizaci\u00f3n (fibrosis), condici\u00f3n que disminuye de manera gradual la capacidad respiratoria, provocando que los pacientes vivan con falta de aire constante, expres\u00f3 la Dra. Ivette Buend\u00eda Rold\u00e1n, responsable del Laboratorio de Investigaci\u00f3n Traslacional en Envejecimiento y Fibrosis Pulmonar del INER.<\/p>\n\n\n\n<figure class=\"wp-block-gallery has-nested-images columns-default is-cropped wp-block-gallery-3 is-layout-flex wp-block-gallery-is-layout-flex\">\n<figure class=\"wp-block-image size-large\"><img decoding=\"async\" width=\"500\" height=\"281\" data-id=\"1040494\" src=\"https:\/\/dimensionturistica.com\/es\/wp-content\/uploads\/2025\/09\/4PULMON.jpg\" alt=\"\" class=\"wp-image-1040494\" srcset=\"https:\/\/dimensionturistica.com\/es\/wp-content\/uploads\/2025\/09\/4PULMON.jpg 500w, https:\/\/dimensionturistica.com\/es\/wp-content\/uploads\/2025\/09\/4PULMON-300x169.jpg 300w\" sizes=\"(max-width: 500px) 100vw, 500px\" \/><\/figure>\n<\/figure>\n\n\n\n<p>Si bien la fibrosis pulmonar es una enfermedad de baja prevalencia, cerca del 50% de los casos fallece de dos a tres a\u00f1os despu\u00e9s de su diagn\u00f3stico, debido principalmente a la detecci\u00f3n tard\u00eda, la cual limita la estrategia terap\u00e9utica y reduce el pron\u00f3stico de vida, asever\u00f3 la especialista.<\/p>\n\n\n\n<p>Dada la complejidad de esta enfermedad, los pacientes suelen ser diagnosticados en estados avanzados, expuso el Dr. Omar Barreto Rodr\u00edguez, coordinador de Atenci\u00f3n M\u00e9dica de Neumolog\u00eda adscrito a la Subdirecci\u00f3n M\u00e9dica del INER. \u201cPor lo que, para revertir esta tendencia, hay dos se\u00f1ales clave para sospechar de la existencia de fibrosis pulmonar, que es la aparici\u00f3n de tos cr\u00f3nica que persiste por m\u00e1s de ocho semanas sin responder a tratamientos comunes; y la falta de aire que va empeorando con el tiempo, donde los pacientes comienzan a cansarse al subir escaleras, luego al caminar r\u00e1pido, e incluso pueden llegar al punto donde respirar se dificulta en estado de reposo\u201d.<\/p>\n\n\n\n<figure class=\"wp-block-gallery has-nested-images columns-default is-cropped wp-block-gallery-4 is-layout-flex wp-block-gallery-is-layout-flex\">\n<figure class=\"wp-block-image size-large\"><img decoding=\"async\" width=\"468\" height=\"312\" data-id=\"1040495\" src=\"https:\/\/dimensionturistica.com\/es\/wp-content\/uploads\/2025\/09\/fibrosis-pulmonar_71101.webp\" alt=\"\" class=\"wp-image-1040495\" srcset=\"https:\/\/dimensionturistica.com\/es\/wp-content\/uploads\/2025\/09\/fibrosis-pulmonar_71101.webp 468w, https:\/\/dimensionturistica.com\/es\/wp-content\/uploads\/2025\/09\/fibrosis-pulmonar_71101-300x200.webp 300w\" sizes=\"(max-width: 468px) 100vw, 468px\" \/><\/figure>\n<\/figure>\n\n\n\n<p>Por su parte, la Dra. Vijaya Rivera Ter\u00e1n, reumat\u00f3loga del Instituto Nacional de Rehabilitaci\u00f3n \u201cDr. Luis Guillermo Ibarra\u201d y miembro del Colegio Mexicano de Reumatolog\u00eda, agreg\u00f3 que, en pacientes con enfermedades autoinmunes asociadas a fibrosis pulmonar como artritis reumatoide y esclerosis sist\u00e9mica, los s\u00edntomas respiratorios pueden surgir despu\u00e9s de las manifestaciones articulares o cut\u00e1neas, por lo que hay que estar atentos a su aparici\u00f3n para actuar a tiempo.<\/p>\n\n\n\n<figure class=\"wp-block-gallery has-nested-images columns-default is-cropped wp-block-gallery-5 is-layout-flex wp-block-gallery-is-layout-flex\">\n<figure class=\"wp-block-image size-large\"><img decoding=\"async\" width=\"612\" height=\"389\" data-id=\"1040496\" src=\"https:\/\/dimensionturistica.com\/es\/wp-content\/uploads\/2025\/09\/5PULMON.jpg\" alt=\"\" class=\"wp-image-1040496\" srcset=\"https:\/\/dimensionturistica.com\/es\/wp-content\/uploads\/2025\/09\/5PULMON.jpg 612w, https:\/\/dimensionturistica.com\/es\/wp-content\/uploads\/2025\/09\/5PULMON-300x191.jpg 300w\" sizes=\"(max-width: 612px) 100vw, 612px\" \/><\/figure>\n<\/figure>\n\n\n\n<p>Ante este panorama, los especialistas coincidieron en la necesidad de fortalecer la estrategia de detecci\u00f3n temprana y atenci\u00f3n oportuna de la fibrosis pulmonar a trav\u00e9s de cuatro frentes: primero, campa\u00f1as informativas para que la poblaci\u00f3n conozca la enfermedad; segundo, educaci\u00f3n desde el primer nivel de atenci\u00f3n para que todo m\u00e9dico identifique los s\u00edntomas clave de una EPI; tercero, crear protocolos de derivaci\u00f3n r\u00e1pida para que los pacientes con sospecha de FP puedan acceder directamente a niveles de atenci\u00f3n especializada y estudios espec\u00edficos; y cuarto, formar equipos m\u00e9dicos multidisciplinarios en los hospitales de referencia, para mejorar la precisi\u00f3n en el diagn\u00f3stico y abordaje terap\u00e9utico en cada paciente.<\/p>\n\n\n\n<figure class=\"wp-block-gallery has-nested-images columns-default is-cropped wp-block-gallery-6 is-layout-flex wp-block-gallery-is-layout-flex\">\n<figure class=\"wp-block-image size-large\"><img decoding=\"async\" width=\"500\" height=\"261\" data-id=\"1040500\" src=\"https:\/\/dimensionturistica.com\/es\/wp-content\/uploads\/2025\/09\/11PULMON.jpg\" alt=\"\" class=\"wp-image-1040500\" srcset=\"https:\/\/dimensionturistica.com\/es\/wp-content\/uploads\/2025\/09\/11PULMON.jpg 500w, https:\/\/dimensionturistica.com\/es\/wp-content\/uploads\/2025\/09\/11PULMON-300x157.jpg 300w\" sizes=\"(max-width: 500px) 100vw, 500px\" \/><\/figure>\n<\/figure>\n\n\n\n<p>Durante su intervenci\u00f3n, las Organizaciones de la Sociedad Civil (OSC) ratificaron el compromiso que tienen para con los pacientes con fibrosis pulmonar. Jaqueline Tovar, presidenta y fundadora de la Iniciativa Pensemos en Cebras M\u00e9xico, coment\u00f3: \u201cnuestra misi\u00f3n es empoderar a los pacientes y a sus familias a trav\u00e9s de educaci\u00f3n y acompa\u00f1amiento para que comprendan su enfermedad, conozcan sus derechos ante las autoridades y se conviertan en protagonistas activos de su propio cuidado\u201d.<\/p>\n\n\n\n<figure class=\"wp-block-gallery has-nested-images columns-default is-cropped wp-block-gallery-7 is-layout-flex wp-block-gallery-is-layout-flex\">\n<figure class=\"wp-block-image size-large\"><img decoding=\"async\" width=\"500\" height=\"202\" data-id=\"1040501\" src=\"https:\/\/dimensionturistica.com\/es\/wp-content\/uploads\/2025\/09\/50PULMON.jpg\" alt=\"\" class=\"wp-image-1040501\" srcset=\"https:\/\/dimensionturistica.com\/es\/wp-content\/uploads\/2025\/09\/50PULMON.jpg 500w, https:\/\/dimensionturistica.com\/es\/wp-content\/uploads\/2025\/09\/50PULMON-300x121.jpg 300w\" sizes=\"(max-width: 500px) 100vw, 500px\" \/><\/figure>\n<\/figure>\n\n\n\n<p>Finalmente, los expertos enfatizaron que en la lucha contra la fibrosis pulmonar la clave est\u00e1 en no subestimar sus s\u00edntomas principales. La intervenci\u00f3n oportuna puede marcar la diferencia entre una vida independiente o vivir postrado a un tanque de ox\u00edgeno. \u201cJuntos, pacientes, m\u00e9dicos, instituciones y sociedad civil, podemos acelerar el diagn\u00f3stico y acceder a tratamientos que mejoren la calidad y el pron\u00f3stico de vida. Porque cada respiro cuenta y cada minuto es crucial.\u201d<\/p>\n","protected":false},"excerpt":{"rendered":"<p>Todo comenz\u00f3 con una tos seca por meses, la cual fue atribuida a una alergia mal cuidada; luego vino la falta de aire, primero al subir escaleras, despu\u00e9s al hacer actividades de menor esfuerzo como caminar distancias cortas, hasta que, tras a\u00f1os de ir y venir de un m\u00e9dico a otro, un estudio especializado revel\u00f3 [&hellip;]<\/p>\n","protected":false},"author":1,"featured_media":0,"comment_status":"open","ping_status":"closed","sticky":false,"template":"","format":"standard","meta":{"om_disable_all_campaigns":false,"jnews-multi-image_gallery":[],"jnews_single_post":[],"jnews_primary_category":[],"jnews_social_meta":[],"footnotes":""},"categories":[40],"tags":[],"class_list":["post-1040490","post","type-post","status-publish","format-standard","hentry","category-industria"],"_links":{"self":[{"href":"https:\/\/dimensionturistica.com\/es\/wp-json\/wp\/v2\/posts\/1040490","targetHints":{"allow":["GET"]}}],"collection":[{"href":"https:\/\/dimensionturistica.com\/es\/wp-json\/wp\/v2\/posts"}],"about":[{"href":"https:\/\/dimensionturistica.com\/es\/wp-json\/wp\/v2\/types\/post"}],"author":[{"embeddable":true,"href":"https:\/\/dimensionturistica.com\/es\/wp-json\/wp\/v2\/users\/1"}],"replies":[{"embeddable":true,"href":"https:\/\/dimensionturistica.com\/es\/wp-json\/wp\/v2\/comments?post=1040490"}],"version-history":[{"count":0,"href":"https:\/\/dimensionturistica.com\/es\/wp-json\/wp\/v2\/posts\/1040490\/revisions"}],"wp:attachment":[{"href":"https:\/\/dimensionturistica.com\/es\/wp-json\/wp\/v2\/media?parent=1040490"}],"wp:term":[{"taxonomy":"category","embeddable":true,"href":"https:\/\/dimensionturistica.com\/es\/wp-json\/wp\/v2\/categories?post=1040490"},{"taxonomy":"post_tag","embeddable":true,"href":"https:\/\/dimensionturistica.com\/es\/wp-json\/wp\/v2\/tags?post=1040490"}],"curies":[{"name":"wp","href":"https:\/\/api.w.org\/{rel}","templated":true}]}}