{"id":1040459,"date":"2025-09-06T13:51:02","date_gmt":"2025-09-06T13:51:02","guid":{"rendered":"https:\/\/dimensionturistica.com\/es\/?p=1040459"},"modified":"2025-09-06T13:51:02","modified_gmt":"2025-09-06T13:51:02","slug":"disfruta-el-invierno-sin-preocuparte-por-el-equipaje-ya-se-viene-el-invierno-en-quebec","status":"publish","type":"post","link":"https:\/\/dimensionturistica.com\/es\/disfruta-el-invierno-sin-preocuparte-por-el-equipaje-ya-se-viene-el-invierno-en-quebec\/","title":{"rendered":"\u00a0Disfruta el invierno sin preocuparte por el equipaje\u00a0\u00a1Ya se viene el invierno en Qu\u00e9bec!"},"content":{"rendered":"\n<p><\/p>\n\n\n\n<figure class=\"wp-block-gallery has-nested-images columns-default is-cropped wp-block-gallery-1 is-layout-flex wp-block-gallery-is-layout-flex\">\n<figure class=\"wp-block-image size-large\"><img decoding=\"async\" width=\"500\" height=\"111\" data-id=\"1040460\" src=\"https:\/\/dimensionturistica.com\/es\/wp-content\/uploads\/2025\/09\/1QUEBEC.jpg\" alt=\"\" class=\"wp-image-1040460\" srcset=\"https:\/\/dimensionturistica.com\/es\/wp-content\/uploads\/2025\/09\/1QUEBEC.jpg 500w, https:\/\/dimensionturistica.com\/es\/wp-content\/uploads\/2025\/09\/1QUEBEC-300x67.jpg 300w\" sizes=\"(max-width: 500px) 100vw, 500px\" \/><\/figure>\n<\/figure>\n\n\n\n<p>\u00a1No empaques de m\u00e1s; trae solo lo necesario!<\/p>\n\n\n\n<p>La temporada invernal est\u00e1 por comenzar en Qu\u00e9bec, y con ella llegan paisajes m\u00e1gicos, actividades \u00fanicas y experiencias que los viajeros mexicanos dif\u00edcilmente olvidan. Sin embargo, para quienes no est\u00e1n acostumbrados a las bajas temperaturas, preparar el equipaje puede convertirse en un verdadero reto.<\/p>\n\n\n\n<figure class=\"wp-block-gallery has-nested-images columns-default is-cropped wp-block-gallery-2 is-layout-flex wp-block-gallery-is-layout-flex\"><\/figure>\n\n\n\n<figure class=\"wp-block-gallery has-nested-images columns-default is-cropped wp-block-gallery-3 is-layout-flex wp-block-gallery-is-layout-flex\">\n<figure class=\"wp-block-image size-large\"><img decoding=\"async\" width=\"500\" height=\"166\" data-id=\"1040462\" src=\"https:\/\/dimensionturistica.com\/es\/wp-content\/uploads\/2025\/09\/3QUEBEC.jpg\" alt=\"\" class=\"wp-image-1040462\" srcset=\"https:\/\/dimensionturistica.com\/es\/wp-content\/uploads\/2025\/09\/3QUEBEC.jpg 500w, https:\/\/dimensionturistica.com\/es\/wp-content\/uploads\/2025\/09\/3QUEBEC-300x100.jpg 300w\" sizes=\"(max-width: 500px) 100vw, 500px\" \/><\/figure>\n<\/figure>\n\n\n\n<p>Un viaje mal planeado, sin la ropa adecuada, puede transformar la ilusi\u00f3n en incomodidad: fr\u00edo extremo, exceso de maletas o incluso la imposibilidad de disfrutar plenamente de las actividades al aire libre.<\/p>\n\n\n\n<p>Por eso, queremos compartirte esta &#8220;informaci\u00f3n que cura&#8221;: \u200b en Qu\u00e9bec existen soluciones dise\u00f1adas para que, ahora que vengas, vivas la nieve y el fr\u00edo con total comodidad\u2026 casi como los locales. Una de las m\u00e1s pr\u00e1cticas y convenientes es la propuesta de Tuque &amp; Bicycle Experiences, una empresa local que ofrece paquetes completos de ropa y accesorios invernales para rentar durante toda tu estancia. Con esto, cr\u00e9enos, no tendr\u00e1s que traer hasta el ba\u00fal de la abuelita con chamarras que muy probablemente no vas a necesitar porque no van a resolver tu necesidad.<\/p>\n\n\n\n<figure class=\"wp-block-gallery has-nested-images columns-default is-cropped wp-block-gallery-4 is-layout-flex wp-block-gallery-is-layout-flex\">\n<figure class=\"wp-block-image size-large\"><img decoding=\"async\" width=\"500\" height=\"323\" data-id=\"1040464\" src=\"https:\/\/dimensionturistica.com\/es\/wp-content\/uploads\/2025\/09\/2QUEBEC.jpg\" alt=\"\" class=\"wp-image-1040464\" srcset=\"https:\/\/dimensionturistica.com\/es\/wp-content\/uploads\/2025\/09\/2QUEBEC.jpg 500w, https:\/\/dimensionturistica.com\/es\/wp-content\/uploads\/2025\/09\/2QUEBEC-300x194.jpg 300w\" sizes=\"(max-width: 500px) 100vw, 500px\" \/><\/figure>\n<\/figure>\n\n\n\n<p>Viaja ligero, disfruta m\u00e1s<\/p>\n\n\n\n<p>El servicio de \u201cWinter Outfit\u201d incluye todo lo necesario para resistir temperaturas extremas, sin que tengas que invertir en costosos equipos ni cargar maletas pesadas. En tu paquete encontrar\u00e1s:<\/p>\n\n\n\n<p>Abrigo t\u00e9rmico especializado<\/p>\n\n\n\n<figure class=\"wp-block-gallery has-nested-images columns-default is-cropped wp-block-gallery-5 is-layout-flex wp-block-gallery-is-layout-flex\">\n<figure class=\"wp-block-image size-large\"><img decoding=\"async\" width=\"480\" height=\"720\" data-id=\"1040466\" src=\"https:\/\/dimensionturistica.com\/es\/wp-content\/uploads\/2025\/09\/6QUEBEC.jpg\" alt=\"\" class=\"wp-image-1040466\" srcset=\"https:\/\/dimensionturistica.com\/es\/wp-content\/uploads\/2025\/09\/6QUEBEC.jpg 480w, https:\/\/dimensionturistica.com\/es\/wp-content\/uploads\/2025\/09\/6QUEBEC-200x300.jpg 200w\" sizes=\"(max-width: 480px) 100vw, 480px\" \/><\/figure>\n<\/figure>\n\n\n\n<p>Pantalones de nieve<\/p>\n\n\n\n<p>Botas impermeables<\/p>\n\n\n\n<p>Guantes<\/p>\n\n\n\n<p>Gorro y bufanda<\/p>\n\n\n\n<p>Los paquetes est\u00e1n disponibles desde 75 d\u00f3lares canadienses por d\u00eda, con descuentos especiales para estancias m\u00e1s largas. Adem\u00e1s, la empresa ofrece servicio de entrega sin costo en tu hotel del Viejo Qu\u00e9bec, donde se localiza, o -con una tarifa adicional- en cualquier hotel de la zona de Quebec o Montreal.<\/p>\n\n\n\n<figure class=\"wp-block-gallery has-nested-images columns-default is-cropped wp-block-gallery-6 is-layout-flex wp-block-gallery-is-layout-flex\">\n<figure class=\"wp-block-image size-large\"><img decoding=\"async\" width=\"480\" height=\"720\" data-id=\"1040467\" src=\"https:\/\/dimensionturistica.com\/es\/wp-content\/uploads\/2025\/09\/9QUEBEC.jpg\" alt=\"\" class=\"wp-image-1040467\" srcset=\"https:\/\/dimensionturistica.com\/es\/wp-content\/uploads\/2025\/09\/9QUEBEC.jpg 480w, https:\/\/dimensionturistica.com\/es\/wp-content\/uploads\/2025\/09\/9QUEBEC-200x300.jpg 200w\" sizes=\"(max-width: 480px) 100vw, 480px\" \/><\/figure>\n<\/figure>\n\n\n\n<p>\u200bVer\u00e1s qu\u00e9 conveniente es que se incluya un secador de guantes y botas para que, cuando al final del d\u00eda regreses de tus aventuras invernales, coloques tus botas y, a la ma\u00f1ana siguiente, est\u00e9n de nuevo secas y calientitas.<\/p>\n\n\n\n<p>Servicios adicionales<\/p>\n\n\n\n<p>Alquiler de equipo para actividades en la nieve (fat bikes, raquetas de nieve, cascos).<\/p>\n\n\n\n<p>Asesor\u00eda personalizada para elegir tallas y combinaciones adecuadas.<\/p>\n\n\n\n<figure class=\"wp-block-gallery has-nested-images columns-default is-cropped wp-block-gallery-7 is-layout-flex wp-block-gallery-is-layout-flex\">\n<figure class=\"wp-block-image size-large\"><img decoding=\"async\" width=\"480\" height=\"621\" data-id=\"1040468\" src=\"https:\/\/dimensionturistica.com\/es\/wp-content\/uploads\/2025\/09\/11QUEBEC.jpg\" alt=\"\" class=\"wp-image-1040468\" srcset=\"https:\/\/dimensionturistica.com\/es\/wp-content\/uploads\/2025\/09\/11QUEBEC.jpg 480w, https:\/\/dimensionturistica.com\/es\/wp-content\/uploads\/2025\/09\/11QUEBEC-232x300.jpg 232w\" sizes=\"(max-width: 480px) 100vw, 480px\" \/><\/figure>\n<\/figure>\n\n\n\n<p>Opciones familiares y paquetes para grupos.<\/p>\n\n\n\n<p>Sab\u00edas que\u2026<\/p>\n\n\n\n<p>\u200b- Subraya esto: la mezclilla no es tu aliada en invierno. Aunque es com\u00fan y muy pr\u00e1ctica en M\u00e9xico, la mezclilla retiene humedad (y aqu\u00ed la humedad no es tu amiga) y se congela f\u00e1cilmente, por lo que no protege contra el fr\u00edo. Es buena idea evitar vestir con mezclilla o algod\u00f3n en esta temporada, en serio.<\/p>\n\n\n\n<p>\u200b- Trae suficiente ropa de recambio, como calcetines (de preferencia t\u00e9rmicos) para cambi\u00e1rtelos de ser necesario durante el d\u00eda.<\/p>\n\n\n\n<figure class=\"wp-block-gallery has-nested-images columns-default is-cropped wp-block-gallery-8 is-layout-flex wp-block-gallery-is-layout-flex\">\n<figure class=\"wp-block-image size-large\"><img decoding=\"async\" width=\"500\" height=\"483\" data-id=\"1040469\" src=\"https:\/\/dimensionturistica.com\/es\/wp-content\/uploads\/2025\/09\/4QUEBEC.jpg\" alt=\"\" class=\"wp-image-1040469\" srcset=\"https:\/\/dimensionturistica.com\/es\/wp-content\/uploads\/2025\/09\/4QUEBEC.jpg 500w, https:\/\/dimensionturistica.com\/es\/wp-content\/uploads\/2025\/09\/4QUEBEC-300x290.jpg 300w\" sizes=\"(max-width: 500px) 100vw, 500px\" \/><\/figure>\n<\/figure>\n\n\n\n<p>\u200b- La clave est\u00e1 en vestir en capas: comienza con ropa interior t\u00e9rmica, sigue con una camisa ligera, despu\u00e9s un su\u00e9ter, una chamarra y finalmente el abrigo invernal de Tuque &amp; Bicycle. As\u00ed garantizas aislamiento, comodidad y la flexibilidad de quitar o poner prendas seg\u00fan cambie la temperatura.<\/p>\n\n\n\n<p>Una experiencia pensada para mexicanos<\/p>\n\n\n\n<figure class=\"wp-block-gallery has-nested-images columns-default is-cropped wp-block-gallery-9 is-layout-flex wp-block-gallery-is-layout-flex\">\n<figure class=\"wp-block-image size-large\"><img decoding=\"async\" width=\"500\" height=\"473\" data-id=\"1040470\" src=\"https:\/\/dimensionturistica.com\/es\/wp-content\/uploads\/2025\/09\/5QUEBEC.jpg\" alt=\"\" class=\"wp-image-1040470\" srcset=\"https:\/\/dimensionturistica.com\/es\/wp-content\/uploads\/2025\/09\/5QUEBEC.jpg 500w, https:\/\/dimensionturistica.com\/es\/wp-content\/uploads\/2025\/09\/5QUEBEC-300x284.jpg 300w\" sizes=\"(max-width: 500px) 100vw, 500px\" \/><\/figure>\n<\/figure>\n\n\n\n<p>&nbsp;Tan bien pensada es la experiencia, que no solo la p\u00e1gina tiene su versi\u00f3n en espa\u00f1ol, sino que Emilie Pelletier, su propietaria, lo habla, para que no te preocupes por problemas de comunicaci\u00f3n.<\/p>\n\n\n\n<p>\u200bPara ti, que quieres aprovechar el momento y visitar Qu\u00e9bec por primera vez en el invierno que viene, este tipo de servicio significa tranquilidad: te permite disfrutar sin preocupaciones tus paseos en la nieve, recorridos en bicicleta de llantas anchas, caminatas en paisajes nevados o tardes en pueblos encantadores, sabiendo que cuentas con la protecci\u00f3n adecuada. Nosotros ya lo hicimos y, s\u00ed, ahorras espacio y peso en tus maletas pero, sobre todo, cuentas con la ropa que los mismos quebequenses saben que te va a servir\u2026 porque el fr\u00edo de Qu\u00e9bec no es el mismo que el de Valle de Bravo.\ufffd\ufffd<\/p>\n","protected":false},"excerpt":{"rendered":"<p>\u00a1No empaques de m\u00e1s; trae solo lo necesario! La temporada invernal est\u00e1 por comenzar en Qu\u00e9bec, y con ella llegan paisajes m\u00e1gicos, actividades \u00fanicas y experiencias que los viajeros mexicanos dif\u00edcilmente olvidan. Sin embargo, para quienes no est\u00e1n acostumbrados a las bajas temperaturas, preparar el equipaje puede convertirse en un verdadero reto. Un viaje mal [&hellip;]<\/p>\n","protected":false},"author":1,"featured_media":0,"comment_status":"open","ping_status":"closed","sticky":false,"template":"","format":"standard","meta":{"om_disable_all_campaigns":false,"jnews-multi-image_gallery":[],"jnews_single_post":{"format":"standard"},"jnews_primary_category":[],"jnews_social_meta":[],"footnotes":""},"categories":[39],"tags":[],"class_list":["post-1040459","post","type-post","status-publish","format-standard","hentry","category-viajes"],"_links":{"self":[{"href":"https:\/\/dimensionturistica.com\/es\/wp-json\/wp\/v2\/posts\/1040459","targetHints":{"allow":["GET"]}}],"collection":[{"href":"https:\/\/dimensionturistica.com\/es\/wp-json\/wp\/v2\/posts"}],"about":[{"href":"https:\/\/dimensionturistica.com\/es\/wp-json\/wp\/v2\/types\/post"}],"author":[{"embeddable":true,"href":"https:\/\/dimensionturistica.com\/es\/wp-json\/wp\/v2\/users\/1"}],"replies":[{"embeddable":true,"href":"https:\/\/dimensionturistica.com\/es\/wp-json\/wp\/v2\/comments?post=1040459"}],"version-history":[{"count":0,"href":"https:\/\/dimensionturistica.com\/es\/wp-json\/wp\/v2\/posts\/1040459\/revisions"}],"wp:attachment":[{"href":"https:\/\/dimensionturistica.com\/es\/wp-json\/wp\/v2\/media?parent=1040459"}],"wp:term":[{"taxonomy":"category","embeddable":true,"href":"https:\/\/dimensionturistica.com\/es\/wp-json\/wp\/v2\/categories?post=1040459"},{"taxonomy":"post_tag","embeddable":true,"href":"https:\/\/dimensionturistica.com\/es\/wp-json\/wp\/v2\/tags?post=1040459"}],"curies":[{"name":"wp","href":"https:\/\/api.w.org\/{rel}","templated":true}]}}