{"id":104045,"date":"2021-03-29T15:05:11","date_gmt":"2021-03-29T15:05:11","guid":{"rendered":"https:\/\/dimensionturistica.com\/es\/?p=104045"},"modified":"2021-03-29T15:05:11","modified_gmt":"2021-03-29T15:05:11","slug":"aida-cruises-ofrece-programa-de-vacaciones-por-las-islas-canarias-a-bordo-de-aidaperla","status":"publish","type":"post","link":"https:\/\/dimensionturistica.com\/es\/aida-cruises-ofrece-programa-de-vacaciones-por-las-islas-canarias-a-bordo-de-aidaperla\/","title":{"rendered":"AIDA Cruises ofrece programa de vacaciones por las Islas Canarias a bordo de AIDAperla"},"content":{"rendered":"<p> <br \/>\n<\/p>\n<div style=\"margin-top:0px;\">\n<p><span id=\"more-88573\"\/><strong>Por Redacci\u00f3n PortalCruceros.cl<\/strong><\/p>\n<p><strong>@PortalCruceros<\/strong><\/p>\n<hr\/>\n<p style=\"text-align: justify;\"><strong>AIDA Cruises<\/strong> ofrece viajes de siete d\u00edas por las <strong>Islas Canarias con AIDAperla<\/strong> saliendo de Las Palmas, Gran Canaria.<\/p>\n<p style=\"text-align: justify;\"><img decoding=\"async\" loading=\"lazy\" class=\"alignright  wp-image-87829\" src=\"https:\/\/dimensionturistica.com\/es\/wp-content\/uploads\/2021\/02\/AIDA-Cruises-abre-la-temporada-de-cruceros-2021-el-20.jpg\" alt=\"\" width=\"337\" height=\"190\"  \/>Los protocolos mejorados de salud y seguridad, probados por SGS Institut Fresenius y confirmados por la sociedad de clasificaci\u00f3n DNV GL, incluyen una prueba obligatoria de PCR para detectar virus y bacterias antes de viajar, as\u00ed como controles de salud peri\u00f3dicos, distancia social y normas de higiene, atenci\u00f3n m\u00e9dica, incluida la capacidad de prueba a bordo y otras medidas.<\/p>\n<p style=\"text-align: justify;\">La empresa recalc\u00f3 que \u201cdesafortunadamente, actualmente no es posible realizar cruceros en otros destinos de AIDA\u201d.<\/p>\n<p style=\"text-align: justify;\">Gracias al programa de viajes de la compa\u00f1\u00eda en Canarias, a todos los hu\u00e9spedes afectados se les puede ofrecer una alternativa con los cruceros de siete d\u00edas de AIDAperla.<\/p>\n<p style=\"text-align: justify;\">Esto se aplica a los hu\u00e9spedes que originalmente reservaron un crucero por el Mediterr\u00e1neo en <strong>AIDAblu, AIDAprima y AIDAmira<\/strong> con fechas de salida hasta el 9 de mayo de 2021 inclusive.<\/p>\n<p style=\"text-align: justify;\">Adem\u00e1s, considera a quienes estaban programados para partir desde Hamburgo hacia el norte de Europa o Noruega con <strong>AIDAdiva, AIDAsol o AIDAluna<\/strong> hasta el 28 de abril de 2021 inclusive.<\/p>\n<hr\/>\n<p>\t\t <!-- banner --><br \/>\n<!--\t \n\n<div style=\"margin-top: 15px;\"><\/div>\n\n\n<a rel=\"nofollow noopener\" target=\"_blank\" href=\"https:\/\/www.linkedin.com\/company\/portalcruceros-cl\/\">\n\t<img decoding=\"async\" src=\"https:\/\/dimensionturistica.com\/es\/wp-content\/uploads\/2020\/09\/Knud-E-Hansen-disena-nuevo-crucero-de-expedicion-rompehielos.gif\" \/>\n\t<\/a> --><\/p>\n<p>\t<!-- banner end --><\/p>\n<p>\t\t <!-- notas relacionadas --><\/p>\n<hr\/>\n<p>\t\t   <!-- fin notas relacionadas --><\/p><\/div>\n\n<p><em> &#8221; Fuentes portalcruceros.cl &#8221; <\/em><\/p>\n","protected":false},"excerpt":{"rendered":"<p>Por Redacci\u00f3n PortalCruceros.cl @PortalCruceros AIDA Cruises ofrece viajes de siete d\u00edas por las Islas Canarias con AIDAperla saliendo de Las Palmas, Gran Canaria. Los protocolos mejorados de salud y seguridad, probados por SGS Institut Fresenius y confirmados por la sociedad de clasificaci\u00f3n DNV GL, incluyen una prueba obligatoria de PCR para detectar virus y bacterias [&hellip;]<\/p>\n","protected":false},"author":4,"featured_media":82381,"comment_status":"open","ping_status":"closed","sticky":false,"template":"","format":"standard","meta":{"om_disable_all_campaigns":false,"jnews-multi-image_gallery":[],"jnews_single_post":[],"jnews_primary_category":[],"jnews_social_meta":[],"footnotes":""},"categories":[41],"tags":[],"class_list":["post-104045","post","type-post","status-publish","format-standard","has-post-thumbnail","hentry","category-cruceros"],"_links":{"self":[{"href":"https:\/\/dimensionturistica.com\/es\/wp-json\/wp\/v2\/posts\/104045","targetHints":{"allow":["GET"]}}],"collection":[{"href":"https:\/\/dimensionturistica.com\/es\/wp-json\/wp\/v2\/posts"}],"about":[{"href":"https:\/\/dimensionturistica.com\/es\/wp-json\/wp\/v2\/types\/post"}],"author":[{"embeddable":true,"href":"https:\/\/dimensionturistica.com\/es\/wp-json\/wp\/v2\/users\/4"}],"replies":[{"embeddable":true,"href":"https:\/\/dimensionturistica.com\/es\/wp-json\/wp\/v2\/comments?post=104045"}],"version-history":[{"count":0,"href":"https:\/\/dimensionturistica.com\/es\/wp-json\/wp\/v2\/posts\/104045\/revisions"}],"wp:featuredmedia":[{"embeddable":true,"href":"https:\/\/dimensionturistica.com\/es\/wp-json\/wp\/v2\/media\/82381"}],"wp:attachment":[{"href":"https:\/\/dimensionturistica.com\/es\/wp-json\/wp\/v2\/media?parent=104045"}],"wp:term":[{"taxonomy":"category","embeddable":true,"href":"https:\/\/dimensionturistica.com\/es\/wp-json\/wp\/v2\/categories?post=104045"},{"taxonomy":"post_tag","embeddable":true,"href":"https:\/\/dimensionturistica.com\/es\/wp-json\/wp\/v2\/tags?post=104045"}],"curies":[{"name":"wp","href":"https:\/\/api.w.org\/{rel}","templated":true}]}}