{"id":1040320,"date":"2025-09-06T00:50:49","date_gmt":"2025-09-06T00:50:49","guid":{"rendered":"https:\/\/dimensionturistica.com\/es\/?p=1040320"},"modified":"2025-09-06T00:50:49","modified_gmt":"2025-09-06T00:50:49","slug":"exploracion-del-significado-y-la-simbologia-de-la-vainilla","status":"publish","type":"post","link":"https:\/\/dimensionturistica.com\/es\/exploracion-del-significado-y-la-simbologia-de-la-vainilla\/","title":{"rendered":"Exploraci\u00f3n del Significado y la Simbolog\u00eda de la Vainilla."},"content":{"rendered":"<h3>La Vainilla: Un Viaje a trav\u00e9s de su Simbolismo y Aromas<\/h3>\n<p>La vainilla, m\u00e1s que un simple sabor que delecta nuestros postres, es un s\u00edmbolo de culturas, tradiciones y un legado que conecta a m\u00faltiples comunidades alrededor del mundo. Este codiciado ingrediente, proveniente de la orqu\u00eddea del g\u00e9nero <em>Vanilla<\/em>, no solo se considera un manjar en la gastronom\u00eda, sino que tambi\u00e9n encierra una rica historia que merece ser explorada.<\/p>\n<h4>Un Origen M\u00edstico<\/h4>\n<p>El viaje de la vainilla comienza en los exuberantes campos de M\u00e9xico, donde los antiguos totonacas la reverenciaban como un regalo de los dioses. Su uso no se limitaba a la gastronom\u00eda; en la antigua civilizaci\u00f3n, la vainilla era un s\u00edmbolo de fertilidad y amor. Este trasfondo cultural aporta un matiz especial a su aroma dulce y cautivador, que ha viajado a trav\u00e9s de los siglos y continentes, conquistando paladares y corazones.<\/p>\n<h4>M\u00e1s All\u00e1 del Sabor<\/h4>\n<p>Al pensar en vainilla, es com\u00fan evocar recuerdos de helados cremosos o deliciosos pasteles. Sin embargo, lo que muchas personas no saben es que este ingrediente tiene un profundo simbolismo. En diversas culturas, representa la sensualidad, la calidez y la intimidad. En algunas tradiciones, se cree que su aroma tiene el poder de atraer el amor y la pasi\u00f3n, convirti\u00e9ndola en un elemento esencial en rituales y ceremonias.<\/p>\n<h4>La Vainilla en la Actualidad<\/h4>\n<p>Hoy en d\u00eda, la vainilla es un emblema del comercio justo y la sostenibilidad. Muchos productores, especialmente en M\u00e9xico y Madagascar, est\u00e1n trabajando arduamente para preservar el cultivo tradicional, enfrent\u00e1ndose a desaf\u00edos como el cambio clim\u00e1tico y la competencia de alternativas sint\u00e9ticas. Al elegir vainilla de fuentes responsables, los consumidores no solo disfrutan de un producto de calidad, sino que tambi\u00e9n contribuyen a la conservaci\u00f3n de ricas tradiciones culturales y a la econom\u00eda de las comunidades que la producen.<\/p>\n<h4>Una Experiencia Sensorial<\/h4>\n<p>Si bien el valor de la vainilla va m\u00e1s all\u00e1 de su uso culinario, no hay nada como experimentar su fragancia y sabor en entornos que le rinden homenaje. En regiones como Veracruz, es posible visitar plantaciones de vainilla donde se puede aprender sobre el proceso de cultivo y la cosecha. Participar en estas experiencias es sumergirse en un mundo donde cada flor cuenta una historia, y cada aroma evoca una conexi\u00f3n con el pasado.<\/p>\n<h4>Conclusi\u00f3n<\/h4>\n<p>La vainilla nos invita a reflexionar sobre la riqueza cultural que se esconde detr\u00e1s de un alimento aparentemente simple. Al explorar su simbolismo y los sabores que aporta, no solo alcanzamos un nuevo nivel de apreciaci\u00f3n por este ingrediente mundialmente amado, sino que tambi\u00e9n fomentamos un consumo consciente y responsable. As\u00ed que la pr\u00f3xima vez que disfrutes de un postre de vainilla, t\u00f3mate un momento para recordar su fascinante viaje, su significado y el legado que nos ofrece. En cada bocado, hay una historia por contar y un mundo por explorar.<\/p>\n<p><em> &#8221; Fuentes columnadigital.com &#8221; <\/em><\/p>\n","protected":false},"excerpt":{"rendered":"<p>La Vainilla: Un Viaje a trav\u00e9s de su Simbolismo y Aromas La vainilla, m\u00e1s que un simple sabor que delecta nuestros postres, es un s\u00edmbolo de culturas, tradiciones y un legado que conecta a m\u00faltiples comunidades alrededor del mundo. Este codiciado ingrediente, proveniente de la orqu\u00eddea del g\u00e9nero Vanilla, no solo se considera un manjar [&hellip;]<\/p>\n","protected":false},"author":4,"featured_media":0,"comment_status":"open","ping_status":"closed","sticky":false,"template":"","format":"standard","meta":{"om_disable_all_campaigns":false,"jnews-multi-image_gallery":[],"jnews_single_post":[],"jnews_primary_category":[],"jnews_social_meta":[],"footnotes":""},"categories":[39],"tags":[2185,233985,90062,662,82365,56308,743,10746,67384,246228,1727,31385,183582,69754],"class_list":["post-1040320","post","type-post","status-publish","format-standard","hentry","category-viajes","tag-arte","tag-columna-digital","tag-conversacion","tag-cultura","tag-dimension-turistica","tag-exploracion","tag-gastronomia","tag-ingredientes","tag-interpretacion","tag-mayra-hermosillo","tag-revista","tag-significado","tag-simbolismo","tag-vainilla"],"_links":{"self":[{"href":"https:\/\/dimensionturistica.com\/es\/wp-json\/wp\/v2\/posts\/1040320","targetHints":{"allow":["GET"]}}],"collection":[{"href":"https:\/\/dimensionturistica.com\/es\/wp-json\/wp\/v2\/posts"}],"about":[{"href":"https:\/\/dimensionturistica.com\/es\/wp-json\/wp\/v2\/types\/post"}],"author":[{"embeddable":true,"href":"https:\/\/dimensionturistica.com\/es\/wp-json\/wp\/v2\/users\/4"}],"replies":[{"embeddable":true,"href":"https:\/\/dimensionturistica.com\/es\/wp-json\/wp\/v2\/comments?post=1040320"}],"version-history":[{"count":0,"href":"https:\/\/dimensionturistica.com\/es\/wp-json\/wp\/v2\/posts\/1040320\/revisions"}],"wp:attachment":[{"href":"https:\/\/dimensionturistica.com\/es\/wp-json\/wp\/v2\/media?parent=1040320"}],"wp:term":[{"taxonomy":"category","embeddable":true,"href":"https:\/\/dimensionturistica.com\/es\/wp-json\/wp\/v2\/categories?post=1040320"},{"taxonomy":"post_tag","embeddable":true,"href":"https:\/\/dimensionturistica.com\/es\/wp-json\/wp\/v2\/tags?post=1040320"}],"curies":[{"name":"wp","href":"https:\/\/api.w.org\/{rel}","templated":true}]}}