{"id":1040294,"date":"2025-09-05T23:14:12","date_gmt":"2025-09-05T23:14:12","guid":{"rendered":"https:\/\/dimensionturistica.com\/es\/?p=1040294"},"modified":"2025-09-05T23:14:12","modified_gmt":"2025-09-05T23:14:12","slug":"este-mes-de-septiembre-la-fiesta-sabe-a-tacos-en-el-w-mexico-city-el-hotel-presenta-la-primera-edicion-del-festival-del-taco-una-experiencia-creada-para-celebrar-las-fiestas-patrias","status":"publish","type":"post","link":"https:\/\/dimensionturistica.com\/es\/este-mes-de-septiembre-la-fiesta-sabe-a-tacos-en-el-w-mexico-city-el-hotel-presenta-la-primera-edicion-del-festival-del-taco-una-experiencia-creada-para-celebrar-las-fiestas-patrias\/","title":{"rendered":"Este mes de septiembre, la fiesta sabe a tacos en el W Mexico City. El hotel presenta la primera edici\u00f3n del Festival del Taco, una experiencia creada para celebrar las fiestas patrias"},"content":{"rendered":"\n<figure class=\"wp-block-gallery has-nested-images columns-default is-cropped wp-block-gallery-1 is-layout-flex wp-block-gallery-is-layout-flex\">\n<figure class=\"wp-block-image size-large\"><img decoding=\"async\" width=\"500\" height=\"325\" data-id=\"1040295\" src=\"https:\/\/dimensionturistica.com\/es\/wp-content\/uploads\/2025\/09\/3TACOS.jpg\" alt=\"\" class=\"wp-image-1040295\" srcset=\"https:\/\/dimensionturistica.com\/es\/wp-content\/uploads\/2025\/09\/3TACOS.jpg 500w, https:\/\/dimensionturistica.com\/es\/wp-content\/uploads\/2025\/09\/3TACOS-300x195.jpg 300w\" sizes=\"(max-width: 500px) 100vw, 500px\" \/><\/figure>\n<\/figure>\n\n\n\n<p>En M\u00e9xico, septiembre es el mes que sabe a fiesta, uni\u00f3n, tradici\u00f3n y orgullo nacional. No hay mejor manera de celebrarlo que alrededor de la mesa, con amigos y familia compartiendo los sabores que refuerzan nuestra identidad como mexicanos. Este mes patrio, seis grandes chefs rinden homenaje a nuestras tradiciones reinterpretando el taco chilango, ese antojo que nos une y representa en cada rinc\u00f3n del mundo.<\/p>\n\n\n\n<p>Del 15 de agosto al 30 de septiembre, el Festival del Taco en W Mexico City se convierte en el lugar perfecto para festejar con amigos, familia o visitantes, disfrutando de seis creaciones \u00fanicas que ponen en alto la riqueza cultural y gastron\u00f3mica de M\u00e9xico.<\/p>\n\n\n\n<p>&nbsp;Sabor e identidad mexicana<\/p>\n\n\n\n<p>La cocina mexicana, reconocida como Patrimonio Cultural de la Humanidad, nuestro motivo de orgullo y uno de nuestros mayores atractivos del turismo mexicano. Y en el coraz\u00f3n de esta herencia est\u00e1 el taco: vers\u00e1til, igualitario y siempre presente en la vida de los mexicanos.<\/p>\n\n\n\n<figure class=\"wp-block-gallery has-nested-images columns-default is-cropped wp-block-gallery-2 is-layout-flex wp-block-gallery-is-layout-flex\">\n<figure class=\"wp-block-image size-large\"><img decoding=\"async\" width=\"500\" height=\"605\" data-id=\"1040296\" src=\"https:\/\/dimensionturistica.com\/es\/wp-content\/uploads\/2025\/09\/11TACO.jpg\" alt=\"\" class=\"wp-image-1040296\" srcset=\"https:\/\/dimensionturistica.com\/es\/wp-content\/uploads\/2025\/09\/11TACO.jpg 500w, https:\/\/dimensionturistica.com\/es\/wp-content\/uploads\/2025\/09\/11TACO-248x300.jpg 248w\" sizes=\"(max-width: 500px) 100vw, 500px\" \/><\/figure>\n<\/figure>\n\n\n\n<p>En esta primera edici\u00f3n, seis chefs reinterpretan el taco chilango con propuestas que exaltan prote\u00ednas poco valoradas, pero profundamente ligadas al imaginario gastron\u00f3mico de la capital:<\/p>\n\n\n\n<p>Mane Rivera (Tierra Adentro): Taco al pastor de cabeza de lomo<\/p>\n\n\n\n<p>Isa\u00ed Nolasco (B\u00e1rbaro Asador): Taco de milanesa de lengua de res<\/p>\n\n\n\n<p>Jorge Guerra (Grupo Palmares): Taco de suadero de brisket de res<\/p>\n\n\n\n<p>Billy Maldonado (F\u00f3nico): Taco de barbacoa de costilla de pecho de cordero con consom\u00e9<\/p>\n\n\n\n<p>Mariana Guadarrama (Los Panchos): Taco de chamorro de cerdo y chicharr\u00f3n<\/p>\n\n\n\n<p>Mat\u00edas Gallegillo (W Mexico City): Taco de asado de tira con palomitas de molleja<\/p>\n\n\n\n<p>Cada bocado es un tributo a nuestra herencia culinaria, una invitaci\u00f3n a saborear M\u00e9xico en su m\u00e1xima expresi\u00f3n.<\/p>\n\n\n\n<p><strong>Esta gran celebraci\u00f3n en el corazon de la ciudad<\/strong><\/p>\n\n\n\n<p>El Food Truck del W Mexico City se convierte en el punto de encuentro para que locales y visitantes celebren estas fiestas patrias con orgullo, tradici\u00f3n y, sobre todo, con sabor.<\/p>\n\n\n\n<p>\u201cQueremos que en estas fechas todos celebren los sabores que nos unen y nos representan\u201d<\/p>\n\n\n\n<p>\u200bCarlos Fajer, Director de Marketing y Comunicaci\u00f3n de W Mexico City<\/p>\n\n\n\n<p>&nbsp;Este mes patrio, el Festival del Taco te invita a reunirte con tus amigos y disfrutar juntos estas creaciones \u00fanicas, disponibles por tiempo limitado. Encu\u00e9ntralo en el Food Truck del W Mexico City, ubicado en el motor lobby del hotel (Campos El\u00edseos 252, Polanco, CDMX).<\/p>\n\n\n\n<p>\u00bfEst\u00e1s listo para darle un mordisco a la tradici\u00f3n?<\/p>\n","protected":false},"excerpt":{"rendered":"<p>En M\u00e9xico, septiembre es el mes que sabe a fiesta, uni\u00f3n, tradici\u00f3n y orgullo nacional. No hay mejor manera de celebrarlo que alrededor de la mesa, con amigos y familia compartiendo los sabores que refuerzan nuestra identidad como mexicanos. Este mes patrio, seis grandes chefs rinden homenaje a nuestras tradiciones reinterpretando el taco chilango, ese [&hellip;]<\/p>\n","protected":false},"author":1,"featured_media":0,"comment_status":"open","ping_status":"closed","sticky":false,"template":"","format":"standard","meta":{"om_disable_all_campaigns":false,"jnews-multi-image_gallery":[],"jnews_single_post":[],"jnews_primary_category":[],"jnews_social_meta":[],"footnotes":""},"categories":[43],"tags":[],"class_list":["post-1040294","post","type-post","status-publish","format-standard","hentry","category-gourmet"],"_links":{"self":[{"href":"https:\/\/dimensionturistica.com\/es\/wp-json\/wp\/v2\/posts\/1040294","targetHints":{"allow":["GET"]}}],"collection":[{"href":"https:\/\/dimensionturistica.com\/es\/wp-json\/wp\/v2\/posts"}],"about":[{"href":"https:\/\/dimensionturistica.com\/es\/wp-json\/wp\/v2\/types\/post"}],"author":[{"embeddable":true,"href":"https:\/\/dimensionturistica.com\/es\/wp-json\/wp\/v2\/users\/1"}],"replies":[{"embeddable":true,"href":"https:\/\/dimensionturistica.com\/es\/wp-json\/wp\/v2\/comments?post=1040294"}],"version-history":[{"count":0,"href":"https:\/\/dimensionturistica.com\/es\/wp-json\/wp\/v2\/posts\/1040294\/revisions"}],"wp:attachment":[{"href":"https:\/\/dimensionturistica.com\/es\/wp-json\/wp\/v2\/media?parent=1040294"}],"wp:term":[{"taxonomy":"category","embeddable":true,"href":"https:\/\/dimensionturistica.com\/es\/wp-json\/wp\/v2\/categories?post=1040294"},{"taxonomy":"post_tag","embeddable":true,"href":"https:\/\/dimensionturistica.com\/es\/wp-json\/wp\/v2\/tags?post=1040294"}],"curies":[{"name":"wp","href":"https:\/\/api.w.org\/{rel}","templated":true}]}}