{"id":1040251,"date":"2025-09-05T21:29:04","date_gmt":"2025-09-05T21:29:04","guid":{"rendered":"https:\/\/dimensionturistica.com\/es\/?p=1040251"},"modified":"2025-09-05T21:29:04","modified_gmt":"2025-09-05T21:29:04","slug":"mulinelli-se-presenta-en-abastur-2025","status":"publish","type":"post","link":"https:\/\/dimensionturistica.com\/es\/mulinelli-se-presenta-en-abastur-2025\/","title":{"rendered":"Mulinelli se presenta en Abastur 2025"},"content":{"rendered":"\n<p>Recibidos<\/p>\n\n\n\n<figure class=\"wp-block-image\"><img decoding=\"async\" src=\"https:\/\/ssl.gstatic.com\/ui\/v1\/icons\/mail\/profile_mask2.png\" alt=\"\"\/><\/figure>\n\n\n\n<figure class=\"wp-block-table\"><table class=\"has-fixed-layout\"><tbody><tr><td><a href=\"https:\/\/mailchi.mp\/threemonkeys\/artesanos-crea-un-men-salado-que-huele-a-pan-recin-horneado-y-sabe-a-casa-44203?e=a7fe9babe5\" target=\"_blank\" rel=\"noreferrer noopener\">Visualiza este correo electr\u00f3nico en el navegador<\/a><img decoding=\"async\" width=\"520.1999999999999\" height=\"auto\" src=\"https:\/\/ci3.googleusercontent.com\/meips\/ADKq_NYJ9oAjutOEaa1aoZr0st2UONGubv6J0CZ6v4cZapjBjml93QqMevu93-q2HHmXCDgd3slcXh3ZKpkMn_VgGu_IBtY1AGXOnvKWMh8-yAZ4P_EmF3R0M2gh6XiltOQRHHVDBP2EP8LVBrooE6n0AJR6hJmLXwcNNXI=s0-d-e1-ft#https:\/\/mcusercontent.com\/cbe01d1ebf4abf474cb630824\/images\/eac68645-7e80-c663-1650-d583dceeef7a.png\" alt=\"\"><br><\/td><\/tr><\/tbody><\/table><\/figure>\n\n\n\n<p>Mulinelli, la firma de mobiliario de dise\u00f1o italiano que se ha consolidado como un actor distintivo en el sector contract en M\u00e9xico, particip\u00f3 por segundo a\u00f1o consecutivo en Abastur, la feria de hospitalidad m\u00e1s importante de Am\u00e9rica Latina. Con una propuesta m\u00e1s robusta y ambiciosa, esta edici\u00f3n representa un punto de inflexi\u00f3n en la historia de la marca.<\/p>\n\n\n\n<figure class=\"wp-block-gallery has-nested-images columns-default is-cropped wp-block-gallery-1 is-layout-flex wp-block-gallery-is-layout-flex\">\n<figure class=\"wp-block-image size-large\"><img decoding=\"async\" width=\"500\" height=\"750\" data-id=\"1040252\" src=\"https:\/\/dimensionturistica.com\/es\/wp-content\/uploads\/2025\/09\/2HOTEL.jpg\" alt=\"\" class=\"wp-image-1040252\" srcset=\"https:\/\/dimensionturistica.com\/es\/wp-content\/uploads\/2025\/09\/2HOTEL.jpg 500w, https:\/\/dimensionturistica.com\/es\/wp-content\/uploads\/2025\/09\/2HOTEL-200x300.jpg 200w\" sizes=\"(max-width: 500px) 100vw, 500px\" \/><\/figure>\n<\/figure>\n\n\n\n<p>En 2024, Mulinelli debut\u00f3 en Abastur con una colecci\u00f3n de carritos de servicio que funcion\u00f3 como carta de presentaci\u00f3n. Este a\u00f1o, la apuesta se ampli\u00f3 con un espacio cuidadosamente curado dedicado al mobiliario de exterior de HiGold, con dise\u00f1o de Pininfarina, uno de los estudios m\u00e1s prestigiosos del mundo, reconocido por sus colaboraciones con Ferrari.<\/p>\n\n\n\n<p>El stand exhibi\u00f3 piezas seleccionadas tanto de uso exterior como interior, adem\u00e1s de un cat\u00e1logo completo y materiales digitales para conocer m\u00e1s de la amplia gama de posibilidades que ofrece la marca. Como parte de la experiencia, la marca llev\u00f3 la hospitalidad m\u00e1s all\u00e1 del mobiliario con un happy hour exclusivo abierto a todo el p\u00fablico de Abastur.<\/p>\n\n\n\n<p><\/p>\n\n\n\n<p>La participaci\u00f3n de Mulinelli en este evento busca consolidar su liderazgo en el sector B2B dentro del ecosistema de hospitalidad. Su p\u00fablico estrat\u00e9gico son hoteles, restaurantes, interioristas, despachos integradores y desarrolladores, con quienes busca establecer relaciones comerciales s\u00f3lidas y de largo plazo.<\/p>\n\n\n\n<figure class=\"wp-block-gallery has-nested-images columns-default is-cropped wp-block-gallery-2 is-layout-flex wp-block-gallery-is-layout-flex\">\n<figure class=\"wp-block-image size-large\"><img decoding=\"async\" width=\"500\" height=\"333\" data-id=\"1040253\" src=\"https:\/\/dimensionturistica.com\/es\/wp-content\/uploads\/2025\/09\/3HOTEL.jpg\" alt=\"\" class=\"wp-image-1040253\" srcset=\"https:\/\/dimensionturistica.com\/es\/wp-content\/uploads\/2025\/09\/3HOTEL.jpg 500w, https:\/\/dimensionturistica.com\/es\/wp-content\/uploads\/2025\/09\/3HOTEL-300x200.jpg 300w\" sizes=\"(max-width: 500px) 100vw, 500px\" \/><\/figure>\n<\/figure>\n\n\n\n<p>A diferencia de otras marcas, Mulinelli se distingue por ofrecer dise\u00f1o europeo con calidad garantizada y stock disponible en M\u00e9xico para entregas inmediatas. Este modelo elimina los tiempos de espera prolongados y los costos elevados que suelen acompa\u00f1ar a las marcas internacionales, garantizando procesos de compra simples, \u00e1giles y transparentes.<\/p>\n\n\n\n<figure class=\"wp-block-gallery has-nested-images columns-default is-cropped wp-block-gallery-3 is-layout-flex wp-block-gallery-is-layout-flex\">\n<figure class=\"wp-block-image size-large\"><img decoding=\"async\" width=\"500\" height=\"750\" data-id=\"1040254\" src=\"https:\/\/dimensionturistica.com\/es\/wp-content\/uploads\/2025\/09\/6HOTEL.jpg\" alt=\"\" class=\"wp-image-1040254\" srcset=\"https:\/\/dimensionturistica.com\/es\/wp-content\/uploads\/2025\/09\/6HOTEL.jpg 500w, https:\/\/dimensionturistica.com\/es\/wp-content\/uploads\/2025\/09\/6HOTEL-200x300.jpg 200w\" sizes=\"(max-width: 500px) 100vw, 500px\" \/><\/figure>\n<\/figure>\n\n\n\n<p>Consciente de los retos que enfrenta el mercado mexicano (altos aranceles, procesos log\u00edsticos complejos y un consumidor cada vez m\u00e1s exigente), Mulinelli ha creado una propuesta honesta y contempor\u00e1nea que combina curadur\u00eda rigurosa, est\u00e9tica atemporal y eficiencia operativa. As\u00ed, entrega piezas que responden a las verdaderas necesidades del sector, posicionando su participaci\u00f3n en Abastur 2025 como un manifiesto de dise\u00f1o, inteligencia comercial y belleza funcional.&nbsp;El stand de Mulinelli fue un espacio de respiro dentro del dinamismo de la feria: un lugar para descubrir dise\u00f1o de clase mundial, conversar sobre proyectos, compartir un buen momento y abrir la puerta a nuevas colaboraciones.<\/p>\n","protected":false},"excerpt":{"rendered":"<p>Recibidos Visualiza este correo electr\u00f3nico en el navegador Mulinelli, la firma de mobiliario de dise\u00f1o italiano que se ha consolidado como un actor distintivo en el sector contract en M\u00e9xico, particip\u00f3 por segundo a\u00f1o consecutivo en Abastur, la feria de hospitalidad m\u00e1s importante de Am\u00e9rica Latina. Con una propuesta m\u00e1s robusta y ambiciosa, esta edici\u00f3n [&hellip;]<\/p>\n","protected":false},"author":1,"featured_media":0,"comment_status":"open","ping_status":"closed","sticky":false,"template":"","format":"standard","meta":{"om_disable_all_campaigns":false,"jnews-multi-image_gallery":[],"jnews_single_post":[],"jnews_primary_category":[],"jnews_social_meta":[],"footnotes":""},"categories":[39],"tags":[],"class_list":["post-1040251","post","type-post","status-publish","format-standard","hentry","category-viajes"],"_links":{"self":[{"href":"https:\/\/dimensionturistica.com\/es\/wp-json\/wp\/v2\/posts\/1040251","targetHints":{"allow":["GET"]}}],"collection":[{"href":"https:\/\/dimensionturistica.com\/es\/wp-json\/wp\/v2\/posts"}],"about":[{"href":"https:\/\/dimensionturistica.com\/es\/wp-json\/wp\/v2\/types\/post"}],"author":[{"embeddable":true,"href":"https:\/\/dimensionturistica.com\/es\/wp-json\/wp\/v2\/users\/1"}],"replies":[{"embeddable":true,"href":"https:\/\/dimensionturistica.com\/es\/wp-json\/wp\/v2\/comments?post=1040251"}],"version-history":[{"count":0,"href":"https:\/\/dimensionturistica.com\/es\/wp-json\/wp\/v2\/posts\/1040251\/revisions"}],"wp:attachment":[{"href":"https:\/\/dimensionturistica.com\/es\/wp-json\/wp\/v2\/media?parent=1040251"}],"wp:term":[{"taxonomy":"category","embeddable":true,"href":"https:\/\/dimensionturistica.com\/es\/wp-json\/wp\/v2\/categories?post=1040251"},{"taxonomy":"post_tag","embeddable":true,"href":"https:\/\/dimensionturistica.com\/es\/wp-json\/wp\/v2\/tags?post=1040251"}],"curies":[{"name":"wp","href":"https:\/\/api.w.org\/{rel}","templated":true}]}}