{"id":104002,"date":"2021-03-29T14:05:13","date_gmt":"2021-03-29T14:05:13","guid":{"rendered":"https:\/\/dimensionturistica.com\/es\/?p=104002"},"modified":"2021-03-29T14:05:13","modified_gmt":"2021-03-29T14:05:13","slug":"osos-pardos-y-secuoyas-gigantes-planes-para-disfrutar-de-cantabria-en-semana-santa","status":"publish","type":"post","link":"https:\/\/dimensionturistica.com\/es\/osos-pardos-y-secuoyas-gigantes-planes-para-disfrutar-de-cantabria-en-semana-santa\/","title":{"rendered":"Osos pardos y secuoyas gigantes, planes para disfrutar de Cantabria en Semana Santa"},"content":{"rendered":"<p> <br \/>\n<\/p>\n<div id=\"main-container\">\n<div class=\"main-article-container \">\n<article class=\"article-default\">\n<aside class=\"top-ad-board-container\">\n<aside class=\"top-ad-module  hidden-ad\"><span class=\"content-ad visible-md mega-container  hidden-ad\"><span class=\"ad-unit mega\"><\/p>\n<p>                <\/span><\/span><\/aside>\n<\/aside>\n<div class=\"container\" style=\"position:relative\">\n<div class=\"row\">\n<header class=\"article-top-header col-12\">\n<div class=\"article-top\">\n<p><h2 class=\"epigraph\">\u00bfQu\u00e9 se puede hacer en Semana Santa en Cantabria? Descubre las mejores rutas por tu comunidad para disfrutar de los d\u00edas festivos.<\/h2>\n<\/p>\n<div class=\"article-media-main\">\n<figure class=\"composite-image image-container \" data-gtm-element-container=\"button-gallery\"><picture class=\"nolazy\"><source srcset=\"https:\/\/www.lavanguardia.com\/files\/image_948_465\/uploads\/2021\/03\/29\/6061daae6bde3.jpeg\" media=\"(min-width: 638px)\"><source srcset=\"https:\/\/www.lavanguardia.com\/files\/image_607_298\/uploads\/2021\/03\/29\/6061daae6bde3.jpeg\" media=\"(min-width: 480px)\"><img decoding=\"async\" src=\"https:\/\/www.lavanguardia.com\/files\/image_449_220\/uploads\/2021\/03\/29\/6061daae6bde3.jpeg\" data-full-src=\"https:\/\/www.lavanguardia.com\/uploads\/2021\/03\/29\/6061daae6bde3.jpeg\" alt=\"Osos pardos en Cantabria\" class=\"nolazy\"\/><\/source><\/source><\/picture><figcaption class=\"figure-caption\">\n<p class=\"caption-title \">Osos pardos en Cantabria<\/p>\n<\/figcaption><\/figure>\n<\/div><\/div>\n<\/header>\n<div class=\"article-content col-12 col-md-8\">\n<div class=\"article-info\">\n<div class=\"author-date-content\">\n<div class=\"author-date-time\">\n<p>\n            <time datetime=\"2021-03-29T15:53:30+02:00\" class=\"created\">29\/03\/2021 15:53<\/time><time datetime=\"2021-03-29T15:58:24+02:00\" class=\"modified\">Actualizado a  29\/03\/2021 15:58<\/time>\n<\/p>\n<\/p><\/div>\n<\/div><\/div>\n<div class=\"article-modules\">\n<p data-gtm-element-container=\"modulo-texto-link\" class=\"paragraph\">La movilidad en Semana Santa (al igual que pas\u00f3 en puente de San Jos\u00e9) queda restringida por comunidades aut\u00f3nomas. A pesar de ello, podr\u00e1s planear, visitar y viajar dentro de los l\u00edmites de tu comunidad. Descubre qu\u00e9 hacer en Cantabria en los d\u00edas festivos de las Pascuas y todas las preguntas y respuestas a tus dudas sobre viajes, qu\u00e9 visitar y ver dentro de los l\u00edmites permitidos.<\/p>\n<p><span class=\"content-free-html  \"><br \/>\n<span class=\"content-information content-list myesiutil\"><\/p>\n<figure class=\"image-container\">\n<picture>\n<img decoding=\"async\" src=\"https:\/\/www.lavanguardia.com\/files\/image_948_465\/files\/fp\/uploads\/2021\/02\/04\/601c1d97b8383.r_d.1847-1665-2599.jpeg\" data-full-src=\"https:\/\/www.lavanguardia.com\/files\/image_948_465\/files\/fp\/uploads\/2021\/02\/04\/601c1d97b8383.r_d.1847-1665-2599.jpeg\" alt=\"El desfiladero m\u00e1s largo de Espa\u00f1a est\u00e1 en Cantabria\" class=\"lazy\"\/>\n<\/picture>\n<span class=\"list-no\"><br \/>\n<span>1<\/span><br \/>\n<\/span><br \/>\n<\/figure>\n<p><span class=\"module-details\"><\/p>\n<h3 class=\"module-supra-title\">\n<a rel=\"nofollow noopener\" target=\"_blank\" href=\"https:\/\/www.lavanguardia.com\/ocio\/viajes\/20210208\/6223484\/la-hermida-cantabria-desfiladero-mas-largo-espana.html\">El desfiladero m\u00e1s largo de Espa\u00f1a est\u00e1 en Cantabria<\/a><br \/>\n<\/h3>\n<p class=\"module-text\">\nAntes de que el cristianismo llegara a Cantabria, sus pobladores ya hab\u00edan bautizado a uno de sus r\u00edos principales con el nombre de la divinidad celta Deva, cuidadora de las aguas. Ese curso fluvial ha sido paciente y tenaz para forjar, a lo largo de millones de a\u00f1os, un congosto impresionante que es el desfiladero m\u00e1s largo de Espa\u00f1a, el de la Hermida, con 21 kil\u00f3metros de recorrido. <a rel=\"nofollow noopener\" target=\"_blank\" href=\"https:\/\/www.lavanguardia.com\/ocio\/viajes\/20210208\/6223484\/la-hermida-cantabria-desfiladero-mas-largo-espana.html\" title=\"El desfiladero m\u00e1s largo de Espa\u00f1a est\u00e1 en Cantabria\">Leer m\u00e1s<\/a>\n<\/p>\n<p><\/span><br \/>\n<\/span><br \/>\n<span class=\"content-information content-list myesiutil\"><\/p>\n<figure class=\"image-container\">\n<picture>\n<img decoding=\"async\" src=\"https:\/\/www.lavanguardia.com\/r\/GODO\/LV\/p7\/WebSite\/2020\/10\/14\/Recortada\/img_mbigas_20200604-130339_imagenes_lv_terceros_covadonga2-kEqE-U484082194449hrH-992x558@LaVanguardia-Web.jpg\" data-full-src=\"https:\/\/www.lavanguardia.com\/r\/GODO\/LV\/p7\/WebSite\/2020\/10\/14\/Recortada\/img_mbigas_20200604-130339_imagenes_lv_terceros_covadonga2-kEqE-U484082194449hrH-992x558@LaVanguardia-Web.jpg\" alt=\"Picos de Europa: ruta en coche desde la costa c\u00e1ntabra\" class=\"lazy\"\/>\n<\/picture>\n<span class=\"list-no\"><br \/>\n<span>2<\/span><br \/>\n<\/span><br \/>\n<\/figure>\n<p><span class=\"module-details\"><\/p>\n<h3 class=\"module-supra-title\">\n<a rel=\"nofollow noopener\" target=\"_blank\" href=\"https:\/\/www.lavanguardia.com\/ocio\/viajes\/20201016\/484082194449\/picos-de-europa-ruta-coche-costa-cantabra.html\">Picos de Europa: ruta en coche desde la costa c\u00e1ntabra<\/a><br \/>\n<\/h3>\n<p class=\"module-text\">\nHay una teor\u00eda que defiende que los Picos de Europa recibieron este nombre de los antiguos marinos que llegaban navegando desde el Nuevo Mundo y esas monta\u00f1as imponentes eran lo primero que oteaban en el horizonte europeo. Y lo cierto es que su escasa distancia de la costa \u2013unos 30 kil\u00f3metros \u2013 convierten al parque nacional Picos de Europa en una de las mejores reservas mundiales de los ecosistemas ligados al bosque atl\u00e1ntico e incluye la mayor formaci\u00f3n caliza de la Europa atl\u00e1ntica. <a rel=\"nofollow noopener\" target=\"_blank\" href=\"https:\/\/www.lavanguardia.com\/ocio\/viajes\/20201016\/484082194449\/picos-de-europa-ruta-coche-costa-cantabra.html\" title=\"Picos de Europa: ruta en coche desde la costa c\u00e1ntabra\">Leer m\u00e1s<\/a>\n<\/p>\n<p><\/span><br \/>\n<\/span><br \/>\n<span class=\"content-information content-list myesiutil\"><\/p>\n<figure class=\"image-container\">\n<picture>\n<img decoding=\"async\" src=\"https:\/\/www.lavanguardia.com\/r\/GODO\/LV\/p7\/WebSite\/2020\/08\/27\/Recortada\/img_lbernaus_20200827-133041_imagenes_lv_terceros_istock-1163691467-kvfH-U483109873577c6D-992x558@LaVanguardia-Web.jpg\" data-full-src=\"https:\/\/www.lavanguardia.com\/r\/GODO\/LV\/p7\/WebSite\/2020\/08\/27\/Recortada\/img_lbernaus_20200827-133041_imagenes_lv_terceros_istock-1163691467-kvfH-U483109873577c6D-992x558@LaVanguardia-Web.jpg\" alt=\"Recorrer el norte de Espa\u00f1a para observar osos pardos en libertad\" class=\"lazy\"\/>\n<\/picture>\n<span class=\"list-no\"><br \/>\n<span>3<\/span><br \/>\n<\/span><br \/>\n<\/figure>\n<p><span class=\"module-details\"><\/p>\n<h3 class=\"module-supra-title\">\n<a rel=\"nofollow noopener\" target=\"_blank\" href=\"https:\/\/www.lavanguardia.com\/ocio\/viajes\/20200828\/483109873577\/avistamiento-osos-espana-cantabria-asturias-pirineos.html\">Recorrer el norte de Espa\u00f1a para observar osos pardos en libertad<\/a><br \/>\n<\/h3>\n<p class=\"module-text\">\nLa observaci\u00f3n de animales en estado salvaje como actividad tur\u00edstica no tiene por qu\u00e9 ser perjudicial. Al rev\u00e9s. Muchas veces puede acabar siendo la salvaci\u00f3n de una especie. Seg\u00fan la World Tourism Group, solo en el continente africano la venta de entradas a safaris supone 168 millones de euros al a\u00f1o. En el caso del avistamiento de las ballenas, por ejemplo, los beneficios obtenidos por el turismo resultaron decisivos para su conservaci\u00f3n. <a rel=\"nofollow noopener\" target=\"_blank\" href=\"https:\/\/www.lavanguardia.com\/ocio\/viajes\/20200828\/483109873577\/avistamiento-osos-espana-cantabria-asturias-pirineos.html\" title=\"Recorrer el norte de Espa\u00f1a para observar osos pardos en libertad\">Leer m\u00e1s<\/a>\n<\/p>\n<p><\/span><br \/>\n<\/span><br \/>\n<span class=\"content-information content-list myesiutil\"><\/p>\n<figure class=\"image-container\">\n<picture>\n<img decoding=\"async\" src=\"https:\/\/www.lavanguardia.com\/r\/GODO\/LV\/p7\/WebSite\/2020\/07\/10\/Recortada\/img_lbernaus_20200710-131457_imagenes_lv_terceros_altamira-barlang_belseje_nyilvanos_kamra-kuCG-U48220632689723C-992x558@LaVanguardia-Web.jpg\" data-full-src=\"https:\/\/www.lavanguardia.com\/r\/GODO\/LV\/p7\/WebSite\/2020\/07\/10\/Recortada\/img_lbernaus_20200710-131457_imagenes_lv_terceros_altamira-barlang_belseje_nyilvanos_kamra-kuCG-U48220632689723C-992x558@LaVanguardia-Web.jpg\" alt=\"Bisontes y renos se guarecen en las entra\u00f1as de Cantabria\" class=\"lazy\"\/>\n<\/picture>\n<span class=\"list-no\"><br \/>\n<span>4<\/span><br \/>\n<\/span><br \/>\n<\/figure>\n<p><span class=\"module-details\"><\/p>\n<h3 class=\"module-supra-title\">\n<a rel=\"nofollow noopener\" target=\"_blank\" href=\"https:\/\/www.lavanguardia.com\/ocio\/viajes\/20200712\/482206326897\/cantabria-arte-rupestre-diez-cuevas-patrimonio-humanidad.html\">Bisontes y renos se guarecen en las entra\u00f1as de Cantabria<\/a><br \/>\n<\/h3>\n<p class=\"module-text\">\nTiempo atr\u00e1s hizo fr\u00edo en Cantabria . Un fr\u00edo que pelaba. No hablo de un invierno un poco m\u00e1s fresquito de lo routine, sino de un descenso tremendo de las temperaturas. Glaciares y nieves perpetuas se adue\u00f1aron de todos los continentes, mientras que buena parte de los mares se congelaron. Ese per\u00edodo clim\u00e1tico se conoce como glaciaci\u00f3n de W\u00fcrm, empez\u00f3 hace unos 110.000 a\u00f1os y acab\u00f3 hace 12.000; dur\u00f3 casi cien mil a\u00f1os, una terror\u00edfica eternidad. <a rel=\"nofollow noopener\" target=\"_blank\" href=\"https:\/\/www.lavanguardia.com\/ocio\/viajes\/20200712\/482206326897\/cantabria-arte-rupestre-diez-cuevas-patrimonio-humanidad.html\" title=\"Bisontes y renos se guarecen en las entra\u00f1as de Cantabria\">Leer m\u00e1s<\/a>\n<\/p>\n<p><\/span><br \/>\n<\/span><br \/>\n<span class=\"content-information content-list myesiutil\"><\/p>\n<figure class=\"image-container\">\n<picture>\n<img decoding=\"async\" src=\"https:\/\/www.lavanguardia.com\/r\/GODO\/LV\/p7\/WebSite\/2020\/02\/21\/Recortada\/img_lbernaus_20200221-151942_imagenes_lv_terceros_istock-626098120-koLC-U473679462864ix-992x558@LaVanguardia-Web.jpg\" data-full-src=\"https:\/\/www.lavanguardia.com\/r\/GODO\/LV\/p7\/WebSite\/2020\/02\/21\/Recortada\/img_lbernaus_20200221-151942_imagenes_lv_terceros_istock-626098120-koLC-U473679462864ix-992x558@LaVanguardia-Web.jpg\" alt=\"El tiempo detenido en el c\u00e1ntabro valle del Pas\" class=\"lazy\"\/>\n<\/picture>\n<span class=\"list-no\"><br \/>\n<span>5<\/span><br \/>\n<\/span><br \/>\n<\/figure>\n<p><span class=\"module-details\"><\/p>\n<h3 class=\"module-supra-title\">\n<a rel=\"nofollow noopener\" target=\"_blank\" href=\"https:\/\/www.lavanguardia.com\/ocio\/viajes\/20200224\/473679462864\/valle-de-pas-menos-turismo-cantabria-valles-pasiegos.html\">El tiempo detenido en el c\u00e1ntabro valle del Pas<\/a><br \/>\n<\/h3>\n<p class=\"module-text\">\nEl r\u00edo Pas es la columna vertebral de una de las comarcas tur\u00edsticamente menos desarrolladas de Cantabria : los Valles Pasiegos. Un paisaje verde casi hasta la terquedad; los campos de cultivo separados por muros de piedra que remiten a la campi\u00f1a inglesa; las caba\u00f1as de los originales pastores trashumantes; y unos pueblos donde parece no haber llegado el fragor del siglo XXI. <a rel=\"nofollow noopener\" target=\"_blank\" href=\"https:\/\/www.lavanguardia.com\/ocio\/viajes\/20200224\/473679462864\/valle-de-pas-menos-turismo-cantabria-valles-pasiegos.html\" title=\"El tiempo detenido en el c\u00e1ntabro valle del Pas\">Leer m\u00e1s<\/a>\n<\/p>\n<p><\/span><br \/>\n<\/span><br \/>\n<span class=\"content-information content-list myesiutil\"><\/p>\n<figure class=\"image-container\">\n<picture>\n<img decoding=\"async\" src=\"https:\/\/www.lavanguardia.com\/r\/GODO\/LV\/p6\/WebSite\/2019\/12\/27\/Recortada\/img_mbigas_20191227-121303_imagenes_lv_terceros_cabezon-kDVE-U472540138528yVD-992x558@LaVanguardia-Web.jpg\" data-full-src=\"https:\/\/www.lavanguardia.com\/r\/GODO\/LV\/p6\/WebSite\/2019\/12\/27\/Recortada\/img_mbigas_20191227-121303_imagenes_lv_terceros_cabezon-kDVE-U472540138528yVD-992x558@LaVanguardia-Web.jpg\" alt=\"El bosque de secuoyas gigantes de Cantabria\" class=\"lazy\"\/>\n<\/picture>\n<span class=\"list-no\"><br \/>\n<span>6<\/span><br \/>\n<\/span><br \/>\n<\/figure>\n<p><span class=\"module-details\"><\/p>\n<h3 class=\"module-supra-title\">\n<a rel=\"nofollow noopener\" target=\"_blank\" href=\"https:\/\/www.lavanguardia.com\/ocio\/viajes\/20191230\/472540138528\/bosque-secuoyas-gigantes-cantabria.html\">El bosque de secuoyas gigantes de Cantabria<\/a><br \/>\n<\/h3>\n<p class=\"module-text\">\nUn fracaso empresarial puede proporcionar un paisaje magn\u00edfico y ex\u00f3tico. Es el caso que se produjo en Cabez\u00f3n de la Sal (Cantabria), hace ahora ocho d\u00e9cadas. El franquismo daba sus primeros pasos tras la guerra y contaba con autoabastecerse de madera, vista la situaci\u00f3n geopol\u00edtica de Europa \u2013 empezaba la Segunda Guerra Mundial \u2013 y las limitadas posibilidades de compra en el extranjero. <a rel=\"nofollow noopener\" target=\"_blank\" href=\"https:\/\/www.lavanguardia.com\/ocio\/viajes\/20191230\/472540138528\/bosque-secuoyas-gigantes-cantabria.html\" title=\"El bosque de secuoyas gigantes de Cantabria\">Leer m\u00e1s<\/a>\n<\/p>\n<p><\/span><br \/>\n<\/span><br \/>\n<span class=\"content-information content-list myesiutil\"><\/p>\n<figure class=\"image-container\">\n<picture>\n<img decoding=\"async\" src=\"https:\/\/www.lavanguardia.com\/r\/GODO\/LV\/p7\/WebSite\/2020\/01\/16\/Recortada\/img_mbigas_20200116-102305_imagenes_lv_terceros_capricho-kvkG-U472919597730wdF-992x558@LaVanguardia-Web.jpg\" data-full-src=\"https:\/\/www.lavanguardia.com\/r\/GODO\/LV\/p7\/WebSite\/2020\/01\/16\/Recortada\/img_mbigas_20200116-102305_imagenes_lv_terceros_capricho-kvkG-U472919597730wdF-992x558@LaVanguardia-Web.jpg\" alt=\"Historias de negreros, braguetazos y arquitectos catalanes en Comillas\" class=\"lazy\"\/>\n<\/picture>\n<span class=\"list-no\"><br \/>\n<span>7<\/span><br \/>\n<\/span><br \/>\n<\/figure>\n<p><span class=\"module-details\"><\/p>\n<h3 class=\"module-supra-title\">\n<a rel=\"nofollow noopener\" target=\"_blank\" href=\"https:\/\/www.lavanguardia.com\/ocio\/viajes\/20200119\/472919597730\/comillas-arquitectura-catalana-antonio-lopez-gaudi.html\">Historias de negreros, braguetazos y arquitectos catalanes en Comillas<\/a><br \/>\n<\/h3>\n<p class=\"module-text\">\nColosos empresariales, visionarios, capitanes de la industria&#8230; Ustedes han o\u00eddo hablar sobre tipos emprendedores y ambiciosos que levantaron grandes imperios de la nada. Antonio L\u00f3pez y L\u00f3pez (1817-1883), hijo de lavandera, fue uno de los m\u00e1s admirados en su tiempo. Naci\u00f3 en la villa c\u00e1ntabra de Comillas , puerto ballenero, de donde debi\u00f3 huir a Cuba con solo catorce a\u00f1os, perseguido por la Justicia tras una reyerta callejera. El mocoso se las tra\u00eda. <a rel=\"nofollow noopener\" target=\"_blank\" href=\"https:\/\/www.lavanguardia.com\/ocio\/viajes\/20200119\/472919597730\/comillas-arquitectura-catalana-antonio-lopez-gaudi.html\" title=\"Historias de negreros, braguetazos y arquitectos catalanes en Comillas\">Leer m\u00e1s<\/a>\n<\/p>\n<p><\/span><br \/>\n<\/span><br \/>\n<span class=\"content-information content-list myesiutil\"><\/p>\n<figure class=\"image-container\">\n<picture>\n<img decoding=\"async\" src=\"https:\/\/www.lavanguardia.com\/r\/GODO\/LV\/p5\/WebSite\/2018\/07\/17\/Recortada\/img_melies_20180717-145933_imagenes_lv_terceros_surf-kLVC-U45950065345VLD-992x558@LaVanguardia-Web.JPG\" data-full-src=\"https:\/\/www.lavanguardia.com\/r\/GODO\/LV\/p5\/WebSite\/2018\/07\/17\/Recortada\/img_melies_20180717-145933_imagenes_lv_terceros_surf-kLVC-U45950065345VLD-992x558@LaVanguardia-Web.JPG\" alt=\"Somo, para\u00edso del surf: 300 d\u00edas de olas y atardeceres de infarto\" class=\"lazy\"\/>\n<\/picture>\n<span class=\"list-no\"><br \/>\n<span>8<\/span><br \/>\n<\/span><br \/>\n<\/figure>\n<p><span class=\"module-details\"><\/p>\n<h3 class=\"module-supra-title\">\n<a rel=\"nofollow noopener\" target=\"_blank\" href=\"https:\/\/www.lavanguardia.com\/ocio\/viajes\/20180718\/45950065345\/surf-somo-playa-santander.html\">Somo, para\u00edso del surf: 300 d\u00edas de olas y atardeceres de infarto<\/a><br \/>\n<\/h3>\n<p class=\"module-text\">\nUna lengua kilom\u00e9trica de area fina perfila sus costas, ba\u00f1adas por el mar Cant\u00e1brico. Al otro lado de la bah\u00eda de Santander, el palacio de la Magdalena se erige imponente, vigilando a los surfistas que se ponen a merced de las olas, con respeto y pasi\u00f3n a partes iguales por un Atl\u00e1ntico que nunca duerme. Las agujas del reloj avanzan y las mareas dejan tras ellas r\u00edas llenas o a\u00fan m\u00e1s metros de playa al desnudo. Y al atardecer, el sol ti\u00f1e el cielo de un intenso naranja rosado con sus \u00faltimos rayos, dejando una estampa para el recuerdo. As\u00ed es la playa de Somo. <a rel=\"nofollow noopener\" target=\"_blank\" href=\"https:\/\/www.lavanguardia.com\/ocio\/viajes\/20180718\/45950065345\/surf-somo-playa-santander.html\" title=\"Somo, para\u00edso del surf: 300 d\u00edas de olas y atardeceres de infarto\">Leer m\u00e1s<\/a>\n<\/p>\n<p><\/span><br \/>\n<\/span><br \/>\n<span class=\"content-information content-list myesiutil\"><\/p>\n<figure class=\"image-container\">\n<picture>\n<img decoding=\"async\" src=\"https:\/\/www.lavanguardia.com\/r\/GODO\/LV\/p6\/WebSite\/2019\/05\/31\/Recortada\/img_lbernaus_20190531-134913_imagenes_lv_terceros_santa_maria_de_liebana-ki2H-U4625805581310hF-992x558@LaVanguardia-Web.jpg\" data-full-src=\"https:\/\/www.lavanguardia.com\/r\/GODO\/LV\/p6\/WebSite\/2019\/05\/31\/Recortada\/img_lbernaus_20190531-134913_imagenes_lv_terceros_santa_maria_de_liebana-ki2H-U4625805581310hF-992x558@LaVanguardia-Web.jpg\" alt=\"Santa Mar\u00eda de Lebe\u00f1a, una joya medieval codiciada por el hampa\" class=\"lazy\"\/>\n<\/picture>\n<span class=\"list-no\"><br \/>\n<span>9<\/span><br \/>\n<\/span><br \/>\n<\/figure>\n<p><span class=\"module-details\"><\/p>\n<h3 class=\"module-supra-title\">\n<a rel=\"nofollow noopener\" target=\"_blank\" href=\"https:\/\/www.lavanguardia.com\/ocio\/viajes\/20190602\/462580558131\/santa-maria-de-lebena-liebana-cantabria-robo-talla-vierten-de-la-buena-leche.html\">Santa Mar\u00eda de Lebe\u00f1a, una joya medieval codiciada por el hampa<\/a><br \/>\n<\/h3>\n<p class=\"module-text\">\nEstoy un poco sorprendido: esperaba un quisquilloso management de seguridad, como en los grandes museos, pero no hay nada de eso. En realidad no hay casi nadie. Visitar\u00e9 el monumento prerrom\u00e1nico m\u00e1s importante de Cantabria a mis anchas. Adem\u00e1s presentar\u00e9 mis respetos a la Virgen de la Buena Leche, una talla en madera policromada del siglo XV. Me hace mucha ilusi\u00f3n porque la di por perdida: unos ladrones la robaron en 1993, no se supo de ella durante ocho largu\u00edsimos a\u00f1os. La Guardia Civil la restituy\u00f3 felizmente en 2001. <a rel=\"nofollow noopener\" target=\"_blank\" href=\"https:\/\/www.lavanguardia.com\/ocio\/viajes\/20190602\/462580558131\/santa-maria-de-lebena-liebana-cantabria-robo-talla-vierten-de-la-buena-leche.html\" title=\"Santa Mar\u00eda de Lebe\u00f1a, una joya medieval codiciada por el hampa\">Leer m\u00e1s<\/a>\n<\/p>\n<p><\/span><br \/>\n<\/span><br \/>\n<span class=\"content-information content-list myesiutil\"><\/p>\n<figure class=\"image-container\">\n<picture>\n<img decoding=\"async\" src=\"http:\/\/www.lavanguardia.com\/r\/GODO\/LV\/p5\/WebSite\/2018\/06\/18\/Recortada\/img_lbernaus_20180622-094234_imagenes_lv_terceros_istock-467019749-kp3B-U45218100457INE-992x558@LaVanguardia-Web.jpg\" data-full-src=\"http:\/\/www.lavanguardia.com\/r\/GODO\/LV\/p5\/WebSite\/2018\/06\/18\/Recortada\/img_lbernaus_20180622-094234_imagenes_lv_terceros_istock-467019749-kp3B-U45218100457INE-992x558@LaVanguardia-Web.jpg\" alt=\"Santillana del Mar, injustamente embustera\" class=\"lazy\"\/>\n<\/picture>\n<span class=\"list-no\"><br \/>\n<span>10<\/span><br \/>\n<\/span><br \/>\n<\/figure>\n<p><span class=\"module-details\"><\/p>\n<h3 class=\"module-supra-title\">\n<a rel=\"nofollow noopener\" target=\"_blank\" href=\"http:\/\/www.lavanguardia.com\/ocio\/viajes\/20180624\/45218100457\/santillana-del-mar-pueblos-encanto-que-ver.html\">Santillana del Mar, injustamente embustera<\/a><br \/>\n<\/h3>\n<p class=\"module-text\">\nTiene fama de embustera contumaz, pero es un malentendido. La maledicencia tacha de tres veces mentirosa a Santillana del Mar porque no es \u2018santa\u2019, ni \u2018llana\u2019 ni siquiera \u2018tiene mar\u2019. Empecemos por el remaining: es verdad que no se encuentra a orillas del Cant\u00e1brico, pero est\u00e1 a un tiro de piedra. De hecho, el municipio tiene playas deliciosas, como las de Santa Justa o Ubiarco. Lo dem\u00e1s es una jugarreta de la etimolog\u00eda, ya que el top\u00f3nimo \u2018Santillana\u2019 deriva en realidad de Santa Juliana, la m\u00e1rtir de Nicomedia cuyas reliquias se conservan en la colegiata native. <a rel=\"nofollow noopener\" target=\"_blank\" href=\"http:\/\/www.lavanguardia.com\/ocio\/viajes\/20180624\/45218100457\/santillana-del-mar-pueblos-encanto-que-ver.html\" title=\"Santillana del Mar, injustamente embustera\">Leer m\u00e1s<\/a>\n<\/p>\n<p><\/span><br \/>\n<\/span><br \/>\n<\/span><span class=\"content-ad-module  hidden-ad hidden-ad\"><\/p>\n<p><span class=\"content-ad visible-xs roba-container  hidden-ad\"><span class=\"ad-unit roba\"><\/p>\n<p>                <\/span><\/span><span class=\"content-ad visible-md irr-container  hidden-ad\"><span class=\"ad-unit irr\"><\/p>\n<p>                <\/span><\/span><span class=\"content-html\"><span class=\"intext-md hidden-xs hidden-md\"\/><\/span><\/span>\n<\/div>\n<aside class=\"board-article-outbrain \" data-gtm-element-container=\"modulo-outbrain-paid\"\/>\n<\/div>\n<aside class=\"article-sidebar col-12 col-md-4\"\/>\n<\/div><\/div>\n<\/article>\n<\/div>\n<p>Cargando siguiente contenido&#8230;<\/p>\n<\/p><\/div>\n<p><script type=\"script\/gg\">\ngg.didomi.doWhenConsent(!window.didomiBypass, 'c:facebooka-frU9M5JY', function () {\n!function(f,b,e,v,n,t,s)\n{if(f.fbq)return;n=f.fbq=function(){n.callMethod?\nn.callMethod.apply(n,arguments):n.queue.push(arguments)};\nif(!f._fbq)f._fbq=n;n.push=n;n.loaded=!0;n.version='2.0';\nn.queue=[];t=b.createElement(e);t.async=!0;\nt.src=v;s=b.getElementsByTagName(e)[0];\ns.parentNode.insertBefore(t,s)}(window, document,'script',\n'https:\/\/connect.facebook.net\/en_US\/fbevents.js');\nfbq('init', '161843274362284');\nfbq('track', 'PageView');\n});\n<\/script><br \/>\n<br \/><\/p>\n<p><em> &#8221; Fuentes www.lavanguardia.com &#8221; <\/em><\/p>\n","protected":false},"excerpt":{"rendered":"<p>\u00bfQu\u00e9 se puede hacer en Semana Santa en Cantabria? Descubre las mejores rutas por tu comunidad para disfrutar de los d\u00edas festivos. Osos pardos en Cantabria 29\/03\/2021 15:53Actualizado a 29\/03\/2021 15:58 La movilidad en Semana Santa (al igual que pas\u00f3 en puente de San Jos\u00e9) queda restringida por comunidades aut\u00f3nomas. A pesar de ello, podr\u00e1s [&hellip;]<\/p>\n","protected":false},"author":4,"featured_media":104003,"comment_status":"open","ping_status":"closed","sticky":false,"template":"","format":"standard","meta":{"om_disable_all_campaigns":false,"jnews-multi-image_gallery":[],"jnews_single_post":[],"jnews_primary_category":[],"jnews_social_meta":[],"footnotes":""},"categories":[39],"tags":[],"class_list":["post-104002","post","type-post","status-publish","format-standard","has-post-thumbnail","hentry","category-viajes"],"_links":{"self":[{"href":"https:\/\/dimensionturistica.com\/es\/wp-json\/wp\/v2\/posts\/104002","targetHints":{"allow":["GET"]}}],"collection":[{"href":"https:\/\/dimensionturistica.com\/es\/wp-json\/wp\/v2\/posts"}],"about":[{"href":"https:\/\/dimensionturistica.com\/es\/wp-json\/wp\/v2\/types\/post"}],"author":[{"embeddable":true,"href":"https:\/\/dimensionturistica.com\/es\/wp-json\/wp\/v2\/users\/4"}],"replies":[{"embeddable":true,"href":"https:\/\/dimensionturistica.com\/es\/wp-json\/wp\/v2\/comments?post=104002"}],"version-history":[{"count":0,"href":"https:\/\/dimensionturistica.com\/es\/wp-json\/wp\/v2\/posts\/104002\/revisions"}],"wp:featuredmedia":[{"embeddable":true,"href":"https:\/\/dimensionturistica.com\/es\/wp-json\/wp\/v2\/media\/104003"}],"wp:attachment":[{"href":"https:\/\/dimensionturistica.com\/es\/wp-json\/wp\/v2\/media?parent=104002"}],"wp:term":[{"taxonomy":"category","embeddable":true,"href":"https:\/\/dimensionturistica.com\/es\/wp-json\/wp\/v2\/categories?post=104002"},{"taxonomy":"post_tag","embeddable":true,"href":"https:\/\/dimensionturistica.com\/es\/wp-json\/wp\/v2\/tags?post=104002"}],"curies":[{"name":"wp","href":"https:\/\/api.w.org\/{rel}","templated":true}]}}