{"id":1039755,"date":"2025-09-04T21:56:35","date_gmt":"2025-09-04T21:56:35","guid":{"rendered":"https:\/\/dimensionturistica.com\/es\/?p=1039755"},"modified":"2025-09-04T21:56:35","modified_gmt":"2025-09-04T21:56:35","slug":"grupo-punto-de-partida-tiene-un-equipo-de-especialistas-medicos-y-terapeutas-que-ayudan-a-tratar-a-las-personas-con-ideas-o-intentos-suicidas","status":"publish","type":"post","link":"https:\/\/dimensionturistica.com\/es\/grupo-punto-de-partida-tiene-un-equipo-de-especialistas-medicos-y-terapeutas-que-ayudan-a-tratar-a-las-personas-con-ideas-o-intentos-suicidas\/","title":{"rendered":"Grupo Punto de Partida tiene un equipo de especialistas m\u00e9dicos y terapeutas que\u00a0ayudan a tratar a las personas con ideas o intentos suicidas."},"content":{"rendered":"\n<figure class=\"wp-block-gallery has-nested-images columns-default is-cropped wp-block-gallery-1 is-layout-flex wp-block-gallery-is-layout-flex\">\n<figure class=\"wp-block-image size-large\"><img decoding=\"async\" width=\"389\" height=\"180\" data-id=\"1039758\" src=\"https:\/\/dimensionturistica.com\/es\/wp-content\/uploads\/2025\/09\/2PUNTO.jpg\" alt=\"\" class=\"wp-image-1039758\" srcset=\"https:\/\/dimensionturistica.com\/es\/wp-content\/uploads\/2025\/09\/2PUNTO.jpg 389w, https:\/\/dimensionturistica.com\/es\/wp-content\/uploads\/2025\/09\/2PUNTO-300x139.jpg 300w\" sizes=\"(max-width: 389px) 100vw, 389px\" \/><\/figure>\n<\/figure>\n\n\n\n<p>Cada 10 de septiembre el mundo conmemora el&nbsp;D\u00eda Mundial para la Prevenci\u00f3n del Suicidio, una fecha que busca generar conciencia&nbsp;sobre una problem\u00e1tica que cobra una vida cada 43 segundos, seg\u00fan la Organizaci\u00f3n&nbsp;Mundial de la Salud (OMS). Adem\u00e1s, m\u00e1s de 800 mil personas mueren anualmente por&nbsp;esta causa, convirti\u00e9ndose en la segunda principal entre j\u00f3venes de 15 a 29 a\u00f1os.<\/p>\n\n\n\n<p>En M\u00e9xico, el suicidio dej\u00f3 9,000 muertes en 2024. Aunque la tasa nacional se estabiliz\u00f3&nbsp;ligeramente (de 7.0 a 6.9 por cada 100 mil habitantes), la tendencia sigue siendo&nbsp;preocupante. El 81% de los fallecidos fueron hombres, con mayor impacto en j\u00f3venes de&nbsp;15 a 34 a\u00f1os. Aguascalientes, Campeche, Chihuahua y Yucat\u00e1n presentan las tasas m\u00e1s&nbsp;elevadas, mientras que Guerrero, Ciudad de M\u00e9xico y Veracruz registran las m\u00e1s bajas.<\/p>\n\n\n\n<p>\u201cEn los \u00faltimos cinco a\u00f1os, los suicidios han aumentado en M\u00e9xico, sobre todo entre&nbsp;adolescentes y j\u00f3venes. Aunque existen programas preventivos, persisten factores que&nbsp;contin\u00faan impactando, como la escasa cobertura presupuestaria en salud mental y el&nbsp;aislamiento emocional amplificado por las redes sociales\u201d, explica el doctor Ricardo Iv\u00e1n&nbsp;Nanni Alvarado, psiquiatra adict\u00f3logo y director general de Grupo Punto de Partida,&nbsp;A.C.<\/p>\n\n\n\n<p>Factores de riesgo y poblaci\u00f3n vulnerable<\/p>\n\n\n\n<p>El suicidio es un fen\u00f3meno multifactorial en el que confluyen la depresi\u00f3n -presente en&nbsp;m\u00e1s del 50% de los casos-, trastornos de ansiedad, consumo de alcohol y drogas,&nbsp;violencia intrafamiliar y exclusi\u00f3n social.<\/p>\n\n\n\n<p>La influencia digital ha cobrado un papel central: el ciberacoso, la comparaci\u00f3n constante&nbsp;y la exposici\u00f3n a discursos de odio en redes sociales han aumentado la vulnerabilidad, en&nbsp;especial entre adolescentes.<\/p>\n\n\n\n<p>De acuerdo con los Centros para el Control y la Prevenci\u00f3n de Enfermedades de Estados&nbsp;Unidos las personas que han sufrido violencia, como maltrato infantil, acoso escolar o&nbsp;violencia sexual, tienen un mayor riesgo de suicidio.<\/p>\n\n\n\n<p>La era digital: un riesgo latente<\/p>\n\n\n\n<p>El Dr. Nanni enfatiza que las redes sociales, aunque pueden ser herramientas de&nbsp;acompa\u00f1amiento, tambi\u00e9n son un factor de riesgo.<\/p>\n\n\n\n<p>\u201cEl ciberacoso y la exposici\u00f3n a contenidos violentos elevan significativamente la ideaci\u00f3n&nbsp;suicida. Los adolescentes viven en un ecosistema digital donde la validaci\u00f3n depende de&nbsp;la aprobaci\u00f3n externa, y la comparaci\u00f3n social impacta gravemente su autoestima\u201d.<\/p>\n\n\n\n<p>De acuerdo con la OMS, cada a\u00f1o 727,000 personas se quitan la vida 4 y muchas m\u00e1s lo&nbsp;intentan, por ejemplo los adolescentes v\u00edctimas de bullying digital presentan un riesgo&nbsp;mucho mayor de depresi\u00f3n e ideaci\u00f3n suicida.<\/p>\n\n\n\n<p>Los grupos con mayor riesgo en M\u00e9xico son:<\/p>\n\n\n\n<p>\u00b7 Adolescentes y j\u00f3venes (10\u201329 a\u00f1os), con un incremento sostenido en la \u00faltima&nbsp;d\u00e9cada.<\/p>\n\n\n\n<p>\u00b7 Hombres adultos j\u00f3venes (20\u201339 a\u00f1os), quienes representan el 80% de los&nbsp;suicidios consumados.<\/p>\n\n\n\n<p>\u00b7 Ni\u00f1os y preadolescentes (10\u201314 a\u00f1os), con crecientes reportes de intentos.<\/p>\n\n\n\n<p>\u00b7 Mujeres adolescentes y j\u00f3venes, con mayor n\u00famero de intentos no letales.<\/p>\n\n\n\n<p>\u00b7 Poblaci\u00f3n LGBTIQ+ y comunidades rurales o ind\u00edgenas, que enfrentan<\/p>\n\n\n\n<p>discriminaci\u00f3n y falta de acceso a servicios de salud mental.<\/p>\n\n\n\n<p>Se\u00f1ales de alerta y papel de las adicciones<\/p>\n\n\n\n<p>Detectar se\u00f1ales tempranas es crucial. Frases como \u201cno vale la pena seguir viviendo\u201d,&nbsp;cambios de conducta como el aislamiento, regalar pertenencias o investigar m\u00e9todos de&nbsp;suicidio, y expresiones emocionales de desesperanza son se\u00f1ales de alarma.<\/p>\n\n\n\n<p>En&nbsp;adolescentes, se suman las autolesiones y publicaciones en redes sociales sobre la&nbsp;muerte.<\/p>\n\n\n\n<p>Las adicciones son un factor cr\u00edtico: entre el 25% y 50% de los suicidios est\u00e1n&nbsp;relacionados con el consumo de alcohol u otras drogas, que disminuyen el control de&nbsp;impulsos y favorecen conductas impulsivas.<\/p>\n\n\n\n<p>Una responsabilidad colectiva<\/p>\n\n\n\n<figure class=\"wp-block-gallery has-nested-images columns-default is-cropped wp-block-gallery-2 is-layout-flex wp-block-gallery-is-layout-flex\">\n<figure class=\"wp-block-image size-large\"><img decoding=\"async\" width=\"500\" height=\"333\" data-id=\"1039760\" src=\"https:\/\/dimensionturistica.com\/es\/wp-content\/uploads\/2025\/09\/3PUNTO.jpg\" alt=\"\" class=\"wp-image-1039760\" srcset=\"https:\/\/dimensionturistica.com\/es\/wp-content\/uploads\/2025\/09\/3PUNTO.jpg 500w, https:\/\/dimensionturistica.com\/es\/wp-content\/uploads\/2025\/09\/3PUNTO-300x200.jpg 300w\" sizes=\"(max-width: 500px) 100vw, 500px\" \/><figcaption class=\"wp-element-caption\">Yellow September, Suicide prevention day, Childhood, Sarcoma, bone and bladder cancer Awareness month, Yellow Ribbon for supporting people life and illness. Healthcare and World cancer day concept<\/figcaption><\/figure>\n<\/figure>\n\n\n\n<p>El suicidio no es un problema individual, sino social. Prevenirlo requiere fortalecer la&nbsp;atenci\u00f3n en salud mental, eliminar estigmas, capacitar a las familias en la detecci\u00f3n&nbsp;temprana y regular de forma m\u00e1s activa los entornos digitales para proteger a los&nbsp;menores.<\/p>\n\n\n\n<p>\u201cPrevenir el suicidio implica hablar de salud mental sin prejuicios. El mundo digital puede&nbsp;ser un espacio de apoyo, pero tambi\u00e9n de desesperanza. Debemos actuar antes de que&nbsp;la soledad y la presi\u00f3n virtual se conviertan en sentencias irreversibles\u201d, comenta el Dr.&nbsp;Nanni.<\/p>\n\n\n\n<p>Tratamientos eficaces y esperanza de vida<\/p>\n\n\n\n<p>Actualmmente Grupo Punto de Partida, A.C. ofrece alternativas de tratamiento&nbsp;innovadoras y respaldadas cient\u00edficamente para personas con trastornos mentales y&nbsp;adicciones.<\/p>\n\n\n\n<p>La cl\u00ednica integra medicina de precisi\u00f3n con pruebas farmacogen\u00f3micas,<\/p>\n\n\n\n<figure class=\"wp-block-gallery has-nested-images columns-default is-cropped wp-block-gallery-3 is-layout-flex wp-block-gallery-is-layout-flex\">\n<figure class=\"wp-block-image size-large\"><img decoding=\"async\" width=\"500\" height=\"333\" data-id=\"1039761\" src=\"https:\/\/dimensionturistica.com\/es\/wp-content\/uploads\/2025\/09\/1PUNTO.jpg\" alt=\"\" class=\"wp-image-1039761\" srcset=\"https:\/\/dimensionturistica.com\/es\/wp-content\/uploads\/2025\/09\/1PUNTO.jpg 500w, https:\/\/dimensionturistica.com\/es\/wp-content\/uploads\/2025\/09\/1PUNTO-300x200.jpg 300w\" sizes=\"(max-width: 500px) 100vw, 500px\" \/><figcaption class=\"wp-element-caption\">mental health care therapy concept, psychologist counseling to anxiety patient and giving guidance mental therapy care to cure mental health.<\/figcaption><\/figure>\n<\/figure>\n\n\n\n<p>neuromodulaci\u00f3n y estimulaci\u00f3n magn\u00e9tica transcraneal, adem\u00e1s de programas&nbsp;residenciales dise\u00f1ados para adolescentes, mujeres, hombres y pacientes con patolog\u00eda&nbsp;dual.<\/p>\n\n\n\n<p>Cada paciente recibe un equipo de 9 especialistas dedicados para terapias y&nbsp;consultas individuales, es as\u00ed que su modelo terap\u00e9utico multidisciplinario \u2014con&nbsp;psiquiatras, neuropsic\u00f3logos, nutri\u00f3logos y personal cl\u00ednico especializado\u2014 brinda un&nbsp;abordaje integral y humano.<\/p>\n\n\n\n<p>Avalado por la Comisi\u00f3n Nacional de Salud Mental y Adicciones (Conasama), Grupo&nbsp;Punto de Partida se ha consolidado como un espacio regulado y seguro, capaz de&nbsp;acompa\u00f1ar a las personas en sus momentos m\u00e1s dif\u00edciles.<\/p>\n\n\n\n<p>Cuenta con tres centros&nbsp;especializados en salud mental para la estabilizaci\u00f3n de la fase aguda: Punto Azul&nbsp;(pacientes masculinos) y Casa Rosa (pacientes femeninos), ubicados en CDMX y&nbsp;Monterrey, y Casa Rosa Teens, especializado en mujeres adolescentes; adem\u00e1s de tres&nbsp;centros de mediana y larga estancia para consolidar logros cl\u00ednicos de la estabilizaci\u00f3n.<\/p>\n\n\n\n<p>\u201cEn Grupo Punto de Partida estamos seguros de que podemos ayudarte a reencontrarte y&nbsp;darle equilibrio a tu existir. Deseamos que tu internamiento sea un parteaguas en tu vida,&nbsp;tu verdadero punto de partida para resignificar tu existencia y recuperar un sentido de&nbsp;vida\u201d, concluye el especialista.<\/p>\n","protected":false},"excerpt":{"rendered":"<p>Cada 10 de septiembre el mundo conmemora el&nbsp;D\u00eda Mundial para la Prevenci\u00f3n del Suicidio, una fecha que busca generar conciencia&nbsp;sobre una problem\u00e1tica que cobra una vida cada 43 segundos, seg\u00fan la Organizaci\u00f3n&nbsp;Mundial de la Salud (OMS). Adem\u00e1s, m\u00e1s de 800 mil personas mueren anualmente por&nbsp;esta causa, convirti\u00e9ndose en la segunda principal entre j\u00f3venes de 15 [&hellip;]<\/p>\n","protected":false},"author":1,"featured_media":0,"comment_status":"open","ping_status":"closed","sticky":false,"template":"","format":"standard","meta":{"om_disable_all_campaigns":false,"jnews-multi-image_gallery":[],"jnews_single_post":[],"jnews_primary_category":[],"jnews_social_meta":[],"footnotes":""},"categories":[40],"tags":[],"class_list":["post-1039755","post","type-post","status-publish","format-standard","hentry","category-industria"],"_links":{"self":[{"href":"https:\/\/dimensionturistica.com\/es\/wp-json\/wp\/v2\/posts\/1039755","targetHints":{"allow":["GET"]}}],"collection":[{"href":"https:\/\/dimensionturistica.com\/es\/wp-json\/wp\/v2\/posts"}],"about":[{"href":"https:\/\/dimensionturistica.com\/es\/wp-json\/wp\/v2\/types\/post"}],"author":[{"embeddable":true,"href":"https:\/\/dimensionturistica.com\/es\/wp-json\/wp\/v2\/users\/1"}],"replies":[{"embeddable":true,"href":"https:\/\/dimensionturistica.com\/es\/wp-json\/wp\/v2\/comments?post=1039755"}],"version-history":[{"count":0,"href":"https:\/\/dimensionturistica.com\/es\/wp-json\/wp\/v2\/posts\/1039755\/revisions"}],"wp:attachment":[{"href":"https:\/\/dimensionturistica.com\/es\/wp-json\/wp\/v2\/media?parent=1039755"}],"wp:term":[{"taxonomy":"category","embeddable":true,"href":"https:\/\/dimensionturistica.com\/es\/wp-json\/wp\/v2\/categories?post=1039755"},{"taxonomy":"post_tag","embeddable":true,"href":"https:\/\/dimensionturistica.com\/es\/wp-json\/wp\/v2\/tags?post=1039755"}],"curies":[{"name":"wp","href":"https:\/\/api.w.org\/{rel}","templated":true}]}}