{"id":1039707,"date":"2025-09-04T20:37:36","date_gmt":"2025-09-04T20:37:36","guid":{"rendered":"https:\/\/dimensionturistica.com\/es\/?p=1039707"},"modified":"2025-09-04T20:42:58","modified_gmt":"2025-09-04T20:42:58","slug":"mumuso-abre-sus-puertas-en-galerias-toluca-con-estilo-y-diseno-coreano","status":"publish","type":"post","link":"https:\/\/dimensionturistica.com\/es\/mumuso-abre-sus-puertas-en-galerias-toluca-con-estilo-y-diseno-coreano\/","title":{"rendered":"Mumuso abre sus puertas en Galer\u00edas Toluca con estilo y dise\u00f1o coreano"},"content":{"rendered":"\n<figure class=\"wp-block-gallery has-nested-images columns-default is-cropped wp-block-gallery-1 is-layout-flex wp-block-gallery-is-layout-flex\">\n<figure class=\"wp-block-image size-large\"><img decoding=\"async\" width=\"500\" height=\"133\" data-id=\"1039708\" src=\"https:\/\/dimensionturistica.com\/es\/wp-content\/uploads\/2025\/09\/1MUMUSO.jpg\" alt=\"\" class=\"wp-image-1039708\" srcset=\"https:\/\/dimensionturistica.com\/es\/wp-content\/uploads\/2025\/09\/1MUMUSO.jpg 500w, https:\/\/dimensionturistica.com\/es\/wp-content\/uploads\/2025\/09\/1MUMUSO-300x80.jpg 300w\" sizes=\"(max-width: 500px) 100vw, 500px\" \/><\/figure>\n<\/figure>\n\n\n\n<p>Mumuso contin\u00faa con su expansi\u00f3n, ahora con la apertura de una nueva sucursal en Galer\u00edas Toluca marcando un nuevo punto de encuentro para los amantes del dise\u00f1o y el entretenimiento. La inauguraci\u00f3n fue celebrada el pasado viernes 29 de agosto con gran entusiasmo por los visitantes de la plaza e invitados especiales, quienes desde el primer d\u00eda encontraron opciones frescas y originales en todos los productos.<\/p>\n\n\n\n<figure class=\"wp-block-gallery has-nested-images columns-default is-cropped wp-block-gallery-2 is-layout-flex wp-block-gallery-is-layout-flex\">\n<figure class=\"wp-block-image size-large\"><img decoding=\"async\" width=\"500\" height=\"750\" data-id=\"1039709\" src=\"https:\/\/dimensionturistica.com\/es\/wp-content\/uploads\/2025\/09\/4MUMUSO.jpg\" alt=\"\" class=\"wp-image-1039709\" srcset=\"https:\/\/dimensionturistica.com\/es\/wp-content\/uploads\/2025\/09\/4MUMUSO.jpg 500w, https:\/\/dimensionturistica.com\/es\/wp-content\/uploads\/2025\/09\/4MUMUSO-200x300.jpg 200w\" sizes=\"(max-width: 500px) 100vw, 500px\" \/><\/figure>\n<\/figure>\n\n\n\n<p>El corte de list\u00f3n estuvo encabezado por Gustavo Meller, director de Mumuso en M\u00e9xico, quien destac\u00f3 la importancia de esta apertura como parte de la estrategia de difusi\u00f3n de la marca en el pa\u00eds. Durante el evento, Meller agradeci\u00f3 la c\u00e1lida recepci\u00f3n de los consumidores toluque\u00f1os y reafirm\u00f3 el compromiso de Mumuso por ofrecer art\u00edculos innovadores y accesibles.<\/p>\n\n\n\n<figure class=\"wp-block-gallery has-nested-images columns-default is-cropped wp-block-gallery-3 is-layout-flex wp-block-gallery-is-layout-flex\">\n<figure class=\"wp-block-image size-large\"><img decoding=\"async\" width=\"500\" height=\"269\" data-id=\"1039710\" src=\"https:\/\/dimensionturistica.com\/es\/wp-content\/uploads\/2025\/09\/unnamed-1-2.jpg\" alt=\"\" class=\"wp-image-1039710\" srcset=\"https:\/\/dimensionturistica.com\/es\/wp-content\/uploads\/2025\/09\/unnamed-1-2.jpg 500w, https:\/\/dimensionturistica.com\/es\/wp-content\/uploads\/2025\/09\/unnamed-1-2-300x161.jpg 300w\" sizes=\"(max-width: 500px) 100vw, 500px\" \/><\/figure>\n<\/figure>\n\n\n\n<p>Mumuso es una marca lifestyle de inspiraci\u00f3n coreana con productos creativos, simples y divertidos que contribuyen a mejorar el estilo de vida y el bienestar de las personas. Este concepto se adapta perfectamente a un p\u00fablico que busca practicidad, sin renunciar al estilo y al detalle en cada elecci\u00f3n.<\/p>\n\n\n\n<p>Ofrece un cat\u00e1logo muy variado que abarca desde productos de belleza y gadgets, hasta moda, decoraci\u00f3n, art\u00edculos para el hogar y accesorios para ni\u00f1os, as\u00ed que es una marca pensada para todas las edades.<\/p>\n\n\n\n<p>Adem\u00e1s, cuentan con m\u00e1s de 10 categor\u00edas que permiten tener la mejor relaci\u00f3n-calidad para poder brindar excelentes productos al alcance de todos.<\/p>\n\n\n\n<figure class=\"wp-block-gallery has-nested-images columns-default is-cropped wp-block-gallery-4 is-layout-flex wp-block-gallery-is-layout-flex\">\n<figure class=\"wp-block-image size-large\"><img decoding=\"async\" width=\"500\" height=\"750\" data-id=\"1039715\" src=\"https:\/\/dimensionturistica.com\/es\/wp-content\/uploads\/2025\/09\/66mumoso.jpg\" alt=\"\" class=\"wp-image-1039715\" srcset=\"https:\/\/dimensionturistica.com\/es\/wp-content\/uploads\/2025\/09\/66mumoso.jpg 500w, https:\/\/dimensionturistica.com\/es\/wp-content\/uploads\/2025\/09\/66mumoso-200x300.jpg 200w\" sizes=\"(max-width: 500px) 100vw, 500px\" \/><\/figure>\n<\/figure>\n\n\n\n<p>Ubicada dentro de Galer\u00edas Toluca, una de las plazas m\u00e1s representativas de la ciudad, la nueva tienda se integra al dinamismo de un centro comercial rodeado de opciones de entretenimiento, restaurantes y marcas reconocidas. Esto convierte la visita en una experiencia integral: un d\u00eda de compras, paseo y estilo de vida.<\/p>\n\n\n\n<p>Con esta apertura, Mumuso reafirma su compromiso al estar m\u00e1s cerca de sus clientes y a seguir expandiendo su propuesta \u00fanica en M\u00e9xico. Puedes visitar la tienda en Galer\u00edas Toluca, Blvd. Miguel Alem\u00e1n No. 300, San Pedro Totoltepec, Toluca, Estado de M\u00e9xico.<\/p>\n","protected":false},"excerpt":{"rendered":"<p>Mumuso contin\u00faa con su expansi\u00f3n, ahora con la apertura de una nueva sucursal en Galer\u00edas Toluca marcando un nuevo punto de encuentro para los amantes del dise\u00f1o y el entretenimiento. La inauguraci\u00f3n fue celebrada el pasado viernes 29 de agosto con gran entusiasmo por los visitantes de la plaza e invitados especiales, quienes desde el [&hellip;]<\/p>\n","protected":false},"author":1,"featured_media":0,"comment_status":"open","ping_status":"closed","sticky":false,"template":"","format":"standard","meta":{"om_disable_all_campaigns":false,"jnews-multi-image_gallery":[],"jnews_single_post":[],"jnews_primary_category":[],"jnews_social_meta":[],"footnotes":""},"categories":[144872],"tags":[],"class_list":["post-1039707","post","type-post","status-publish","format-standard","hentry","category-fashion"],"_links":{"self":[{"href":"https:\/\/dimensionturistica.com\/es\/wp-json\/wp\/v2\/posts\/1039707","targetHints":{"allow":["GET"]}}],"collection":[{"href":"https:\/\/dimensionturistica.com\/es\/wp-json\/wp\/v2\/posts"}],"about":[{"href":"https:\/\/dimensionturistica.com\/es\/wp-json\/wp\/v2\/types\/post"}],"author":[{"embeddable":true,"href":"https:\/\/dimensionturistica.com\/es\/wp-json\/wp\/v2\/users\/1"}],"replies":[{"embeddable":true,"href":"https:\/\/dimensionturistica.com\/es\/wp-json\/wp\/v2\/comments?post=1039707"}],"version-history":[{"count":0,"href":"https:\/\/dimensionturistica.com\/es\/wp-json\/wp\/v2\/posts\/1039707\/revisions"}],"wp:attachment":[{"href":"https:\/\/dimensionturistica.com\/es\/wp-json\/wp\/v2\/media?parent=1039707"}],"wp:term":[{"taxonomy":"category","embeddable":true,"href":"https:\/\/dimensionturistica.com\/es\/wp-json\/wp\/v2\/categories?post=1039707"},{"taxonomy":"post_tag","embeddable":true,"href":"https:\/\/dimensionturistica.com\/es\/wp-json\/wp\/v2\/tags?post=1039707"}],"curies":[{"name":"wp","href":"https:\/\/api.w.org\/{rel}","templated":true}]}}