{"id":1039521,"date":"2025-09-04T14:48:09","date_gmt":"2025-09-04T14:48:09","guid":{"rendered":"https:\/\/dimensionturistica.com\/es\/?p=1039521"},"modified":"2025-09-04T14:48:09","modified_gmt":"2025-09-04T14:48:09","slug":"datawifi-lanza-programa-de-formacion-para-emprendedores-latinoamericanos","status":"publish","type":"post","link":"https:\/\/dimensionturistica.com\/es\/datawifi-lanza-programa-de-formacion-para-emprendedores-latinoamericanos\/","title":{"rendered":"Datawifi lanza programa de formaci\u00f3n para emprendedores latinoamericanos"},"content":{"rendered":"\n<figure class=\"wp-block-gallery has-nested-images columns-default is-cropped wp-block-gallery-1 is-layout-flex wp-block-gallery-is-layout-flex\">\n<figure class=\"wp-block-image size-large\"><img decoding=\"async\" width=\"500\" height=\"141\" data-id=\"1039523\" src=\"https:\/\/dimensionturistica.com\/es\/wp-content\/uploads\/2025\/09\/1DATA.jpg\" alt=\"\" class=\"wp-image-1039523\" srcset=\"https:\/\/dimensionturistica.com\/es\/wp-content\/uploads\/2025\/09\/1DATA.jpg 500w, https:\/\/dimensionturistica.com\/es\/wp-content\/uploads\/2025\/09\/1DATA-300x85.jpg 300w\" sizes=\"(max-width: 500px) 100vw, 500px\" \/><\/figure>\n<\/figure>\n\n\n\n<p>En Am\u00e9rica Latina la juventud enfrenta un panorama laboral marcado por la precariedad: la tasa de desempleo juvenil alcanza aproximadamente el 28% y cerca del 60% de los j\u00f3venes ocupados se desempe\u00f1a en la informalidad, seg\u00fan la Organizaci\u00f3n Internacional del Trabajo (OIT).<\/p>\n\n\n\n<p>Adem\u00e1s, la transformaci\u00f3n digital y el avance de la inteligencia artificial a\u00f1aden un desaf\u00edo urgente: informes recientes del Banco Mundial y la OIT advierten que solo entre el 7% y el 14% de los empleos de la regi\u00f3n podr\u00edan beneficiarse en productividad gracias a estas tecnolog\u00edas, mientras que la mayor\u00eda quedar\u00e1 rezagada por falta de infraestructura y capacitaci\u00f3n.<\/p>\n\n\n\n<p>\u201cAnte este escenario es indispensable que los j\u00f3venes reciban formaci\u00f3n seria y oportuna en emprendimiento y competencias digitales para que puedan liderar la creaci\u00f3n de negocios sostenibles y tecnol\u00f3gicos que impulsen el desarrollo econ\u00f3mico y reduzcan las desigualdades estructurales en la regi\u00f3n\u201d, expres\u00f3 Yassef Lotina, CEO de Datawifi.<\/p>\n\n\n\n<p>Con el objetivo de contribuir a la reducci\u00f3n de las brechas de acceso a la educaci\u00f3n digital en Am\u00e9rica Latina, Datawifi anuncia el lanzamiento de una convocatoria dirigida a personas mayores de 18 a\u00f1os interesadas en desarrollar proyectos con impacto social y econ\u00f3mico en sus comunidades a trav\u00e9s de un programa de formaci\u00f3n que se desarrollar\u00e1 en siete sesiones virtuales, de las cuales cinco est\u00e1n dise\u00f1adas para acompa\u00f1ar al emprendedor desde la inspiraci\u00f3n inicial hasta la construcci\u00f3n de un proyecto con bases s\u00f3lidas.<\/p>\n\n\n\n<figure class=\"wp-block-gallery has-nested-images columns-default is-cropped wp-block-gallery-2 is-layout-flex wp-block-gallery-is-layout-flex\">\n<figure class=\"wp-block-image size-large\"><img decoding=\"async\" width=\"500\" height=\"281\" data-id=\"1039525\" src=\"https:\/\/dimensionturistica.com\/es\/wp-content\/uploads\/2025\/09\/6DATA.jpg\" alt=\"\" class=\"wp-image-1039525\" srcset=\"https:\/\/dimensionturistica.com\/es\/wp-content\/uploads\/2025\/09\/6DATA.jpg 500w, https:\/\/dimensionturistica.com\/es\/wp-content\/uploads\/2025\/09\/6DATA-300x169.jpg 300w\" sizes=\"(max-width: 500px) 100vw, 500px\" \/><\/figure>\n<\/figure>\n\n\n\n<p>\u201cEn total son siete encuentros online, en los que se incluye la sesi\u00f3n de apertura del 16 de octubre y una de cierre al final del programa; son cinco sesiones de formaci\u00f3n o m\u00f3dulos. El cupo est\u00e1 limitado a 150 j\u00f3venes emprendedores en el \u00e1rea de tecnolog\u00eda\u201d, detall\u00f3 el CEO.<\/p>\n\n\n\n<p>La convocatoria, pieza clave del Programa de Responsabilidad Social Corporativa de Datawifi, se lanzar\u00e1 oficialmente el pr\u00f3ximo 18 de septiembre y concluir\u00e1 el 15 de octubre a trav\u00e9s de la p\u00e1gina oficial de la empresa y de sus redes sociales, aunque habr\u00e1 un proceso de selecci\u00f3n para garantizar la diversidad, el compromiso y la participaci\u00f3n activa de quienes ingresen.<\/p>\n\n\n\n<p>El programa tendr\u00e1 como eje central la formaci\u00f3n de habilidades digitales, innovaci\u00f3n, liderazgo y modelo de negocio. Asimismo, pretende conectar a j\u00f3venes talentos con el ecosistema empresarial y tecnol\u00f3gico; impulsar proyectos con potencial de crecimiento por medio de mentor\u00eda y consultor\u00eda personalizada; transmitir el know how a futuras generaciones de emprendedores digitales y, sobre todo, contratar talento joven y creativo para fortalecer a Datawifi y generar un impacto real en el empleo.<\/p>\n\n\n\n<p>\u201cLa plaza laboral que ofrecemos a trav\u00e9s de este programa es 100% remota y la ganar\u00e1 quien demuestre habilidades de liderazgo, compromiso, pensamiento innovador, capacidad de trabajo en equipo y una visi\u00f3n orientada a la transformaci\u00f3n digital\u201d, expuso Lotina.<\/p>\n\n\n\n<p>Cada sesi\u00f3n tendr\u00e1 una evaluaci\u00f3n tipo test (calificaci\u00f3n sobre 100) y los participantes deber\u00e1n obtener al menos 70\/100 en cada evaluaci\u00f3n; solo quienes cumplan con este puntaje m\u00ednimo y asistan a todas las sesiones podr\u00e1n presentar su proyecto final (pitch). El jurado evaluar\u00e1 los proyectos en criterios de creatividad, viabilidad, innovaci\u00f3n y enfoque en el usuario.<\/p>\n\n\n\n<p>\u201cA trav\u00e9s de esta capacitaci\u00f3n las nuevas generaciones podr\u00e1n acceder a las herramientas que les permitan innovar, crecer y generar impacto en sus comunidades. Es una invitaci\u00f3n abierta para los j\u00f3venes latinoamericanos deseosos de crecer, aprender y conectarse con un futuro lleno de oportunidades. Creemos que la transformaci\u00f3n digital debe estar al alcance de todos y este es un paso m\u00e1s para hacerla posible\u201d, enfatiz\u00f3 el directivo.<\/p>\n\n\n\n<figure class=\"wp-block-gallery has-nested-images columns-default is-cropped wp-block-gallery-3 is-layout-flex wp-block-gallery-is-layout-flex\">\n<figure class=\"wp-block-image size-large\"><img decoding=\"async\" width=\"500\" height=\"281\" data-id=\"1039526\" src=\"https:\/\/dimensionturistica.com\/es\/wp-content\/uploads\/2025\/09\/2DATA.jpg\" alt=\"\" class=\"wp-image-1039526\" srcset=\"https:\/\/dimensionturistica.com\/es\/wp-content\/uploads\/2025\/09\/2DATA.jpg 500w, https:\/\/dimensionturistica.com\/es\/wp-content\/uploads\/2025\/09\/2DATA-300x169.jpg 300w\" sizes=\"(max-width: 500px) 100vw, 500px\" \/><\/figure>\n<\/figure>\n\n\n\n<p>Al finalizar el programa los participantes recibir\u00e1n un certificado oficial que acreditar\u00e1 su formaci\u00f3n en emprendimiento, innovaci\u00f3n y habilidades digitales, adem\u00e1s de que podr\u00e1n a\u00f1adirlo a su curr\u00edculum profesional.<\/p>\n\n\n\n<p>\u201cEste programa nace de nuestra convicci\u00f3n de que un modelo de formaci\u00f3n pr\u00e1ctico, inspirado en la experiencia y con impacto real puede ser la diferencia entre una idea dormida y una iniciativa que transforma vidas. Queremos acompa\u00f1ar a los emprendedores con el empoderamiento digital, alineando la tecnolog\u00eda, la capacitaci\u00f3n y un prop\u00f3sito compartido\u201d, subray\u00f3 Yassef Lotina.<\/p>\n\n\n\n<p>Incentivos para los mejores emprendedores<\/p>\n\n\n\n<p>Premios a los tres mejores proyectos: entre quienes aprueben las evaluaciones y presenten su pitch final.<\/p>\n\n\n\n<p>1er lugar: 8 horas de consultor\u00eda con Datawifi.<\/p>\n\n\n\n<p>2\u00b0 lugar: 6 horas de consultor\u00eda con Datawifi.<\/p>\n\n\n\n<p>3er lugar: 4 horas de consultor\u00eda con Datawifi.<\/p>\n\n\n\n<p>Oportunidad laboral: el mejor alumno podr\u00e1 vincularse a Datawifi.<\/p>\n\n\n\n<p>Visibilidad: difusi\u00f3n de los proyectos ganadores en canales de Datawifi (web, redes, notas de prensa).<\/p>\n","protected":false},"excerpt":{"rendered":"<p>En Am\u00e9rica Latina la juventud enfrenta un panorama laboral marcado por la precariedad: la tasa de desempleo juvenil alcanza aproximadamente el 28% y cerca del 60% de los j\u00f3venes ocupados se desempe\u00f1a en la informalidad, seg\u00fan la Organizaci\u00f3n Internacional del Trabajo (OIT). Adem\u00e1s, la transformaci\u00f3n digital y el avance de la inteligencia artificial a\u00f1aden un [&hellip;]<\/p>\n","protected":false},"author":1,"featured_media":0,"comment_status":"open","ping_status":"closed","sticky":false,"template":"","format":"standard","meta":{"om_disable_all_campaigns":false,"jnews-multi-image_gallery":[],"jnews_single_post":[],"jnews_primary_category":[],"jnews_social_meta":[],"footnotes":""},"categories":[40],"tags":[],"class_list":["post-1039521","post","type-post","status-publish","format-standard","hentry","category-industria"],"_links":{"self":[{"href":"https:\/\/dimensionturistica.com\/es\/wp-json\/wp\/v2\/posts\/1039521","targetHints":{"allow":["GET"]}}],"collection":[{"href":"https:\/\/dimensionturistica.com\/es\/wp-json\/wp\/v2\/posts"}],"about":[{"href":"https:\/\/dimensionturistica.com\/es\/wp-json\/wp\/v2\/types\/post"}],"author":[{"embeddable":true,"href":"https:\/\/dimensionturistica.com\/es\/wp-json\/wp\/v2\/users\/1"}],"replies":[{"embeddable":true,"href":"https:\/\/dimensionturistica.com\/es\/wp-json\/wp\/v2\/comments?post=1039521"}],"version-history":[{"count":0,"href":"https:\/\/dimensionturistica.com\/es\/wp-json\/wp\/v2\/posts\/1039521\/revisions"}],"wp:attachment":[{"href":"https:\/\/dimensionturistica.com\/es\/wp-json\/wp\/v2\/media?parent=1039521"}],"wp:term":[{"taxonomy":"category","embeddable":true,"href":"https:\/\/dimensionturistica.com\/es\/wp-json\/wp\/v2\/categories?post=1039521"},{"taxonomy":"post_tag","embeddable":true,"href":"https:\/\/dimensionturistica.com\/es\/wp-json\/wp\/v2\/tags?post=1039521"}],"curies":[{"name":"wp","href":"https:\/\/api.w.org\/{rel}","templated":true}]}}