{"id":1039478,"date":"2025-09-04T14:07:24","date_gmt":"2025-09-04T14:07:24","guid":{"rendered":"https:\/\/dimensionturistica.com\/es\/?p=1039478"},"modified":"2025-09-04T14:07:24","modified_gmt":"2025-09-04T14:07:24","slug":"morelos-recibe-mas-de-1-4-millones-de-visitantes-durante-el-verano-2025","status":"publish","type":"post","link":"https:\/\/dimensionturistica.com\/es\/morelos-recibe-mas-de-1-4-millones-de-visitantes-durante-el-verano-2025\/","title":{"rendered":"\u00a0Morelos recibe m\u00e1s de 1.4 millones de visitantes durante el verano 2025"},"content":{"rendered":"\n<figure class=\"wp-block-gallery has-nested-images columns-default is-cropped wp-block-gallery-1 is-layout-flex wp-block-gallery-is-layout-flex\">\n<figure class=\"wp-block-image size-large\"><img decoding=\"async\" width=\"500\" height=\"139\" data-id=\"1039480\" src=\"https:\/\/dimensionturistica.com\/es\/wp-content\/uploads\/2025\/09\/1mor.jpg\" alt=\"\" class=\"wp-image-1039480\" srcset=\"https:\/\/dimensionturistica.com\/es\/wp-content\/uploads\/2025\/09\/1mor.jpg 500w, https:\/\/dimensionturistica.com\/es\/wp-content\/uploads\/2025\/09\/1mor-300x83.jpg 300w\" sizes=\"(max-width: 500px) 100vw, 500px\" \/><\/figure>\n<\/figure>\n\n\n\n<p>Durante el periodo vacacional de verano, comprendido del 14 de julio al 30 de agosto de 2025, el estado de Morelos recibi\u00f3 un mill\u00f3n 496 mil visitantes, lo que refleja la recuperaci\u00f3n y dinamismo del sector tur\u00edstico impulsado por la diversidad cultural, natural y recreativa que ofrece la entidad.<\/p>\n\n\n\n<figure class=\"wp-block-gallery has-nested-images columns-default is-cropped wp-block-gallery-2 is-layout-flex wp-block-gallery-is-layout-flex\">\n<figure class=\"wp-block-image size-large\"><img decoding=\"async\" width=\"500\" height=\"395\" data-id=\"1039484\" src=\"https:\/\/dimensionturistica.com\/es\/wp-content\/uploads\/2025\/09\/2mor.jpg\" alt=\"\" class=\"wp-image-1039484\" srcset=\"https:\/\/dimensionturistica.com\/es\/wp-content\/uploads\/2025\/09\/2mor.jpg 500w, https:\/\/dimensionturistica.com\/es\/wp-content\/uploads\/2025\/09\/2mor-300x237.jpg 300w\" sizes=\"(max-width: 500px) 100vw, 500px\" \/><\/figure>\n<\/figure>\n\n\n\n<p>De acuerdo con el Observatorio Tur\u00edstico, 598 mil 403 personas se hospedaron en hoteles y otros alojamientos, alcanzando entre 82 y 85 por ciento de ocupaci\u00f3n en fines de semana; mientras que 897 mil 605 realizaron visitas de un solo d\u00eda. Este flujo gener\u00f3 una derrama econ\u00f3mica superior a mil 160 millones de pesos, con beneficios directos para el sector y las comunidades locales.<\/p>\n\n\n\n<p>El secretario de Turismo, Daniel Altafi Valladares, se\u00f1al\u00f3 que siete de cada diez visitantes viajaron en familia, con una estancia promedio de 3.5 noches en el caso de quienes pernoctaron.<\/p>\n\n\n\n<p>\u201cEl verano 2025 refleja el esfuerzo conjunto del sector y el trabajo que realizamos para consolidar a Morelos como un destino competitivo. La capital, nuestros Pueblos M\u00e1gicos (Tepoztl\u00e1n, Tlayacapan, Xochitepec y Tlaltizap\u00e1n), junto con hoteles boutique, balnearios, Tesoros de M\u00e9xico y centros ecotur\u00edsticos, conforman una oferta diversa y de calidad que sigue atrayendo visitantes nacionales e internacionales\u201d, enfatiz\u00f3.<\/p>\n\n\n\n<figure class=\"wp-block-gallery has-nested-images columns-default is-cropped wp-block-gallery-3 is-layout-flex wp-block-gallery-is-layout-flex\">\n<figure class=\"wp-block-image size-large\"><img decoding=\"async\" width=\"500\" height=\"333\" data-id=\"1039485\" src=\"https:\/\/dimensionturistica.com\/es\/wp-content\/uploads\/2025\/09\/3mor.jpg\" alt=\"\" class=\"wp-image-1039485\" srcset=\"https:\/\/dimensionturistica.com\/es\/wp-content\/uploads\/2025\/09\/3mor.jpg 500w, https:\/\/dimensionturistica.com\/es\/wp-content\/uploads\/2025\/09\/3mor-300x200.jpg 300w\" sizes=\"(max-width: 500px) 100vw, 500px\" \/><\/figure>\n<\/figure>\n\n\n\n<p>Agreg\u00f3 que, entre los hallazgos del periodo vacacional, el 37.5 por ciento de los turistas conoci\u00f3 el destino a trav\u00e9s de redes sociales, lo que confirma el impacto de las campa\u00f1as digitales. Adem\u00e1s, el 74 por ciento visit\u00f3 al menos un atractivo, con preferencia por balnearios, zonas arqueol\u00f3gicas, museos y centros hist\u00f3ricos. Las principales motivaciones de viaje fueron el entretenimiento y el ocio, seguidos por turismo de aventura y cultural.<\/p>\n\n\n\n<p>\u201cPor destinos, Cuernavaca obtuvo la mejor evaluaci\u00f3n en turismo cultural; Tepoztl\u00e1n destac\u00f3 en gastronom\u00eda, entretenimiento y aventura; Tlaltizap\u00e1n concentr\u00f3 visitantes locales en actividades de recreaci\u00f3n, y Xochitepec sobresali\u00f3 con su oferta gastron\u00f3mica y de salud y bienestar\u201d, detall\u00f3 Daniel Altafi.<\/p>\n\n\n\n<figure class=\"wp-block-gallery has-nested-images columns-default is-cropped wp-block-gallery-4 is-layout-flex wp-block-gallery-is-layout-flex\">\n<figure class=\"wp-block-image size-large\"><img decoding=\"async\" width=\"500\" height=\"332\" data-id=\"1039487\" src=\"https:\/\/dimensionturistica.com\/es\/wp-content\/uploads\/2025\/09\/5mor.jpg\" alt=\"\" class=\"wp-image-1039487\" srcset=\"https:\/\/dimensionturistica.com\/es\/wp-content\/uploads\/2025\/09\/5mor.jpg 500w, https:\/\/dimensionturistica.com\/es\/wp-content\/uploads\/2025\/09\/5mor-300x199.jpg 300w\" sizes=\"(max-width: 500px) 100vw, 500px\" \/><\/figure>\n<\/figure>\n\n\n\n<p>Dijo que la ocupaci\u00f3n hotelera promedio estatal alcanz\u00f3 el 59 por ciento, cifra superior a la del a\u00f1o anterior en el mismo periodo, lo que confirma la tendencia positiva de recuperaci\u00f3n tur\u00edstica. La percepci\u00f3n tambi\u00e9n fue ampliamente favorable: el 97.4 por ciento asegur\u00f3 que volver\u00eda y el 98.6 por ciento recomendar\u00eda Morelos.<\/p>\n\n\n\n<p>Cabe se\u00f1alar que, el Observatorio Tur\u00edstico concluy\u00f3 que, aunque persisten retos, los avances son claros y sostenidos; la coordinaci\u00f3n interinstitucional, innovaci\u00f3n digital, activaciones locales y diversificaci\u00f3n de productos han fortalecido la competitividad del estado.<\/p>\n\n\n\n<p>Estos resultados consolidan a Morelos, \u201cLa Primavera de M\u00e9xico\u201d, como un destino diverso, incluyente y resiliente en el panorama nacional.<\/p>\n","protected":false},"excerpt":{"rendered":"<p>Durante el periodo vacacional de verano, comprendido del 14 de julio al 30 de agosto de 2025, el estado de Morelos recibi\u00f3 un mill\u00f3n 496 mil visitantes, lo que refleja la recuperaci\u00f3n y dinamismo del sector tur\u00edstico impulsado por la diversidad cultural, natural y recreativa que ofrece la entidad. De acuerdo con el Observatorio Tur\u00edstico, [&hellip;]<\/p>\n","protected":false},"author":1,"featured_media":0,"comment_status":"open","ping_status":"closed","sticky":false,"template":"","format":"standard","meta":{"om_disable_all_campaigns":false,"jnews-multi-image_gallery":[],"jnews_single_post":[],"jnews_primary_category":[],"jnews_social_meta":[],"footnotes":""},"categories":[39],"tags":[],"class_list":["post-1039478","post","type-post","status-publish","format-standard","hentry","category-viajes"],"_links":{"self":[{"href":"https:\/\/dimensionturistica.com\/es\/wp-json\/wp\/v2\/posts\/1039478","targetHints":{"allow":["GET"]}}],"collection":[{"href":"https:\/\/dimensionturistica.com\/es\/wp-json\/wp\/v2\/posts"}],"about":[{"href":"https:\/\/dimensionturistica.com\/es\/wp-json\/wp\/v2\/types\/post"}],"author":[{"embeddable":true,"href":"https:\/\/dimensionturistica.com\/es\/wp-json\/wp\/v2\/users\/1"}],"replies":[{"embeddable":true,"href":"https:\/\/dimensionturistica.com\/es\/wp-json\/wp\/v2\/comments?post=1039478"}],"version-history":[{"count":0,"href":"https:\/\/dimensionturistica.com\/es\/wp-json\/wp\/v2\/posts\/1039478\/revisions"}],"wp:attachment":[{"href":"https:\/\/dimensionturistica.com\/es\/wp-json\/wp\/v2\/media?parent=1039478"}],"wp:term":[{"taxonomy":"category","embeddable":true,"href":"https:\/\/dimensionturistica.com\/es\/wp-json\/wp\/v2\/categories?post=1039478"},{"taxonomy":"post_tag","embeddable":true,"href":"https:\/\/dimensionturistica.com\/es\/wp-json\/wp\/v2\/tags?post=1039478"}],"curies":[{"name":"wp","href":"https:\/\/api.w.org\/{rel}","templated":true}]}}