{"id":1039434,"date":"2025-09-04T13:36:34","date_gmt":"2025-09-04T13:36:34","guid":{"rendered":"https:\/\/dimensionturistica.com\/es\/?p=1039434"},"modified":"2025-09-04T13:36:34","modified_gmt":"2025-09-04T13:36:34","slug":"anuncia-guanajuato-el-festival-viva-guanajuato-la-gran-cita-de-las-fiestas-patrias","status":"publish","type":"post","link":"https:\/\/dimensionturistica.com\/es\/anuncia-guanajuato-el-festival-viva-guanajuato-la-gran-cita-de-las-fiestas-patrias\/","title":{"rendered":"Anuncia Guanajuato el festival \u201cViva Guanajuato\u201d, la gran cita de las Fiestas Patrias"},"content":{"rendered":"\n<figure class=\"wp-block-gallery has-nested-images columns-default is-cropped wp-block-gallery-1 is-layout-flex wp-block-gallery-is-layout-flex\">\n<figure class=\"wp-block-image size-large\"><img decoding=\"async\" width=\"500\" height=\"437\" data-id=\"1039439\" src=\"https:\/\/dimensionturistica.com\/es\/wp-content\/uploads\/2025\/09\/5gto.jpg\" alt=\"\" class=\"wp-image-1039439\" srcset=\"https:\/\/dimensionturistica.com\/es\/wp-content\/uploads\/2025\/09\/5gto.jpg 500w, https:\/\/dimensionturistica.com\/es\/wp-content\/uploads\/2025\/09\/5gto-300x262.jpg 300w\" sizes=\"(max-width: 500px) 100vw, 500px\" \/><\/figure>\n<\/figure>\n\n\n\n<p>En conferencia de prensa en la Ciudad de M\u00e9xico, se present\u00f3 a medios de comunicaci\u00f3n el festival: Viva Guanajuato. Del 12 al 16 de septiembre, Guanajuato Capital recibir\u00e1 a miles de visitantes con un evento \u00fanico que fusiona gastronom\u00eda, cultura, m\u00fasica y tradici\u00f3n, consolid\u00e1ndose como uno de los destinos hist\u00f3ricos y culinarios m\u00e1s importantes del pa\u00eds.<\/p>\n\n\n\n<p>Una experiencia que celebra M\u00e9xico<\/p>\n\n\n\n<figure class=\"wp-block-gallery has-nested-images columns-default is-cropped wp-block-gallery-2 is-layout-flex wp-block-gallery-is-layout-flex\">\n<figure class=\"wp-block-image size-large\"><img decoding=\"async\" width=\"500\" height=\"393\" data-id=\"1039442\" src=\"https:\/\/dimensionturistica.com\/es\/wp-content\/uploads\/2025\/09\/4gto.jpg\" alt=\"\" class=\"wp-image-1039442\" srcset=\"https:\/\/dimensionturistica.com\/es\/wp-content\/uploads\/2025\/09\/4gto.jpg 500w, https:\/\/dimensionturistica.com\/es\/wp-content\/uploads\/2025\/09\/4gto-300x236.jpg 300w\" sizes=\"(max-width: 500px) 100vw, 500px\" \/><\/figure>\n<\/figure>\n\n\n\n<p>M\u00e1s que un calendario de eventos, este festival es un viaje sensorial que transforma a Guanajuato en un escenario vivo de historia, sabor y orgullo patrio.<\/p>\n\n\n\n<p>Cultura: presentaciones con mariachis, estudiantinas, danzas tradicionales, pasarelas de moda con identidad, teatro al aire libre y espect\u00e1culos de video mapping llenar\u00e1n de vida cada rinc\u00f3n de la ciudad.<\/p>\n\n\n\n<p>Sabores de excelencia: reconocidos chefs ofrecer\u00e1n cenas maridaje, cocina end\u00e9mica y propuestas de mixolog\u00eda que colocan a Guanajuato Capital en la ruta de los destinos gastron\u00f3micos m\u00e1s relevantes de M\u00e9xico.<\/p>\n\n\n\n<p>Chefs invitados: talento que cocina la tradici\u00f3n<\/p>\n\n\n\n<p>El cartel gastron\u00f3mico re\u00fane a figuras de la cocina local e internacional:<\/p>\n\n\n\n<p>Karen Valadez Burstein (Casa Valadez y La Virgen de la Cueva)<\/p>\n\n\n\n<p>Domingo Mart\u00ednez (Amatxi Cocina Aut\u00e9ntica)<\/p>\n\n\n\n<p>Laurine Vernier (La Vie en Rose)<\/p>\n\n\n\n<p>Christian Arregu\u00edn (Trattoria)<\/p>\n\n\n\n<p>J. Refugio Aguirre (Hotel Casa Kloster y Hotel Edelmira)<\/p>\n\n\n\n<p>Karla Mar\u00eda Romero (Hotel y Restaurante Santa Fe)<\/p>\n\n\n\n<p>Carlos Montero (Pasteler\u00eda Yesi)<\/p>\n\n\n\n<p>Guaida (Sal\u00f3n Malta)<\/p>\n\n\n\n<figure class=\"wp-block-gallery has-nested-images columns-default is-cropped wp-block-gallery-3 is-layout-flex wp-block-gallery-is-layout-flex\">\n<figure class=\"wp-block-image size-large\"><img decoding=\"async\" width=\"500\" height=\"281\" data-id=\"1039446\" src=\"https:\/\/dimensionturistica.com\/es\/wp-content\/uploads\/2025\/09\/1guto.jpg\" alt=\"\" class=\"wp-image-1039446\" srcset=\"https:\/\/dimensionturistica.com\/es\/wp-content\/uploads\/2025\/09\/1guto.jpg 500w, https:\/\/dimensionturistica.com\/es\/wp-content\/uploads\/2025\/09\/1guto-300x169.jpg 300w\" sizes=\"(max-width: 500px) 100vw, 500px\" \/><\/figure>\n<\/figure>\n\n\n\n<p>Restaurantes participantes<\/p>\n\n\n\n<p>La ruta culinaria contar\u00e1 con m\u00e1s de 20 restaurantes y bares que abrir\u00e1n sus puertas al festival, entre ellos:<\/p>\n\n\n\n<p>Tasca de la Paz, Hila Sky Bar, Trattoria Centro, Van Gogh, Posada Santa Fe, Hotel Edelmira, Bar Luna, Canastillo de Flores, La Condesa, Casona Alonso, Casa Dorada, Coraz\u00f3n Mexicano, Casa Ofelia, Hacienda San Mat\u00edas, El Reto, Theo, Terraza Trattoria Marfil, Bodega 4, Pasteler\u00eda Yesi, Club Caf\u00e9 y Las Vieyras.<\/p>\n\n\n\n<p>Mixolog\u00eda con esp\u00edritu mexicano<\/p>\n\n\n\n<p>El Concurso de Mixolog\u00eda reunir\u00e1 a los bares m\u00e1s ic\u00f3nicos de la ciudad, con creaciones originales inspiradas en los sabores y tradiciones de M\u00e9xico. Participan:<\/p>\n\n\n\n<p>Van Gogh, Hila Sky Bar, Bar Luna, La Condesa, Retto, Hacienda San Mat\u00edas, Tasca de la Paz, Las Vieyras, Trattoria Centro, Trattoria Terraza, Posada Santa Fe, Hotel Edelmira y Coraz\u00f3n Mexicano.<\/p>\n\n\n\n<p>Agenda: tradici\u00f3n en cada rinc\u00f3n<\/p>\n\n\n\n<figure class=\"wp-block-gallery has-nested-images columns-default is-cropped wp-block-gallery-4 is-layout-flex wp-block-gallery-is-layout-flex\">\n<figure class=\"wp-block-image size-large\"><img decoding=\"async\" width=\"500\" height=\"281\" data-id=\"1039448\" src=\"https:\/\/dimensionturistica.com\/es\/wp-content\/uploads\/2025\/09\/2gut.jpg\" alt=\"\" class=\"wp-image-1039448\" srcset=\"https:\/\/dimensionturistica.com\/es\/wp-content\/uploads\/2025\/09\/2gut.jpg 500w, https:\/\/dimensionturistica.com\/es\/wp-content\/uploads\/2025\/09\/2gut-300x169.jpg 300w\" sizes=\"(max-width: 500px) 100vw, 500px\" \/><\/figure>\n<\/figure>\n\n\n\n<p>Viernes 12: Pasarelas de moda con identidad en el Mercado Hidalgo, Plaza San Fernando y Escalinatas del Teatro Ju\u00e1rez; Mariachada Folclor y Patria desde la Plaza de la Paz hasta San Roque; video mapping en Plaza San Roque y la cena \u201cGuanajuato en tu Plato\u201d en el Mes\u00f3n de San Antonio (boletos en preventa $600).<\/p>\n\n\n\n<p>S\u00e1bado 13 y domingo 14: Exposici\u00f3n fotogr\u00e1fica Indios Tejocoteros en el Paseo Von Humboldt; Mercadito Manos de Guanajuato en Plaza Allende; estudiantinas, mariachis y el espect\u00e1culo Conspiraciones a la Carta con teatro al aire libre en restaurantes y plazas.<\/p>\n\n\n\n<p>Lunes 15: Ballet Folkl\u00f3rico de la Universidad de Guanajuato en el Teatro Ju\u00e1rez y el tradicional Grito de Independencia en la Alh\u00f3ndiga de Granaditas a las 21:00 hrs.<\/p>\n\n\n\n<p>Martes 16: El gran Desfile Conmemorativo de la Independencia, que recorrer\u00e1 el coraz\u00f3n de la ciudad a partir de las 9:00 hrs.<\/p>\n\n\n\n<figure class=\"wp-block-gallery has-nested-images columns-default is-cropped wp-block-gallery-5 is-layout-flex wp-block-gallery-is-layout-flex\">\n<figure class=\"wp-block-image size-large\"><img decoding=\"async\" width=\"364\" height=\"281\" data-id=\"1039449\" src=\"https:\/\/dimensionturistica.com\/es\/wp-content\/uploads\/2025\/09\/6gto.jpg\" alt=\"\" class=\"wp-image-1039449\" srcset=\"https:\/\/dimensionturistica.com\/es\/wp-content\/uploads\/2025\/09\/6gto.jpg 364w, https:\/\/dimensionturistica.com\/es\/wp-content\/uploads\/2025\/09\/6gto-300x232.jpg 300w\" sizes=\"(max-width: 364px) 100vw, 364px\" \/><\/figure>\n<\/figure>\n\n\n\n<p>\u201cEste festival busca consolidar a Guanajuato Capital como un destino cultural y gastron\u00f3mico de clase mundial, capaz de atraer turismo recurrente, fortalecer la econom\u00eda local y compartir con el mundo la esencia de la mexicanidad\u201d. Coment\u00f3 Marco Borunda S\u00e1nchez, Presidente de la Asociaci\u00f3n de Restaurantes de Guanajuato Capital y miembro del comit\u00e9 organizador de Viva Guanajuato.<\/p>\n\n\n\n<p>Vivir las Fiestas Patrias en Guanajuato es vivir M\u00e9xico en su m\u00e1xima expresi\u00f3n<\/p>\n\n\n\n<p>#GTOcapitalTeInspira<\/p>\n","protected":false},"excerpt":{"rendered":"<p>En conferencia de prensa en la Ciudad de M\u00e9xico, se present\u00f3 a medios de comunicaci\u00f3n el festival: Viva Guanajuato. Del 12 al 16 de septiembre, Guanajuato Capital recibir\u00e1 a miles de visitantes con un evento \u00fanico que fusiona gastronom\u00eda, cultura, m\u00fasica y tradici\u00f3n, consolid\u00e1ndose como uno de los destinos hist\u00f3ricos y culinarios m\u00e1s importantes del [&hellip;]<\/p>\n","protected":false},"author":1,"featured_media":0,"comment_status":"open","ping_status":"closed","sticky":false,"template":"","format":"standard","meta":{"om_disable_all_campaigns":false,"jnews-multi-image_gallery":[],"jnews_single_post":[],"jnews_primary_category":[],"jnews_social_meta":[],"footnotes":""},"categories":[39],"tags":[],"class_list":["post-1039434","post","type-post","status-publish","format-standard","hentry","category-viajes"],"_links":{"self":[{"href":"https:\/\/dimensionturistica.com\/es\/wp-json\/wp\/v2\/posts\/1039434","targetHints":{"allow":["GET"]}}],"collection":[{"href":"https:\/\/dimensionturistica.com\/es\/wp-json\/wp\/v2\/posts"}],"about":[{"href":"https:\/\/dimensionturistica.com\/es\/wp-json\/wp\/v2\/types\/post"}],"author":[{"embeddable":true,"href":"https:\/\/dimensionturistica.com\/es\/wp-json\/wp\/v2\/users\/1"}],"replies":[{"embeddable":true,"href":"https:\/\/dimensionturistica.com\/es\/wp-json\/wp\/v2\/comments?post=1039434"}],"version-history":[{"count":0,"href":"https:\/\/dimensionturistica.com\/es\/wp-json\/wp\/v2\/posts\/1039434\/revisions"}],"wp:attachment":[{"href":"https:\/\/dimensionturistica.com\/es\/wp-json\/wp\/v2\/media?parent=1039434"}],"wp:term":[{"taxonomy":"category","embeddable":true,"href":"https:\/\/dimensionturistica.com\/es\/wp-json\/wp\/v2\/categories?post=1039434"},{"taxonomy":"post_tag","embeddable":true,"href":"https:\/\/dimensionturistica.com\/es\/wp-json\/wp\/v2\/tags?post=1039434"}],"curies":[{"name":"wp","href":"https:\/\/api.w.org\/{rel}","templated":true}]}}