{"id":1039371,"date":"2025-09-04T11:16:35","date_gmt":"2025-09-04T11:16:35","guid":{"rendered":"https:\/\/dimensionturistica.com\/es\/?p=1039371"},"modified":"2025-09-04T11:16:35","modified_gmt":"2025-09-04T11:16:35","slug":"34-imprescindibles-mocasines-de-ante-para-ser-la-pieza-clave-de-tu-guardarropa-de-otono-invierno","status":"publish","type":"post","link":"https:\/\/dimensionturistica.com\/es\/34-imprescindibles-mocasines-de-ante-para-ser-la-pieza-clave-de-tu-guardarropa-de-otono-invierno\/","title":{"rendered":"34 Imprescindibles Mocasines de Ante para Ser la Pieza Clave de Tu Guardarropa de Oto\u00f1o-Invierno"},"content":{"rendered":"<h3>El Renacer de los Mocasin de Ante: Estilo y Versatilidad para el Oto\u00f1o<\/h3>\n<p>A medida que las hojas cambian de color y el clima se vuelve m\u00e1s fresco, una tendencia esencial asoma en el guardarropa: los mocasines de ante. Esta pieza cl\u00e1sica no solo se mantiene relevante, sino que tambi\u00e9n se reinventa para adaptarse a las necesidades de la moda contempor\u00e1nea. Aqu\u00ed, exploramos por qu\u00e9 este calzado se ha convertido en una declaraci\u00f3n de estilo que no puedes dejar pasar.<\/p>\n<h4>La Esencia del Mocas\u00edn de Ante<\/h4>\n<p>Los mocasines son conocidos por su comodidad y elegancia casual. Su construcci\u00f3n suave y flexible, realzada por el uso del ante, los convierte en una opci\u00f3n ideal para quienes buscan combinar confort con un toque de sofisticaci\u00f3n. Este tejido, con su textura distintiva y profundo colorido, aporta un aire de lujo y estilo a cualquier conjunto.<\/p>\n<h4>Versatilidad en los Looks<\/h4>\n<p>Una de las mayores virtudes de los mocasines de ante es su versatilidad. Funcionan igualmente bien con jeans ajustados, pantalones de vestir o faldas fluidas. Para una salida casual, combinarlos con un su\u00e9ter de punto grueso y un abrigo ligero crea una silueta equilibrada y chic. En un entorno m\u00e1s formal, unos mocasines negros de ante pueden elevar un traje de chaqueta, aportando un giro moderno a lo tradicional.<\/p>\n<h4>Colores que Marcan la Diferencia<\/h4>\n<p>La paleta de colores en la que se presenta el ante es vasta y emocional. Desde tonalidades terrosas que evocan el oto\u00f1o hasta colores m\u00e1s vibrantes que a\u00f1aden un toque contempor\u00e1neo, cada elecci\u00f3n puede transformar el servicio est\u00e9tico. Los tonos camel y burdeos son imprescindibles, mientras que los colores m\u00e1s atrevidos como el verde esmeralda o el azul marino aportan un elemento de sorpresa a los looks diarios.<\/p>\n<h4>Cuidado y Mantenimiento<\/h4>\n<p>Para mantener su aspecto, la atenci\u00f3n al cuidado del ante es esencial. El uso de un cepillo suave y productos espec\u00edficos garantizar\u00e1 que la textura se conserve y que los colores permanezcan vibrantes. Tambi\u00e9n se recomienda aplicar un protector de ante para prevenir manchas y desgaste, asegurando que cada par mantenga su elegancia a lo largo del tiempo.<\/p>\n<h4>Elegancia Sostenible<\/h4>\n<p>La moda sostenible se ha convertido en un tema importante en la industria. Optar por mocasines de ante de marcas que priorizan la producci\u00f3n \u00e9tica y materiales responsables no solo agrega un valor est\u00e9tico, sino tambi\u00e9n un componente consciente a las decisiones de compra. Al elegir calidad sobre cantidad, se contribuye a un futuro m\u00e1s sostenible en la moda.<\/p>\n<h4>Actitud y Confianza<\/h4>\n<p>El impacto del mocas\u00edn de ante no es solo f\u00edsico; tambi\u00e9n se traduce en bagaje emocional. Usar un par de mocasines bien elegidos puede proporcionar una dosis de confianza y elegancia. Este calzado atemporal invita a explorar la ciudad, asistir a reuniones y disfrutar de momentos especiales con un estilo que habla por s\u00ed mismo.<\/p>\n<p>En resumen, los mocasines de ante han encontrado su lugar en el armario moderno, combinando tradici\u00f3n y contemporaneidad en un solo dise\u00f1o. Su capacidad para adaptarse a diferentes estilos y situaciones los convierte en un <em>must-have<\/em> de la temporada, un aliado infalible en la b\u00fasqueda de un look perfecto. La pr\u00f3xima vez que pienses en actualizar tu calzado, considera esta joya del vestidor. \u00a1El estilo y la elegancia te est\u00e1n esperando!<\/p>\n<p><em> &#8221; Fuentes www.vogue.com &#8221; <\/em><\/p>\n","protected":false},"excerpt":{"rendered":"<p>El Renacer de los Mocasin de Ante: Estilo y Versatilidad para el Oto\u00f1o A medida que las hojas cambian de color y el clima se vuelve m\u00e1s fresco, una tendencia esencial asoma en el guardarropa: los mocasines de ante. Esta pieza cl\u00e1sica no solo se mantiene relevante, sino que tambi\u00e9n se reinventa para adaptarse a [&hellip;]<\/p>\n","protected":false},"author":14,"featured_media":1039372,"comment_status":"open","ping_status":"closed","sticky":false,"template":"","format":"standard","meta":{"om_disable_all_campaigns":false,"jnews-multi-image_gallery":[],"jnews_single_post":[],"jnews_primary_category":[],"jnews_social_meta":[],"footnotes":""},"categories":[144872],"tags":[69624,202171,245927,198521,198542,94284,40459,245928,245926,241593,202521,200714,198520,198522],"class_list":["post-1039371","post","type-post","status-publish","format-standard","has-post-thumbnail","hentry","category-fashion","tag-accessories","tag-capsule-wardrobe","tag-cold-weather-fashion","tag-fall-fashion","tag-fashion-trends","tag-footwear","tag-shoes","tag-stylish-loafers","tag-suede-loafers","tag-versatile-shoes","tag-wardrobe-essentials","tag-wardrobe-staples","tag-winter-fashion","tag-winter-style"],"_links":{"self":[{"href":"https:\/\/dimensionturistica.com\/es\/wp-json\/wp\/v2\/posts\/1039371","targetHints":{"allow":["GET"]}}],"collection":[{"href":"https:\/\/dimensionturistica.com\/es\/wp-json\/wp\/v2\/posts"}],"about":[{"href":"https:\/\/dimensionturistica.com\/es\/wp-json\/wp\/v2\/types\/post"}],"author":[{"embeddable":true,"href":"https:\/\/dimensionturistica.com\/es\/wp-json\/wp\/v2\/users\/14"}],"replies":[{"embeddable":true,"href":"https:\/\/dimensionturistica.com\/es\/wp-json\/wp\/v2\/comments?post=1039371"}],"version-history":[{"count":0,"href":"https:\/\/dimensionturistica.com\/es\/wp-json\/wp\/v2\/posts\/1039371\/revisions"}],"wp:featuredmedia":[{"embeddable":true,"href":"https:\/\/dimensionturistica.com\/es\/wp-json\/wp\/v2\/media\/1039372"}],"wp:attachment":[{"href":"https:\/\/dimensionturistica.com\/es\/wp-json\/wp\/v2\/media?parent=1039371"}],"wp:term":[{"taxonomy":"category","embeddable":true,"href":"https:\/\/dimensionturistica.com\/es\/wp-json\/wp\/v2\/categories?post=1039371"},{"taxonomy":"post_tag","embeddable":true,"href":"https:\/\/dimensionturistica.com\/es\/wp-json\/wp\/v2\/tags?post=1039371"}],"curies":[{"name":"wp","href":"https:\/\/api.w.org\/{rel}","templated":true}]}}