{"id":1039365,"date":"2025-09-04T10:59:15","date_gmt":"2025-09-04T10:59:15","guid":{"rendered":"https:\/\/dimensionturistica.com\/es\/?p=1039365"},"modified":"2025-09-04T10:59:15","modified_gmt":"2025-09-04T10:59:15","slug":"el-mundo-del-cabello-de-sabrina-carpenter-secretos-desvelados-2","status":"publish","type":"post","link":"https:\/\/dimensionturistica.com\/es\/el-mundo-del-cabello-de-sabrina-carpenter-secretos-desvelados-2\/","title":{"rendered":"El mundo del cabello de Sabrina Carpenter: secretos desvelados."},"content":{"rendered":"<h3>El Fascinante Mundo del Arte Capilar<\/h3>\n<p>El cabello ha sido, a lo largo de la historia, un s\u00edmbolo de identidad y expresi\u00f3n personal. En la actualidad, se ha convertido en un arte que trasciende lo est\u00e9tico, convirtiendo cada peinado en una declaraci\u00f3n de estilo y personalidad. En este contexto, conocer los secretos detr\u00e1s de los looks m\u00e1s impresivos de las celebridades puede ofrecer una perspectiva \u00fanica tanto para quienes buscan inspiraci\u00f3n como para aquellos interesados en la cultura del cuidado personal.<\/p>\n<p>Uno de los aspectos m\u00e1s intrigantes del mundo capilar es c\u00f3mo \u00edconos contempor\u00e1neos han logrado convertir sus melenas en verdaderas obras de arte. Cada trenza, cada rizo y cada casualidad de color se convierten en un reflejo de su car\u00e1cter y su evoluci\u00f3n art\u00edstica. Esta conexi\u00f3n \u00edntima entre el cabello y la personalidad no es casual; es una manifestaci\u00f3n de c\u00f3mo cada individuo presenta su historia al mundo.<\/p>\n<h3>Secretos del Cuidado Capilar<\/h3>\n<p>Uno de los aspectos m\u00e1s interesantes es el cuidado que involucra mantener una melena deslumbrante. Las rutinas de belleza son cada vez m\u00e1s elaboradas, incorporando productos que no solo embellecen, sino que tambi\u00e9n nutren el cabello desde la ra\u00edz hasta las puntas. La elecci\u00f3n de los productos adecuados es crucial; esto puede variar desde champ\u00fas y acondicionadores espec\u00edficos hasta tratamientos nutritivos que promueven un crecimiento saludable.<\/p>\n<p>Otra tendencia fascinante es la personalizaci\u00f3n de estos cuidados. Al igual que la moda, el r\u00e9gimen capilar refleja preferencias individuales, y los expertos hoy en d\u00eda abogan por soluciones pensadas espec\u00edficamente para cada tipo de cabello y necesidades particulares. Esto no solo propicia un aspecto saludable, sino que tambi\u00e9n mejora la confianza al lucir un estilo que se siente aut\u00e9ntico.<\/p>\n<h3>Estilos que Marcan Tendencias<\/h3>\n<p>Cada temporada nos brinda una nueva oportunidad para reinventar nuestro estilo capilar. Los peinados que marcan tendencia suelen estar inspirados por las celebridades que, al mismo tiempo, sirven de musas y de catalizadores para los cambios de look. Desde cortes de pelo audaces hasta colores vibrantes, cada elecci\u00f3n se convierte en un aliado para expresar la creatividad.<\/p>\n<p>Las redes sociales han jugado un papel crucial en esta evoluci\u00f3n, permitiendo que los estilos se compartan y reinterpreten en cuesti\u00f3n de d\u00edas. Lo que antes pod\u00eda ser exclusivo de las pasarelas ahora puede verse en cada rinc\u00f3n del mundo, inspirando a personas de todas las edades a experimentar con sus propios looks.<\/p>\n<h3>La Importancia de la Autoexpresi\u00f3n<\/h3>\n<p>El cabello, al fin y al cabo, nos permite contar una historia. Cada peinado, cada cambio de color, se convierte en una forma de autoexpresi\u00f3n que refleja nuestras emociones, experiencias y, a menudo, nuestras aspiraciones. Con cada transformaci\u00f3n, las personas no solo cambian su apariencia; tambi\u00e9n reinventan su modo de ver el mundo y su lugar en \u00e9l.<\/p>\n<p>La cultura del arte capilar sigue evolucionando, y con ella, nuestras percepciones sobre la belleza y la identidad personal. Explorar este fascinante mundo no solo nos da acceso a nuevos estilos, sino que tambi\u00e9n nos recuerda la importancia de celebrar nuestras singularidades.<\/p>\n<p>Al final del d\u00eda, cuidar de nuestro cabello y experimentar con distintos looks es m\u00e1s que un simple acto de belleza; es un viaje personal que nos permite redescubrirnos a nosotros mismos y expresar nuestra esencia m\u00e1s aut\u00e9ntica. La pr\u00f3xima vez que consideres un cambio de look, recuerda que tu cabello puede ser la mejor carta de presentaci\u00f3n en el viaje de la vida.<\/p>\n<p><em> &#8221; Fuentes columnadigital.com &#8221; <\/em><\/p>\n","protected":false},"excerpt":{"rendered":"<p>El Fascinante Mundo del Arte Capilar El cabello ha sido, a lo largo de la historia, un s\u00edmbolo de identidad y expresi\u00f3n personal. En la actualidad, se ha convertido en un arte que trasciende lo est\u00e9tico, convirtiendo cada peinado en una declaraci\u00f3n de estilo y personalidad. En este contexto, conocer los secretos detr\u00e1s de los [&hellip;]<\/p>\n","protected":false},"author":4,"featured_media":1039367,"comment_status":"open","ping_status":"closed","sticky":false,"template":"","format":"standard","meta":{"om_disable_all_campaigns":false,"jnews-multi-image_gallery":[],"jnews_single_post":[],"jnews_primary_category":[],"jnews_social_meta":[],"footnotes":""},"categories":[39],"tags":[245923,3381,39783,6446,233985,39180,82365,3431,7758,245921,13679,659,202184,1727,208588,21487,2182,199021],"class_list":["post-1039365","post","type-post","status-publish","format-standard","has-post-thumbnail","hentry","category-viajes","tag-arte-capilar","tag-belleza","tag-cabello","tag-celebridades","tag-columna-digital","tag-cuidado-del-cabello","tag-dimension-turistica","tag-estilista","tag-estilo","tag-evanie-frausto","tag-misterios","tag-moda","tag-peinados","tag-revista","tag-sabrina-carpenter","tag-secretos","tag-tendencias","tag-tips-de-belleza"],"_links":{"self":[{"href":"https:\/\/dimensionturistica.com\/es\/wp-json\/wp\/v2\/posts\/1039365","targetHints":{"allow":["GET"]}}],"collection":[{"href":"https:\/\/dimensionturistica.com\/es\/wp-json\/wp\/v2\/posts"}],"about":[{"href":"https:\/\/dimensionturistica.com\/es\/wp-json\/wp\/v2\/types\/post"}],"author":[{"embeddable":true,"href":"https:\/\/dimensionturistica.com\/es\/wp-json\/wp\/v2\/users\/4"}],"replies":[{"embeddable":true,"href":"https:\/\/dimensionturistica.com\/es\/wp-json\/wp\/v2\/comments?post=1039365"}],"version-history":[{"count":0,"href":"https:\/\/dimensionturistica.com\/es\/wp-json\/wp\/v2\/posts\/1039365\/revisions"}],"wp:featuredmedia":[{"embeddable":true,"href":"https:\/\/dimensionturistica.com\/es\/wp-json\/wp\/v2\/media\/1039367"}],"wp:attachment":[{"href":"https:\/\/dimensionturistica.com\/es\/wp-json\/wp\/v2\/media?parent=1039365"}],"wp:term":[{"taxonomy":"category","embeddable":true,"href":"https:\/\/dimensionturistica.com\/es\/wp-json\/wp\/v2\/categories?post=1039365"},{"taxonomy":"post_tag","embeddable":true,"href":"https:\/\/dimensionturistica.com\/es\/wp-json\/wp\/v2\/tags?post=1039365"}],"curies":[{"name":"wp","href":"https:\/\/api.w.org\/{rel}","templated":true}]}}