{"id":1039153,"date":"2025-09-04T00:12:53","date_gmt":"2025-09-04T00:12:53","guid":{"rendered":"https:\/\/dimensionturistica.com\/es\/?p=1039153"},"modified":"2025-09-04T00:12:53","modified_gmt":"2025-09-04T00:12:53","slug":"promueve-michoacan-su-conectividad-aerea-en-chicago","status":"publish","type":"post","link":"https:\/\/dimensionturistica.com\/es\/promueve-michoacan-su-conectividad-aerea-en-chicago\/","title":{"rendered":"\u00a0Promueve Michoac\u00e1n su conectividad a\u00e9rea en Chicago"},"content":{"rendered":"\n<figure class=\"wp-block-gallery has-nested-images columns-default is-cropped wp-block-gallery-1 is-layout-flex wp-block-gallery-is-layout-flex\">\n<figure class=\"wp-block-image size-large\"><img decoding=\"async\" width=\"444\" height=\"180\" data-id=\"1039156\" src=\"https:\/\/dimensionturistica.com\/es\/wp-content\/uploads\/2025\/09\/11VUELO.jpg\" alt=\"\" class=\"wp-image-1039156\" srcset=\"https:\/\/dimensionturistica.com\/es\/wp-content\/uploads\/2025\/09\/11VUELO.jpg 444w, https:\/\/dimensionturistica.com\/es\/wp-content\/uploads\/2025\/09\/11VUELO-300x122.jpg 300w\" sizes=\"(max-width: 444px) 100vw, 444px\" \/><\/figure>\n<\/figure>\n\n\n\n<p>Michoac\u00e1n se conecta con el mundo, y en ese sentido, la Secretar\u00eda de Turismo del estado (Sectur) lleg\u00f3 a Chicago, Illinois, en Estados Unidos, para difundir la riqueza que existe en \u201cel alma de M\u00e9xico\u201d.<\/p>\n\n\n\n<figure class=\"wp-block-gallery has-nested-images columns-default is-cropped wp-block-gallery-2 is-layout-flex wp-block-gallery-is-layout-flex\">\n<figure class=\"wp-block-image size-large\"><img decoding=\"async\" width=\"500\" height=\"410\" data-id=\"1039157\" src=\"https:\/\/dimensionturistica.com\/es\/wp-content\/uploads\/2025\/09\/1VUELO.jpg\" alt=\"\" class=\"wp-image-1039157\" srcset=\"https:\/\/dimensionturistica.com\/es\/wp-content\/uploads\/2025\/09\/1VUELO.jpg 500w, https:\/\/dimensionturistica.com\/es\/wp-content\/uploads\/2025\/09\/1VUELO-300x246.jpg 300w\" sizes=\"(max-width: 500px) 100vw, 500px\" \/><\/figure>\n<\/figure>\n\n\n\n<p>En representaci\u00f3n del titular de la pol\u00edtica tur\u00edstica de Michoac\u00e1n, Roberto Monroy Garc\u00eda, el director de Obras y Proyectos de la dependencia, Omar Guti\u00e9rrez Garc\u00eda, se reuni\u00f3 con empresarios, autoridades federales, l\u00edderes internacionales y representantes del sector tur\u00edstico, del pa\u00eds vecino.<\/p>\n\n\n\n<p>La riqueza tur\u00edstica, natural, gastron\u00f3mica, cultural e hist\u00f3rica de Michoac\u00e1n, adem\u00e1s de la conectividad a\u00e9rea que se ha fortalecido en la administraci\u00f3n del gobernador Alfredo Ram\u00edrez Bedolla, fueron conocidas por estas personalidades que acudieron a este encuentro.<\/p>\n\n\n\n<figure class=\"wp-block-gallery has-nested-images columns-default is-cropped wp-block-gallery-3 is-layout-flex wp-block-gallery-is-layout-flex\">\n<figure class=\"wp-block-image size-large\"><img decoding=\"async\" width=\"500\" height=\"375\" data-id=\"1039158\" src=\"https:\/\/dimensionturistica.com\/es\/wp-content\/uploads\/2025\/09\/3VUELO.jpg\" alt=\"\" class=\"wp-image-1039158\" srcset=\"https:\/\/dimensionturistica.com\/es\/wp-content\/uploads\/2025\/09\/3VUELO.jpg 500w, https:\/\/dimensionturistica.com\/es\/wp-content\/uploads\/2025\/09\/3VUELO-300x225.jpg 300w\" sizes=\"(max-width: 500px) 100vw, 500px\" \/><\/figure>\n<\/figure>\n\n\n\n<p>\u201cGracias al impulso encabezado por el secretario Roberto Monroy, Michoac\u00e1n ha mejorado de manera significativa su conectividad a\u00e9rea, contando hoy con 18 vuelos: 11 internacionales, incluyendo conexiones directas desde Chicago y otras ciudades de Estados Unidos, y siete nacionales, lo que consolida al estado como un referente en accesibilidad y competitividad tur\u00edstica\u201d, destac\u00f3.<\/p>\n\n\n\n<p>En este esfuerzo se suma la Embajadora de M\u00e9xico en Chicago, la c\u00f3nsul Reyna Torres, quien ha manifestado un inter\u00e9s en visualizar a Michoac\u00e1n como un estado consolidado en esta regi\u00f3n de Estados Unidos, generando una presencia constante que fortalece los lazos familiares, facilita la llegada de visitantes y proyecta al estado como un destino de clase mundial.<\/p>\n\n\n\n<figure class=\"wp-block-gallery has-nested-images columns-default is-cropped wp-block-gallery-4 is-layout-flex wp-block-gallery-is-layout-flex\">\n<figure class=\"wp-block-image size-large\"><img decoding=\"async\" width=\"500\" height=\"375\" data-id=\"1039159\" src=\"https:\/\/dimensionturistica.com\/es\/wp-content\/uploads\/2025\/09\/2VUELO.jpg\" alt=\"\" class=\"wp-image-1039159\" srcset=\"https:\/\/dimensionturistica.com\/es\/wp-content\/uploads\/2025\/09\/2VUELO.jpg 500w, https:\/\/dimensionturistica.com\/es\/wp-content\/uploads\/2025\/09\/2VUELO-300x225.jpg 300w\" sizes=\"(max-width: 500px) 100vw, 500px\" \/><\/figure>\n<\/figure>\n\n\n\n<p>La estrategia de conectividad y promoci\u00f3n que impulsa la Secretar\u00eda de Turismo proyecta a Michoac\u00e1n como un destino aut\u00e9ntico, cultural y diverso, fortaleciendo la econom\u00eda local y la uni\u00f3n de las comunidades migrantes con sus ra\u00edces.<\/p>\n\n\n\n<p>Para m\u00e1s informaci\u00f3n visita: https:\/\/visitmichoacan.com.mx\/<\/p>\n","protected":false},"excerpt":{"rendered":"<p>Michoac\u00e1n se conecta con el mundo, y en ese sentido, la Secretar\u00eda de Turismo del estado (Sectur) lleg\u00f3 a Chicago, Illinois, en Estados Unidos, para difundir la riqueza que existe en \u201cel alma de M\u00e9xico\u201d. En representaci\u00f3n del titular de la pol\u00edtica tur\u00edstica de Michoac\u00e1n, Roberto Monroy Garc\u00eda, el director de Obras y Proyectos de [&hellip;]<\/p>\n","protected":false},"author":1,"featured_media":0,"comment_status":"open","ping_status":"closed","sticky":false,"template":"","format":"standard","meta":{"om_disable_all_campaigns":false,"jnews-multi-image_gallery":[],"jnews_single_post":[],"jnews_primary_category":[],"jnews_social_meta":[],"footnotes":""},"categories":[39],"tags":[],"class_list":["post-1039153","post","type-post","status-publish","format-standard","hentry","category-viajes"],"_links":{"self":[{"href":"https:\/\/dimensionturistica.com\/es\/wp-json\/wp\/v2\/posts\/1039153","targetHints":{"allow":["GET"]}}],"collection":[{"href":"https:\/\/dimensionturistica.com\/es\/wp-json\/wp\/v2\/posts"}],"about":[{"href":"https:\/\/dimensionturistica.com\/es\/wp-json\/wp\/v2\/types\/post"}],"author":[{"embeddable":true,"href":"https:\/\/dimensionturistica.com\/es\/wp-json\/wp\/v2\/users\/1"}],"replies":[{"embeddable":true,"href":"https:\/\/dimensionturistica.com\/es\/wp-json\/wp\/v2\/comments?post=1039153"}],"version-history":[{"count":0,"href":"https:\/\/dimensionturistica.com\/es\/wp-json\/wp\/v2\/posts\/1039153\/revisions"}],"wp:attachment":[{"href":"https:\/\/dimensionturistica.com\/es\/wp-json\/wp\/v2\/media?parent=1039153"}],"wp:term":[{"taxonomy":"category","embeddable":true,"href":"https:\/\/dimensionturistica.com\/es\/wp-json\/wp\/v2\/categories?post=1039153"},{"taxonomy":"post_tag","embeddable":true,"href":"https:\/\/dimensionturistica.com\/es\/wp-json\/wp\/v2\/tags?post=1039153"}],"curies":[{"name":"wp","href":"https:\/\/api.w.org\/{rel}","templated":true}]}}