{"id":1039139,"date":"2025-09-03T23:58:38","date_gmt":"2025-09-03T23:58:38","guid":{"rendered":"https:\/\/dimensionturistica.com\/es\/?p=1039139"},"modified":"2025-09-03T23:58:38","modified_gmt":"2025-09-03T23:58:38","slug":"unidos-asociacion-pro-trasplante-de-medula-osea","status":"publish","type":"post","link":"https:\/\/dimensionturistica.com\/es\/unidos-asociacion-pro-trasplante-de-medula-osea\/","title":{"rendered":"Unidos Asociaci\u00f3n Pro Trasplante de M\u00e9dula \u00d3sea"},"content":{"rendered":"\n<figure class=\"wp-block-gallery has-nested-images columns-default is-cropped wp-block-gallery-1 is-layout-flex wp-block-gallery-is-layout-flex\">\n<figure class=\"wp-block-image size-large\"><img decoding=\"async\" width=\"500\" height=\"333\" data-id=\"1039142\" src=\"https:\/\/dimensionturistica.com\/es\/wp-content\/uploads\/2025\/09\/3CANCER-1.jpg\" alt=\"\" class=\"wp-image-1039142\" srcset=\"https:\/\/dimensionturistica.com\/es\/wp-content\/uploads\/2025\/09\/3CANCER-1.jpg 500w, https:\/\/dimensionturistica.com\/es\/wp-content\/uploads\/2025\/09\/3CANCER-1-300x200.jpg 300w\" sizes=\"(max-width: 500px) 100vw, 500px\" \/><\/figure>\n<\/figure>\n\n\n\n<p>En el marco del Mes de la Concientizaci\u00f3n de los&nbsp;C\u00e1nceres Hematol\u00f3gicos, Unidos\u2026 Asociaci\u00f3n Pro Trasplante de M\u00e9dula \u00d3sea \u201cFrancisco Casares&nbsp;Cortina\u201d A.C., en colaboraci\u00f3n con la Secretar\u00eda de Cultura de la Ciudad de M\u00e9xico, presenta la&nbsp;exposici\u00f3n fotogr\u00e1fica \u201cVivir con C\u00e1nceres Hematol\u00f3gicos: Historias de Resiliencia\u201d, una propuesta&nbsp;art\u00edstica y testimonial que busca visibilizar la experiencia de vida frente a enfermedades hematol\u00f3gicas&nbsp;complejas y promover la concientizaci\u00f3n social sobre ellas.<\/p>\n\n\n\n<p>Instalada en Paseo de la Reforma \u2014entre el edificio central del IMSS y la Diana Cazadora\u2014, la muestra&nbsp;permanecer\u00e1 abierta al p\u00fablico durante todo septiembre. En sus 33 retratos, se reflejan las experiencias&nbsp;de pacientes, personas cuidadoras y profesionales de la salud, mostrando no solo la lucha contra estos&nbsp;c\u00e1nceres, sino tambi\u00e9n la esperanza y la fortaleza que surgen en medio de la adversidad.<\/p>\n\n\n\n<figure class=\"wp-block-gallery has-nested-images columns-default is-cropped wp-block-gallery-2 is-layout-flex wp-block-gallery-is-layout-flex\">\n<figure class=\"wp-block-image size-large\"><img decoding=\"async\" width=\"500\" height=\"750\" data-id=\"1039145\" src=\"https:\/\/dimensionturistica.com\/es\/wp-content\/uploads\/2025\/09\/1CANCER-1.jpg\" alt=\"\" class=\"wp-image-1039145\" srcset=\"https:\/\/dimensionturistica.com\/es\/wp-content\/uploads\/2025\/09\/1CANCER-1.jpg 500w, https:\/\/dimensionturistica.com\/es\/wp-content\/uploads\/2025\/09\/1CANCER-1-200x300.jpg 200w\" sizes=\"(max-width: 500px) 100vw, 500px\" \/><\/figure>\n<\/figure>\n\n\n\n<p>\u201cCuando me dijeron que lo que ten\u00eda era c\u00e1ncer, con mis \u00faltimos ahorros compr\u00e9 tres bicicletas, una&nbsp;para m\u00ed y dos para mis hijos; y comenc\u00e9 a so\u00f1ar con los senderos que recorrer\u00edamos juntos\u2026 Hoy&nbsp;puedo decir con orgullo que ese sue\u00f1o se hizo realidad\u201d, comparti\u00f3 su testimonio de vida Gabriela&nbsp;Camargo.<\/p>\n\n\n\n<p>\u201cCada imagen cuenta una historia que merece ser escuchada. El arte es un aliado para sensibilizar,&nbsp;educar y fomentar la prevenci\u00f3n. Esta exposici\u00f3n es un puente entre cultura y salud, que nos invita a&nbsp;mirar con empat\u00eda y compromiso las realidades de quienes enfrentan estas enfermedades\u201d, destac\u00f3 el&nbsp;Lic. Jos\u00e9 Manuel Rodr\u00edguez Ram\u00edrez, director de la Red de Museos de la Ciudad de M\u00e9xico.<\/p>\n\n\n\n<p>En M\u00e9xico, m\u00e1s de 18 mil personas reciben cada a\u00f1o un diagn\u00f3stico de C\u00e1ncer Hematol\u00f3gico 1 , que&nbsp;representa entre el 7 % y el 10 % de todos los casos de c\u00e1ncer. De acuerdo con el Informe del&nbsp;Observatorio Global del C\u00e1ncer (GLOBOCAN) de la Agencia Internacional para la Investigaci\u00f3n del&nbsp;C\u00e1ncer (IARC 2025), los c\u00e1nceres hematol\u00f3gicos que se presentaron con m\u00e1s frecuencia en nuestro&nbsp;pa\u00eds fueron el linfoma no Hodgkin, las leucemias, el mieloma m\u00faltiple y el linfoma Hodgkin.<\/p>\n\n\n\n<p>M\u00e1s del 70 % se detecta en etapas avanzadas 2 , con tiempos de diagn\u00f3stico que pueden oscilar entre&nbsp;seis meses y dos a\u00f1os debido a s\u00edntomas poco evidentes y al limitado conocimiento sobre estas&nbsp;enfermedades. Sin embargo, entre el 30 % y el 50 % de los casos podr\u00edan prevenirse mediante&nbsp;informaci\u00f3n clara, prevenci\u00f3n y detecci\u00f3n temprana.<\/p>\n\n\n\n<p>Paulina Rosales P\u00e9rez, directora de Unidos\u2026 A.C., subray\u00f3: \u201cM\u00e1s all\u00e1 de una mirada cl\u00ednica, esta&nbsp;exposici\u00f3n invita a observar con una nueva conciencia las realidades que viven miles de personas con&nbsp;C\u00e1nceres Hematol\u00f3gicos. Visibilizar sus historias a trav\u00e9s del arte es construir puentes de empat\u00eda,&nbsp;fomentar un conocimiento informado y abrir espacios para una conversaci\u00f3n social m\u00e1s amplia e&nbsp;incluyente, donde la resiliencia se convierte en el v\u00ednculo m\u00e1s humano. Gracias a las autoridades del&nbsp;sector salud y de cultura, que hoy nos acompa\u00f1an y ratifican la importancia de fortalecer la conciencia&nbsp;p\u00fablica sobre los C\u00e1nceres Hematol\u00f3gicos, que ayude a construir una red de apoyo multidisciplinaria.\u201d<\/p>\n\n\n\n<p><\/p>\n\n\n\n<p>\u201cEl yugo del c\u00e1ncer sobre la humanidad es hist\u00f3rico, y aunque las campa\u00f1as de prevenci\u00f3n han&nbsp;logrado visibilizar algunos tipos, la sangre \u2014nuestro \u00f3rgano l\u00edquido\u2014 sigue siendo un basti\u00f3n&nbsp;donde el c\u00e1ncer se esconde. Entre los diversos tipos encontramos:&nbsp; leucemias agudas, leucemias&nbsp;cr\u00f3nicas, linfomas de Hodgkin, linfomas no hodgkin, s\u00edndrome mielodisplasico y mieloma m\u00faltiple,&nbsp;pero la lista es mucho mas extensa y todos de naturaleza sanguinea, estos c\u00e1nceres han recibido&nbsp;poca atenci\u00f3n. Aun as\u00ed, hay una luz: quimioterapias dirigidas, terapias blanco, tratamientos libres&nbsp;de quimioterapia como los biespecificos, uso de c\u00e9lulas CAR-T, y por supuesto el trasplante de&nbsp;m\u00e9dula \u00f3sea; que siempre ser\u00e1 un pilar de tratamiento. Gracias a quienes hacen posible que esta&nbsp;campa\u00f1a toque una de las principales arterias de la ciudad y que m\u00e1s personas conozcan este&nbsp;c\u00e1ncer tan diverso\u201d, destac\u00f3 el Dr. Luis Felipe Rubalcava, m\u00e9dico hemat\u00f3logo del Instituto&nbsp;Nacional de Cancerolog\u00eda.<\/p>\n\n\n\n<figure class=\"wp-block-gallery has-nested-images columns-default is-cropped wp-block-gallery-3 is-layout-flex wp-block-gallery-is-layout-flex\">\n<figure class=\"wp-block-image size-large\"><img decoding=\"async\" width=\"500\" height=\"750\" data-id=\"1039146\" src=\"https:\/\/dimensionturistica.com\/es\/wp-content\/uploads\/2025\/09\/2CANCER-1.jpg\" alt=\"\" class=\"wp-image-1039146\" srcset=\"https:\/\/dimensionturistica.com\/es\/wp-content\/uploads\/2025\/09\/2CANCER-1.jpg 500w, https:\/\/dimensionturistica.com\/es\/wp-content\/uploads\/2025\/09\/2CANCER-1-200x300.jpg 200w\" sizes=\"(max-width: 500px) 100vw, 500px\" \/><\/figure>\n<\/figure>\n\n\n\n<p>La exposici\u00f3n incluye relatos como el de Juan Pablo, diagnosticado con Leucemia Mieloide Aguda en&nbsp;2023, y el de Fernando, quien vive con Leucemia Linfobl\u00e1stica Aguda desde los 7 a\u00f1os. Ambos reflejan&nbsp;la lucha constante, los retos emocionales, econ\u00f3micos y f\u00edsicos, as\u00ed como la fuerza que se encuentra en&nbsp;el acompa\u00f1amiento familiar y comunitario.<\/p>\n\n\n\n<p>Desde su fundaci\u00f3n, Unidos\u2026 Pro Trasplante de M\u00e9dula \u00d3sea ha acompa\u00f1ado a m\u00e1s de 50,000&nbsp;personas, brindando medicamentos, insumos m\u00e9dicos, apoyo emocional y capacitaci\u00f3n especializada,&nbsp;en colaboraci\u00f3n con instituciones tanto p\u00fablicas como privadas.<\/p>\n\n\n\n<p>La muestra \u201cVivir con C\u00e1nceres Hematol\u00f3gicos: Historias de Resiliencia\u201d es una invitaci\u00f3n a&nbsp;recorrer, reflexionar y actuar. Cada retrato es un llamado a sumar esfuerzos para transformar el&nbsp;panorama de estas enfermedades en M\u00e9xico.<\/p>\n\n\n\n<p>Datos sobre la exposici\u00f3n:<\/p>\n\n\n\n<figure class=\"wp-block-gallery has-nested-images columns-default is-cropped wp-block-gallery-4 is-layout-flex wp-block-gallery-is-layout-flex\">\n<figure class=\"wp-block-image size-large\"><img decoding=\"async\" width=\"500\" height=\"750\" data-id=\"1039147\" src=\"https:\/\/dimensionturistica.com\/es\/wp-content\/uploads\/2025\/09\/6CANCER.jpg\" alt=\"\" class=\"wp-image-1039147\" srcset=\"https:\/\/dimensionturistica.com\/es\/wp-content\/uploads\/2025\/09\/6CANCER.jpg 500w, https:\/\/dimensionturistica.com\/es\/wp-content\/uploads\/2025\/09\/6CANCER-200x300.jpg 200w\" sizes=\"(max-width: 500px) 100vw, 500px\" \/><\/figure>\n<\/figure>\n\n\n\n<p>Exposici\u00f3n:&nbsp;Vivir con C\u00e1nceres Hematol\u00f3gicos: Historias de Resiliencia&nbsp;Ubicaci\u00f3n :&nbsp;Paseo de la Reforma, entre el edificio central del IMSS y la Diana Cazadora<\/p>\n\n\n\n<p>Fechas :&nbsp;Del 01 al 30 de septiembre del 2025.<\/p>\n\n\n\n<p>Organiza :&nbsp;Unidos\u2026 Asociaci\u00f3n Pro Trasplante de M\u00e9dula \u00d3sea \u201cFrancisco Casares Cortina\u201d A.C.<\/p>\n\n\n\n<p>Sitio web: www.uni2.org.mx<\/p>\n","protected":false},"excerpt":{"rendered":"<p>En el marco del Mes de la Concientizaci\u00f3n de los&nbsp;C\u00e1nceres Hematol\u00f3gicos, Unidos\u2026 Asociaci\u00f3n Pro Trasplante de M\u00e9dula \u00d3sea \u201cFrancisco Casares&nbsp;Cortina\u201d A.C., en colaboraci\u00f3n con la Secretar\u00eda de Cultura de la Ciudad de M\u00e9xico, presenta la&nbsp;exposici\u00f3n fotogr\u00e1fica \u201cVivir con C\u00e1nceres Hematol\u00f3gicos: Historias de Resiliencia\u201d, una propuesta&nbsp;art\u00edstica y testimonial que busca visibilizar la experiencia de vida frente [&hellip;]<\/p>\n","protected":false},"author":1,"featured_media":0,"comment_status":"open","ping_status":"closed","sticky":false,"template":"","format":"standard","meta":{"om_disable_all_campaigns":false,"jnews-multi-image_gallery":[],"jnews_single_post":[],"jnews_primary_category":[],"jnews_social_meta":[],"footnotes":""},"categories":[40],"tags":[],"class_list":["post-1039139","post","type-post","status-publish","format-standard","hentry","category-industria"],"_links":{"self":[{"href":"https:\/\/dimensionturistica.com\/es\/wp-json\/wp\/v2\/posts\/1039139","targetHints":{"allow":["GET"]}}],"collection":[{"href":"https:\/\/dimensionturistica.com\/es\/wp-json\/wp\/v2\/posts"}],"about":[{"href":"https:\/\/dimensionturistica.com\/es\/wp-json\/wp\/v2\/types\/post"}],"author":[{"embeddable":true,"href":"https:\/\/dimensionturistica.com\/es\/wp-json\/wp\/v2\/users\/1"}],"replies":[{"embeddable":true,"href":"https:\/\/dimensionturistica.com\/es\/wp-json\/wp\/v2\/comments?post=1039139"}],"version-history":[{"count":0,"href":"https:\/\/dimensionturistica.com\/es\/wp-json\/wp\/v2\/posts\/1039139\/revisions"}],"wp:attachment":[{"href":"https:\/\/dimensionturistica.com\/es\/wp-json\/wp\/v2\/media?parent=1039139"}],"wp:term":[{"taxonomy":"category","embeddable":true,"href":"https:\/\/dimensionturistica.com\/es\/wp-json\/wp\/v2\/categories?post=1039139"},{"taxonomy":"post_tag","embeddable":true,"href":"https:\/\/dimensionturistica.com\/es\/wp-json\/wp\/v2\/tags?post=1039139"}],"curies":[{"name":"wp","href":"https:\/\/api.w.org\/{rel}","templated":true}]}}