{"id":1039116,"date":"2025-09-03T23:36:54","date_gmt":"2025-09-03T23:36:54","guid":{"rendered":"https:\/\/dimensionturistica.com\/es\/?p=1039116"},"modified":"2025-09-03T23:36:54","modified_gmt":"2025-09-03T23:36:54","slug":"corona-celebra-100-anos-con-el-cartel-de-corona-capital-sessions-de-guadalajara-monterrey-y-merida","status":"publish","type":"post","link":"https:\/\/dimensionturistica.com\/es\/corona-celebra-100-anos-con-el-cartel-de-corona-capital-sessions-de-guadalajara-monterrey-y-merida\/","title":{"rendered":"\u00a0Corona celebra 100 a\u00f1os con el cartel de Corona Capital Sessions de Guadalajara, Monterrey y M\u00e9rida"},"content":{"rendered":"\n<figure class=\"wp-block-gallery has-nested-images columns-default is-cropped wp-block-gallery-1 is-layout-flex wp-block-gallery-is-layout-flex\">\n<figure class=\"wp-block-image size-large\"><img decoding=\"async\" width=\"500\" height=\"625\" data-id=\"1039120\" src=\"https:\/\/dimensionturistica.com\/es\/wp-content\/uploads\/2025\/09\/cartel-corona-capital-2025.jpg\" alt=\"\" class=\"wp-image-1039120\" srcset=\"https:\/\/dimensionturistica.com\/es\/wp-content\/uploads\/2025\/09\/cartel-corona-capital-2025.jpg 500w, https:\/\/dimensionturistica.com\/es\/wp-content\/uploads\/2025\/09\/cartel-corona-capital-2025-240x300.jpg 240w\" sizes=\"(max-width: 500px) 100vw, 500px\" \/><\/figure>\n<\/figure>\n\n\n\n<p>Hace cien a\u00f1os naci\u00f3 Corona, una cerveza que impuls\u00f3 a los mexicanos a siempre dar el extra. Ahora, la cerveza ic\u00f3nica del portafolio de Grupo Modelo, invita a todos los mexicanos a la fiesta del siglo.<\/p>\n\n\n\n<figure class=\"wp-block-gallery has-nested-images columns-default is-cropped wp-block-gallery-2 is-layout-flex wp-block-gallery-is-layout-flex\">\n<figure class=\"wp-block-image size-large\"><img decoding=\"async\" width=\"500\" height=\"614\" data-id=\"1039122\" src=\"https:\/\/dimensionturistica.com\/es\/wp-content\/uploads\/2025\/09\/1CORONA.jpg\" alt=\"\" class=\"wp-image-1039122\" srcset=\"https:\/\/dimensionturistica.com\/es\/wp-content\/uploads\/2025\/09\/1CORONA.jpg 500w, https:\/\/dimensionturistica.com\/es\/wp-content\/uploads\/2025\/09\/1CORONA-244x300.jpg 244w\" sizes=\"(max-width: 500px) 100vw, 500px\" \/><\/figure>\n<\/figure>\n\n\n\n<p>Como parte de su campa\u00f1a \u201c100 A\u00f1os Impulsando el Extra de M\u00e9xico\u201d, Corona lleva la m\u00fasica de uno de los festivales m\u00e1s importantes del mundo a nuevas capitales del pa\u00eds con las ediciones de Corona Capital Sessions. Con este nuevo formato, la marca del portafolio de Grupo Modelo agradece a los mexicanos que durante generaciones han acompa\u00f1ado su historia, regal\u00e1ndoles un cartel que re\u00fane algunas de las bandas internacionales m\u00e1s amadas en escenarios dise\u00f1ados especialmente para cada uno de los estados anfitriones.<\/p>\n\n\n\n<p><\/p>\n\n\n\n<p>Porque el extra de los mexicanos tambi\u00e9n se celebra con m\u00fasica, en noviembre iniciar\u00e1 este gran festejo. El Corona Capital Sessions llega a Guadalajara con la presencia de Keane, Phoenix y The Kooks, el pr\u00f3ximo 6 de noviembre, en el Estadio 3 de Marzo. A M\u00e9rida llegar\u00e1 con un cartel internacional que cautivar\u00e1 los corazones de los yucatecos, el pr\u00f3ximo 8 de noviembre sonando al ritmo de Keane, Phoenix y Passion Pit, en el Estadio Iturralde. Los Corona Capital Sessions concluir\u00e1n en Monterrey, la capital de Nuevo Le\u00f3n, que recibir\u00e1 a Foo Fighters, Queens of the Stone Age y Jehnny Beth, el pr\u00f3ximo 12 de noviembre, en el Estadio Banorte. Los accesos a estas ediciones podr\u00e1n adquirirse a trav\u00e9s de Ticketmaster y en M\u00e9rida por la plataforma de E-ticket.<\/p>\n\n\n\n<figure class=\"wp-block-gallery has-nested-images columns-default is-cropped wp-block-gallery-3 is-layout-flex wp-block-gallery-is-layout-flex\">\n<figure class=\"wp-block-image size-large\"><img decoding=\"async\" width=\"500\" height=\"500\" data-id=\"1039123\" src=\"https:\/\/dimensionturistica.com\/es\/wp-content\/uploads\/2025\/09\/2CORONA.jpg\" alt=\"\" class=\"wp-image-1039123\" srcset=\"https:\/\/dimensionturistica.com\/es\/wp-content\/uploads\/2025\/09\/2CORONA.jpg 500w, https:\/\/dimensionturistica.com\/es\/wp-content\/uploads\/2025\/09\/2CORONA-300x300.jpg 300w, https:\/\/dimensionturistica.com\/es\/wp-content\/uploads\/2025\/09\/2CORONA-150x150.jpg 150w, https:\/\/dimensionturistica.com\/es\/wp-content\/uploads\/2025\/09\/2CORONA-75x75.jpg 75w, https:\/\/dimensionturistica.com\/es\/wp-content\/uploads\/2025\/09\/2CORONA-350x350.jpg 350w\" sizes=\"(max-width: 500px) 100vw, 500px\" \/><\/figure>\n<\/figure>\n\n\n\n<p>Adem\u00e1s de la m\u00fasica, Corona prepara un tributo especial a esta celebraci\u00f3n con el lanzamiento de latas ediciones exclusivas de Corona Extra, dise\u00f1adas especialmente para los estados anfitriones: Guadalajara, M\u00e9rida y Monterrey. Estas latas, intervenidas por el artista mexicano Pogo, rinden homenaje a la m\u00fasica y a los mexicanos.<\/p>\n\n\n\n<p><\/p>\n\n\n\n<p>Durante 100 a\u00f1os, Corona ha encontrado en los mexicanos la inspiraci\u00f3n para dar siempre el extra. Lo que naci\u00f3 con un grupo de visionarios que so\u00f1aron con crear la cerveza n\u00famero uno del mundo, se convirti\u00f3 en un legado que cruz\u00f3 fronteras y demostr\u00f3 que so\u00f1ar en grande es posible.<\/p>\n\n\n\n<figure class=\"wp-block-gallery has-nested-images columns-default is-cropped wp-block-gallery-4 is-layout-flex wp-block-gallery-is-layout-flex\">\n<figure class=\"wp-block-image size-large\"><img decoding=\"async\" width=\"500\" height=\"500\" data-id=\"1039124\" src=\"https:\/\/dimensionturistica.com\/es\/wp-content\/uploads\/2025\/09\/4CORONA.jpg\" alt=\"\" class=\"wp-image-1039124\" srcset=\"https:\/\/dimensionturistica.com\/es\/wp-content\/uploads\/2025\/09\/4CORONA.jpg 500w, https:\/\/dimensionturistica.com\/es\/wp-content\/uploads\/2025\/09\/4CORONA-300x300.jpg 300w, https:\/\/dimensionturistica.com\/es\/wp-content\/uploads\/2025\/09\/4CORONA-150x150.jpg 150w, https:\/\/dimensionturistica.com\/es\/wp-content\/uploads\/2025\/09\/4CORONA-75x75.jpg 75w, https:\/\/dimensionturistica.com\/es\/wp-content\/uploads\/2025\/09\/4CORONA-350x350.jpg 350w\" sizes=\"(max-width: 500px) 100vw, 500px\" \/><\/figure>\n<\/figure>\n","protected":false},"excerpt":{"rendered":"<p>Hace cien a\u00f1os naci\u00f3 Corona, una cerveza que impuls\u00f3 a los mexicanos a siempre dar el extra. Ahora, la cerveza ic\u00f3nica del portafolio de Grupo Modelo, invita a todos los mexicanos a la fiesta del siglo. Como parte de su campa\u00f1a \u201c100 A\u00f1os Impulsando el Extra de M\u00e9xico\u201d, Corona lleva la m\u00fasica de uno de [&hellip;]<\/p>\n","protected":false},"author":1,"featured_media":0,"comment_status":"open","ping_status":"closed","sticky":false,"template":"","format":"standard","meta":{"om_disable_all_campaigns":false,"jnews-multi-image_gallery":[],"jnews_single_post":[],"jnews_primary_category":[],"jnews_social_meta":[],"footnotes":""},"categories":[144872],"tags":[],"class_list":["post-1039116","post","type-post","status-publish","format-standard","hentry","category-fashion"],"_links":{"self":[{"href":"https:\/\/dimensionturistica.com\/es\/wp-json\/wp\/v2\/posts\/1039116","targetHints":{"allow":["GET"]}}],"collection":[{"href":"https:\/\/dimensionturistica.com\/es\/wp-json\/wp\/v2\/posts"}],"about":[{"href":"https:\/\/dimensionturistica.com\/es\/wp-json\/wp\/v2\/types\/post"}],"author":[{"embeddable":true,"href":"https:\/\/dimensionturistica.com\/es\/wp-json\/wp\/v2\/users\/1"}],"replies":[{"embeddable":true,"href":"https:\/\/dimensionturistica.com\/es\/wp-json\/wp\/v2\/comments?post=1039116"}],"version-history":[{"count":0,"href":"https:\/\/dimensionturistica.com\/es\/wp-json\/wp\/v2\/posts\/1039116\/revisions"}],"wp:attachment":[{"href":"https:\/\/dimensionturistica.com\/es\/wp-json\/wp\/v2\/media?parent=1039116"}],"wp:term":[{"taxonomy":"category","embeddable":true,"href":"https:\/\/dimensionturistica.com\/es\/wp-json\/wp\/v2\/categories?post=1039116"},{"taxonomy":"post_tag","embeddable":true,"href":"https:\/\/dimensionturistica.com\/es\/wp-json\/wp\/v2\/tags?post=1039116"}],"curies":[{"name":"wp","href":"https:\/\/api.w.org\/{rel}","templated":true}]}}