{"id":1039052,"date":"2025-09-03T22:32:01","date_gmt":"2025-09-03T22:32:01","guid":{"rendered":"https:\/\/dimensionturistica.com\/es\/?p=1039052"},"modified":"2025-09-03T22:32:01","modified_gmt":"2025-09-03T22:32:01","slug":"wellness-is-baja-sur-dos-experiencias-unicas-de-yoga-wellness-meditacion-y-musica","status":"publish","type":"post","link":"https:\/\/dimensionturistica.com\/es\/wellness-is-baja-sur-dos-experiencias-unicas-de-yoga-wellness-meditacion-y-musica\/","title":{"rendered":"Wellness is Baja Sur: dos experiencias \u00fanicas de yoga, wellness, meditaci\u00f3n y m\u00fasica"},"content":{"rendered":"\n<figure class=\"wp-block-gallery has-nested-images columns-default is-cropped wp-block-gallery-1 is-layout-flex wp-block-gallery-is-layout-flex\">\n<figure class=\"wp-block-image size-large\"><img decoding=\"async\" width=\"500\" height=\"103\" data-id=\"1039054\" src=\"https:\/\/dimensionturistica.com\/es\/wp-content\/uploads\/2025\/09\/1baja.jpg\" alt=\"\" class=\"wp-image-1039054\" srcset=\"https:\/\/dimensionturistica.com\/es\/wp-content\/uploads\/2025\/09\/1baja.jpg 500w, https:\/\/dimensionturistica.com\/es\/wp-content\/uploads\/2025\/09\/1baja-300x62.jpg 300w\" sizes=\"(max-width: 500px) 100vw, 500px\" \/><\/figure>\n<\/figure>\n\n\n\n<p>Este oto\u00f1o, Baja California Sur se convertir\u00e1 en el epicentro del Wellness con la realizaci\u00f3n de dos eventos imperdibles que promueven un estilo de vida saludable y consciente: Todos Santos Wellness Fest y Loreto Live Well Experience.<\/p>\n\n\n\n<p>Ambas experiencias reunir\u00e1n a destacados expertos en yoga, meditaci\u00f3n y salud integral, adem\u00e1s de invitados especiales que enriquecer\u00e1n el programa con talleres, m\u00fasica en vivo y gastronom\u00eda saludable<\/p>\n\n\n\n<p>Impulsado por el Fideicomiso de Turismo Estatal, la Secretar\u00eda de Turismo del estado de Baja California Sur, Sabino Producciones y el Instituto Mexicano de Yoga, se busca posicionar al estado como el destino por excelencia para diferentes actividades relativas al bienestar.<\/p>\n\n\n\n<figure class=\"wp-block-gallery has-nested-images columns-default is-cropped wp-block-gallery-2 is-layout-flex wp-block-gallery-is-layout-flex\">\n<figure class=\"wp-block-image size-large\"><img decoding=\"async\" width=\"500\" height=\"333\" data-id=\"1039055\" src=\"https:\/\/dimensionturistica.com\/es\/wp-content\/uploads\/2025\/09\/2bbaja.jpg\" alt=\"\" class=\"wp-image-1039055\" srcset=\"https:\/\/dimensionturistica.com\/es\/wp-content\/uploads\/2025\/09\/2bbaja.jpg 500w, https:\/\/dimensionturistica.com\/es\/wp-content\/uploads\/2025\/09\/2bbaja-300x200.jpg 300w\" sizes=\"(max-width: 500px) 100vw, 500px\" \/><\/figure>\n<\/figure>\n\n\n\n<p>Estas dos experiencias organizadas por Sabino Producciones, bajo la direcci\u00f3n de Fernando del Olmo, cuentan con el apoyo de Maribel Collins, Secretaria de turismo de Baja California Sur; Jesus Ernesto Ordo\u00f1ez y Director General Del Fideicomiso de Turismo Estatal, y Ana Paula Dominguez, Presidente del Instituto Mexicano de Yoga.<\/p>\n\n\n\n<p>Todos Santos Wellness Fest<\/p>\n\n\n\n<p>Se realizar\u00e1 en el Pueblo M\u00e1gico de Todos Santos, los d\u00edas 31 de octubre, 1 y 2 de noviembre y contar\u00e1 con la participaci\u00f3n de 500 participantes. Esta experiencia integral de bienestar que fusiona pr\u00e1cticas de yoga, meditaci\u00f3n, m\u00fasica en vivo y cocina saludable en un entorno natural y cultural, ser\u00e1 memorable.<\/p>\n\n\n\n<p>El programa de Todos Santos Wellness Fest est\u00e1 dise\u00f1ado para yoguis y yoguinis de todos los niveles pero con una buena dotaci\u00f3n de pr\u00e1ctica f\u00edsica. Modalidades como Rocket Yoga, Kundalini, Tribal Dance y Shift son algunas de las modalidades a presentar.<\/p>\n\n\n\n<figure class=\"wp-block-gallery has-nested-images columns-default is-cropped wp-block-gallery-3 is-layout-flex wp-block-gallery-is-layout-flex\">\n<figure class=\"wp-block-image size-large\"><img decoding=\"async\" width=\"500\" height=\"290\" data-id=\"1039056\" src=\"https:\/\/dimensionturistica.com\/es\/wp-content\/uploads\/2025\/09\/3BAJA.jpg\" alt=\"\" class=\"wp-image-1039056\" srcset=\"https:\/\/dimensionturistica.com\/es\/wp-content\/uploads\/2025\/09\/3BAJA.jpg 500w, https:\/\/dimensionturistica.com\/es\/wp-content\/uploads\/2025\/09\/3BAJA-300x174.jpg 300w\" sizes=\"(max-width: 500px) 100vw, 500px\" \/><\/figure>\n<\/figure>\n\n\n\n<figure class=\"wp-block-gallery has-nested-images columns-default is-cropped wp-block-gallery-4 is-layout-flex wp-block-gallery-is-layout-flex\"><\/figure>\n\n\n\n<p>Adem\u00e1s estar\u00e1n como invitados David Kyle, DJ Taz Rashid, Robert Sturman, Amayama, Angie Flores Saiffe, Ana Paula Dom\u00ednguez, Ana Ponzo, Annie Parr, Beni Falc\u00f3n y Lady Gang.<\/p>\n\n\n\n<p>Todos Santos, reconocido por su energ\u00eda \u00fanica, playas v\u00edrgenes y ambiente art\u00edstico, ofrecer\u00e1 el escenario perfecto para reconectar con el cuerpo y la mente.<\/p>\n\n\n\n<p>Loreto Live Well Experience<\/p>\n\n\n\n<p>Loreto, un incre\u00edble Pueblo M\u00e1gico de M\u00e9xico, se alista para recibir a m\u00e1s de 200 participantes en el Loreto Live Well Experience, un retiro hol\u00edstico que se llevar\u00e1 a cabo del 7 al 9 de noviembre.<\/p>\n\n\n\n<figure class=\"wp-block-gallery has-nested-images columns-default is-cropped wp-block-gallery-5 is-layout-flex wp-block-gallery-is-layout-flex\">\n<figure class=\"wp-block-image size-large\"><img decoding=\"async\" width=\"500\" height=\"375\" data-id=\"1039057\" src=\"https:\/\/dimensionturistica.com\/es\/wp-content\/uploads\/2025\/09\/5BAJA.jpg\" alt=\"\" class=\"wp-image-1039057\" srcset=\"https:\/\/dimensionturistica.com\/es\/wp-content\/uploads\/2025\/09\/5BAJA.jpg 500w, https:\/\/dimensionturistica.com\/es\/wp-content\/uploads\/2025\/09\/5BAJA-300x225.jpg 300w\" sizes=\"(max-width: 500px) 100vw, 500px\" \/><\/figure>\n<\/figure>\n\n\n\n<p>En el coraz\u00f3n de las monta\u00f1as y playas de la regi\u00f3n, los asistentes disfrutar\u00e1n de un fin de semana dedicado al bienestar, con experiencias dise\u00f1adas para conectar con el hermoso entorno natural. El evento se centrar\u00e1 en temas como la longevidad, el mindfulness, el yoga restaurativo y el yoga para ni\u00f1os y familias. Adem\u00e1s, el programa incluir\u00e1 conciertos y meditaciones aptas para practicantes de todos los niveles, desde principiantes hasta avanzados.<\/p>\n\n\n\n<p><\/p>\n\n\n\n<p>Entre los talentos que guiar\u00e1n las actividades del festival se encuentran Matt Pesendin, Ceci de los R\u00edos, Ana Paula Dom\u00ednguez, Beni Falc\u00f3n, Citlali Chalvignac, Jimena Pati\u00f1o, Luis de la Rosa, Lady Gang y Elis Regina.<\/p>\n\n\n\n<figure class=\"wp-block-gallery has-nested-images columns-default is-cropped wp-block-gallery-6 is-layout-flex wp-block-gallery-is-layout-flex\">\n<figure class=\"wp-block-image size-large\"><img decoding=\"async\" width=\"500\" height=\"356\" data-id=\"1039058\" src=\"https:\/\/dimensionturistica.com\/es\/wp-content\/uploads\/2025\/09\/7BAJA.jpg\" alt=\"\" class=\"wp-image-1039058\" srcset=\"https:\/\/dimensionturistica.com\/es\/wp-content\/uploads\/2025\/09\/7BAJA.jpg 500w, https:\/\/dimensionturistica.com\/es\/wp-content\/uploads\/2025\/09\/7BAJA-300x214.jpg 300w, https:\/\/dimensionturistica.com\/es\/wp-content\/uploads\/2025\/09\/7BAJA-120x86.jpg 120w, https:\/\/dimensionturistica.com\/es\/wp-content\/uploads\/2025\/09\/7BAJA-350x250.jpg 350w\" sizes=\"(max-width: 500px) 100vw, 500px\" \/><\/figure>\n<\/figure>\n\n\n\n<figure class=\"wp-block-gallery has-nested-images columns-default is-cropped wp-block-gallery-7 is-layout-flex wp-block-gallery-is-layout-flex\"><\/figure>\n\n\n\n<p>Para una experiencia sin preocupaciones, el Loreto Live Well Experience ofrece paquetes de hospitalidad Todo Incluido. Estos paquetes cubren vuelos desde diversas partes del pa\u00eds, traslados, hospedaje en hoteles y acceso al festival. Para m\u00e1s informaci\u00f3n y detalles, ingresa a la p\u00e1gina: &nbsp;www.yoga.com.mx\/eventos\/<\/p>\n\n\n\n<p>IG: loretolivewellexperience\/<\/p>\n\n\n\n<p>IG:todosantoswellnessfest\/<\/p>\n","protected":false},"excerpt":{"rendered":"<p>Este oto\u00f1o, Baja California Sur se convertir\u00e1 en el epicentro del Wellness con la realizaci\u00f3n de dos eventos imperdibles que promueven un estilo de vida saludable y consciente: Todos Santos Wellness Fest y Loreto Live Well Experience. Ambas experiencias reunir\u00e1n a destacados expertos en yoga, meditaci\u00f3n y salud integral, adem\u00e1s de invitados especiales que enriquecer\u00e1n [&hellip;]<\/p>\n","protected":false},"author":1,"featured_media":0,"comment_status":"open","ping_status":"closed","sticky":false,"template":"","format":"standard","meta":{"om_disable_all_campaigns":false,"jnews-multi-image_gallery":[],"jnews_single_post":[],"jnews_primary_category":[],"jnews_social_meta":[],"footnotes":""},"categories":[39],"tags":[],"class_list":["post-1039052","post","type-post","status-publish","format-standard","hentry","category-viajes"],"_links":{"self":[{"href":"https:\/\/dimensionturistica.com\/es\/wp-json\/wp\/v2\/posts\/1039052","targetHints":{"allow":["GET"]}}],"collection":[{"href":"https:\/\/dimensionturistica.com\/es\/wp-json\/wp\/v2\/posts"}],"about":[{"href":"https:\/\/dimensionturistica.com\/es\/wp-json\/wp\/v2\/types\/post"}],"author":[{"embeddable":true,"href":"https:\/\/dimensionturistica.com\/es\/wp-json\/wp\/v2\/users\/1"}],"replies":[{"embeddable":true,"href":"https:\/\/dimensionturistica.com\/es\/wp-json\/wp\/v2\/comments?post=1039052"}],"version-history":[{"count":0,"href":"https:\/\/dimensionturistica.com\/es\/wp-json\/wp\/v2\/posts\/1039052\/revisions"}],"wp:attachment":[{"href":"https:\/\/dimensionturistica.com\/es\/wp-json\/wp\/v2\/media?parent=1039052"}],"wp:term":[{"taxonomy":"category","embeddable":true,"href":"https:\/\/dimensionturistica.com\/es\/wp-json\/wp\/v2\/categories?post=1039052"},{"taxonomy":"post_tag","embeddable":true,"href":"https:\/\/dimensionturistica.com\/es\/wp-json\/wp\/v2\/tags?post=1039052"}],"curies":[{"name":"wp","href":"https:\/\/api.w.org\/{rel}","templated":true}]}}