{"id":1039047,"date":"2025-09-03T22:23:57","date_gmt":"2025-09-03T22:23:57","guid":{"rendered":"https:\/\/dimensionturistica.com\/es\/?p=1039047"},"modified":"2025-09-03T22:23:57","modified_gmt":"2025-09-03T22:23:57","slug":"por-que-las-mujeres-millennials-sentimos-una-fascinacion-por-esa-serie-veraniega","status":"publish","type":"post","link":"https:\/\/dimensionturistica.com\/es\/por-que-las-mujeres-millennials-sentimos-una-fascinacion-por-esa-serie-veraniega\/","title":{"rendered":"Por qu\u00e9 las mujeres millennials sentimos una fascinaci\u00f3n por esa serie veraniega."},"content":{"rendered":"<h3>La Nostalgia y la Moda: El Fascinante Efecto de &#8220;The Summer I Turned Pretty&#8221;<\/h3>\n<p>En el vasto universo de las plataformas de streaming, algunas historias resuenan m\u00e1s all\u00e1 de la simple narrativa visual, capturando la esencia de una generaci\u00f3n. Este es el caso de una serie que ha logrado que la cultura pop de la milenial regrese con fuerza a los corazones de muchas. Pero, \u00bfqu\u00e9 tiene este relato que nos fascina y, sobre todo, c\u00f3mo influye en el \u00e1mbito de la moda?<\/p>\n<p><strong>Una Est\u00e9tica Cautivadora<\/strong><\/p>\n<p>La serie se destaca no solo por su trama; la est\u00e9tica de cada escena es una invitaci\u00f3n a un verano eterno. Los atuendos que lucen los personajes se convierten en piezas ic\u00f3nicas que evocan recuerdos de una juventud despreocupada. Colores pastel, tejidos ligeros y patrones veraniegos hacen que cada episodio sea un desfile de tendencias que vale la pena copiar. Los looks desenfadados se mezclan con toques de sofisticaci\u00f3n, creando un puente entre lo casual y lo chic. Las camisetas b\u00e1sicas, los shorts de mezclilla y los maxi vestidos son solo algunos ejemplos de prendas que han vuelto a tomar protagonismo.<\/p>\n<p><strong>El Regreso de los Cl\u00e1sicos<\/strong><\/p>\n<p>La moda siempre vuelve, pero en este caso, los cl\u00e1sicos est\u00e1n siendo reinterpretados. La serie ha revitalizado elementos que alguna vez fueron tendencias periclitadas. Combinaciones atrevidas, como la mezcla de prints florales y rayas, se han reinstalado en el armario moderno. Adem\u00e1s, los accesorios juegan un papel fundamental: diademas, gafas de sol grandes y bisuter\u00eda colorida a\u00f1aden el toque final que completa cualquier atuendo.<\/p>\n<p><strong>La Influencia en las Redes Sociales<\/strong><\/p>\n<p>El impacto de la serie se extiende m\u00e1s all\u00e1 de la pantalla. Las redes sociales se han convertido en una plataforma donde los seguidores recrean los estilos de sus personajes favoritos. Hashtags inspirados en la serie han comenzado a dominar los feeds, invitando a la comunidad a compartir sus versiones de los looks m\u00e1s memorables. Este fen\u00f3meno viral es un recordatorio del poder de la moda como veh\u00edculo de expresi\u00f3n personal, especialmente entre la audiencia milenial que busca autenticidad en cada publicaci\u00f3n.<\/p>\n<p><strong>La Representaci\u00f3n del Amor y la Identidad a Trav\u00e9s de la Moda<\/strong><\/p>\n<p>No se puede subestimar el papel que juega la moda en la narraci\u00f3n de historias sobre identidad y amor. Cada atuendo en la serie cuenta una historia, refleja el crecimiento de los personajes y, por ende, conecta emocionalmente con los espectadores. En este contexto, la ropa no es solo tela; se convierte en un s\u00edmbolo de autoexpresi\u00f3n. Las mujeres millennials se ven reflejadas en estos relatos, buscando outfits que tambi\u00e9n cuenten su propia historia.<\/p>\n<p><strong>Un Imperativo de Estilo<\/strong><\/p>\n<p>As\u00ed, \u201cThe Summer I Turned Pretty\u201d no solo es un retrato de la adolescencia; es una explosi\u00f3n de inspiraci\u00f3n estil\u00edstica. La siguiente vez que elijas tu ropa veraniega, recuerda el poder de la nostalgia y c\u00f3mo puede transformarse en tu mejor aliado a la hora de construir tu imagen. Los veranos no solo se viven; se visten, se comparten y, sobre todo, se recuerdan.<\/p>\n<p>Este fen\u00f3meno cultural invita a todos a reimaginar la forma en que se relacionan con su guardarropa, especialmente en esas largas tardes de verano que parecen no tener fin. La moda es un ciclo, y la reciente popularidad de esta serie es solo el \u00faltimo paso en un viaje que ha comenzado desde hace d\u00e9cadas. As\u00ed que, \u00bfqu\u00e9 prenda a\u00f1adir\u00e1s a tu armario para celebrar ese encanto juvenil que combina la ligereza del verano con el peso de los recuerdos?<\/p>\n<p><em> &#8221; Fuentes www.vogue.mx &#8221; <\/em><\/p>\n","protected":false},"excerpt":{"rendered":"<p>La Nostalgia y la Moda: El Fascinante Efecto de &#8220;The Summer I Turned Pretty&#8221; En el vasto universo de las plataformas de streaming, algunas historias resuenan m\u00e1s all\u00e1 de la simple narrativa visual, capturando la esencia de una generaci\u00f3n. Este es el caso de una serie que ha logrado que la cultura pop de la [&hellip;]<\/p>\n","protected":false},"author":14,"featured_media":1039048,"comment_status":"open","ping_status":"closed","sticky":false,"template":"","format":"standard","meta":{"om_disable_all_campaigns":false,"jnews-multi-image_gallery":[],"jnews_single_post":[],"jnews_primary_category":[],"jnews_social_meta":[],"footnotes":""},"categories":[144872],"tags":[136343,18881,7019,8092,206797,10160,176687,24919,39144,2182,236254],"class_list":["post-1039047","post","type-post","status-publish","format-standard","has-post-thumbnail","hentry","category-fashion","tag-cultura-pop","tag-juventud","tag-millennials","tag-mujeres","tag-obsesion","tag-romance","tag-sentimientos","tag-series-de-television","tag-series-de-tv","tag-tendencias","tag-the-summer-i-turned-pretty"],"_links":{"self":[{"href":"https:\/\/dimensionturistica.com\/es\/wp-json\/wp\/v2\/posts\/1039047","targetHints":{"allow":["GET"]}}],"collection":[{"href":"https:\/\/dimensionturistica.com\/es\/wp-json\/wp\/v2\/posts"}],"about":[{"href":"https:\/\/dimensionturistica.com\/es\/wp-json\/wp\/v2\/types\/post"}],"author":[{"embeddable":true,"href":"https:\/\/dimensionturistica.com\/es\/wp-json\/wp\/v2\/users\/14"}],"replies":[{"embeddable":true,"href":"https:\/\/dimensionturistica.com\/es\/wp-json\/wp\/v2\/comments?post=1039047"}],"version-history":[{"count":0,"href":"https:\/\/dimensionturistica.com\/es\/wp-json\/wp\/v2\/posts\/1039047\/revisions"}],"wp:featuredmedia":[{"embeddable":true,"href":"https:\/\/dimensionturistica.com\/es\/wp-json\/wp\/v2\/media\/1039048"}],"wp:attachment":[{"href":"https:\/\/dimensionturistica.com\/es\/wp-json\/wp\/v2\/media?parent=1039047"}],"wp:term":[{"taxonomy":"category","embeddable":true,"href":"https:\/\/dimensionturistica.com\/es\/wp-json\/wp\/v2\/categories?post=1039047"},{"taxonomy":"post_tag","embeddable":true,"href":"https:\/\/dimensionturistica.com\/es\/wp-json\/wp\/v2\/tags?post=1039047"}],"curies":[{"name":"wp","href":"https:\/\/api.w.org\/{rel}","templated":true}]}}