{"id":1038868,"date":"2025-09-03T17:07:05","date_gmt":"2025-09-03T17:07:05","guid":{"rendered":"https:\/\/dimensionturistica.com\/es\/?p=1038868"},"modified":"2025-09-03T17:07:05","modified_gmt":"2025-09-03T17:07:05","slug":"festival-quetzalcoatl-musica-medicina-y-raices-ancestrales-en-el-foro-alicia","status":"publish","type":"post","link":"https:\/\/dimensionturistica.com\/es\/festival-quetzalcoatl-musica-medicina-y-raices-ancestrales-en-el-foro-alicia\/","title":{"rendered":"Festival Quetzalc\u00f3atl, m\u00fasica medicina y ra\u00edces ancestrales en el Foro Alicia"},"content":{"rendered":"\n<figure class=\"wp-block-gallery has-nested-images columns-default is-cropped wp-block-gallery-1 is-layout-flex wp-block-gallery-is-layout-flex\">\n<figure class=\"wp-block-image size-large\"><img decoding=\"async\" width=\"500\" height=\"625\" data-id=\"1038869\" src=\"https:\/\/dimensionturistica.com\/es\/wp-content\/uploads\/2025\/09\/1festi.jpg\" alt=\"\" class=\"wp-image-1038869\" srcset=\"https:\/\/dimensionturistica.com\/es\/wp-content\/uploads\/2025\/09\/1festi.jpg 500w, https:\/\/dimensionturistica.com\/es\/wp-content\/uploads\/2025\/09\/1festi-240x300.jpg 240w\" sizes=\"(max-width: 500px) 100vw, 500px\" \/><\/figure>\n<\/figure>\n\n\n\n<p>El pr\u00f3ximo 21 de septiembre, la Ciudad de M\u00e9xico ser\u00e1 testigo de un encuentro \u00fanico, el Festival Quetzalc\u00f3atl, una ceremonia colectiva de m\u00fasica medicina que reunir\u00e1 a m\u00e1s de 400 personas en el legendario Foro Alicia, \u00edcono cultural de resistencia art\u00edstica.<\/p>\n\n\n\n<p>M\u00e1s que un evento tradicional, el Festival Quetzalc\u00f3atl se concibe como una ceremonia viva, es decir, un c\u00edrculo humano en torno al fuego, el canto y la espiritualidad, donde cada nota y cada palabra son ofrecidas como rezo colectivo, todo aunado en sinton\u00eda con el D\u00eda Internacional de la Paz. El objetivo es honrar nuestras ra\u00edces ancestrales y fortalecer la uni\u00f3n de la tribu en un ambiente de conexi\u00f3n, cultura y sanaci\u00f3n.<\/p>\n\n\n\n<figure class=\"wp-block-gallery has-nested-images columns-default is-cropped wp-block-gallery-2 is-layout-flex wp-block-gallery-is-layout-flex\">\n<figure class=\"wp-block-image size-large\"><img decoding=\"async\" width=\"500\" height=\"750\" data-id=\"1038876\" src=\"https:\/\/dimensionturistica.com\/es\/wp-content\/uploads\/2025\/09\/2festi.jpg\" alt=\"\" class=\"wp-image-1038876\" srcset=\"https:\/\/dimensionturistica.com\/es\/wp-content\/uploads\/2025\/09\/2festi.jpg 500w, https:\/\/dimensionturistica.com\/es\/wp-content\/uploads\/2025\/09\/2festi-200x300.jpg 200w\" sizes=\"(max-width: 500px) 100vw, 500px\" \/><\/figure>\n<\/figure>\n\n\n\n<p>Cinco portales ceremoniales, un solo coraz\u00f3n de fuego<\/p>\n\n\n\n<p>Durante m\u00e1s de seis horas de m\u00fasica y ritual, el p\u00fablico atravesar\u00e1 cinco portales sagrados representados en conciertos-ceremonia dedicados a elementos como el fuego, el agua, la tierra, el viento, el universo y un s\u00f3lo coraz\u00f3n que vibrar\u00e1 en el recinto.<\/p>\n\n\n\n<p>\u201cNuestro compromiso es lograr que la m\u00fasica medicina llene otros espacios y llegue a m\u00e1s personas, porque est\u00e1 es una ceremonia para la tribu, para tocar corazones a gran escala, con amor y accesibilidad\u201d, explica Marco Guerrero, fundador de Bixkan M\u00fasica y director del proyecto.<\/p>\n\n\n\n<p>Un cartel que honra las ra\u00edces y la diversidad<\/p>\n\n\n\n<figure class=\"wp-block-gallery has-nested-images columns-default is-cropped wp-block-gallery-3 is-layout-flex wp-block-gallery-is-layout-flex\">\n<figure class=\"wp-block-image size-large\"><img decoding=\"async\" width=\"500\" height=\"625\" data-id=\"1038877\" src=\"https:\/\/dimensionturistica.com\/es\/wp-content\/uploads\/2025\/09\/8festi.jpg\" alt=\"\" class=\"wp-image-1038877\" srcset=\"https:\/\/dimensionturistica.com\/es\/wp-content\/uploads\/2025\/09\/8festi.jpg 500w, https:\/\/dimensionturistica.com\/es\/wp-content\/uploads\/2025\/09\/8festi-240x300.jpg 240w\" sizes=\"(max-width: 500px) 100vw, 500px\" \/><\/figure>\n<\/figure>\n\n\n\n<p>El Festival Quetzalc\u00f3atl reunir\u00e1 a artistas visionarios de M\u00e9xico y Latinoam\u00e9rica que han convertido la m\u00fasica en medicina para el alma. Contar\u00e1 con la participaci\u00f3n de:<\/p>\n\n\n\n<p>\u00b7 &nbsp;&nbsp;&nbsp;&nbsp;&nbsp;&nbsp;&nbsp;&nbsp;Alehli (Apertura) \u2013 cantautora y narradora cultural de ra\u00edces mexicanas e irlandesas, cuya m\u00fasica une tradici\u00f3n ind\u00edgena y misticismo celta en cantos ceremoniales y po\u00e9ticos.<\/p>\n\n\n\n<p>\u00b7 &nbsp;&nbsp;&nbsp;&nbsp;&nbsp;&nbsp;&nbsp;&nbsp;Hombre Medicina (Fuego) \u2013 Sonoridad ancestral con guitarras, charango y tambores que honran el linaje de los abuelos.<\/p>\n\n\n\n<p>\u00b7 &nbsp;&nbsp;&nbsp;&nbsp;&nbsp;&nbsp;&nbsp;&nbsp;Paloma del Cerro (Agua y Tierra) \u2013 Cantautora argentina reconocida por fusionar folclor y electr\u00f3nica, evocando a la Pachamama.<\/p>\n\n\n\n<figure class=\"wp-block-gallery has-nested-images columns-default is-cropped wp-block-gallery-4 is-layout-flex wp-block-gallery-is-layout-flex\">\n<figure class=\"wp-block-image size-large\"><img decoding=\"async\" width=\"500\" height=\"625\" data-id=\"1038878\" src=\"https:\/\/dimensionturistica.com\/es\/wp-content\/uploads\/2025\/09\/5festi.jpg\" alt=\"\" class=\"wp-image-1038878\" srcset=\"https:\/\/dimensionturistica.com\/es\/wp-content\/uploads\/2025\/09\/5festi.jpg 500w, https:\/\/dimensionturistica.com\/es\/wp-content\/uploads\/2025\/09\/5festi-240x300.jpg 240w\" sizes=\"(max-width: 500px) 100vw, 500px\" \/><\/figure>\n<\/figure>\n\n\n\n<p>\u00b7 &nbsp;&nbsp;&nbsp;&nbsp;&nbsp;&nbsp;&nbsp;&nbsp;R\u00edo Vasudeva (Viento) \u2013 Cantos y mantras que elevan la conciencia como un soplo sanador.<\/p>\n\n\n\n<p>\u00b7 &nbsp;&nbsp;&nbsp;&nbsp;&nbsp;&nbsp;&nbsp;&nbsp;Amadeo Dalus (Coraz\u00f3n del Cielo y de la Tierra) \u2013 Voz emergente de la m\u00fasica medicina que presentar\u00e1 un repertorio profundo y espiritual. Parte de la recaudaci\u00f3n apoyar\u00e1 la grabaci\u00f3n de su primer disco de estudio.<\/p>\n\n\n\n<p>\u00b7 &nbsp;&nbsp;&nbsp;&nbsp;&nbsp;&nbsp;&nbsp;&nbsp;Legend Medicina S\u00f3nica (Clausura \u2013 Coraz\u00f3n) \u2013 Tr\u00edo que fusiona ra\u00edces afroind\u00edgenas y electr\u00f3nica, cerrando la ceremonia con un rezo colectivo de alta vibraci\u00f3n.<\/p>\n\n\n\n<p>Accesibilidad con prop\u00f3sito<\/p>\n\n\n\n<p>A diferencia de otras ceremonias privadas con costos elevados, el Festival Quetzalc\u00f3atl apuesta por la inclusi\u00f3n y accesibilidad permitiendo que m\u00e1s personas vivan esta experiencia transformadora.<\/p>\n\n\n\n<p>Un Festival con causa, parte de lo recaudado ser\u00e1 destinado a un proyecto comunitario: la grabaci\u00f3n del primer \u00e1lbum de Amadeo Dalus, cuya m\u00fasica ha acompa\u00f1ado procesos ceremoniales durante a\u00f1os.<\/p>\n\n\n\n<p>El Foro Alicia como templo cultura<\/p>\n\n\n\n<figure class=\"wp-block-gallery has-nested-images columns-default is-cropped wp-block-gallery-5 is-layout-flex wp-block-gallery-is-layout-flex\">\n<figure class=\"wp-block-image size-large\"><img decoding=\"async\" width=\"500\" height=\"625\" data-id=\"1038879\" src=\"https:\/\/dimensionturistica.com\/es\/wp-content\/uploads\/2025\/09\/4festi.jpg\" alt=\"\" class=\"wp-image-1038879\" srcset=\"https:\/\/dimensionturistica.com\/es\/wp-content\/uploads\/2025\/09\/4festi.jpg 500w, https:\/\/dimensionturistica.com\/es\/wp-content\/uploads\/2025\/09\/4festi-240x300.jpg 240w\" sizes=\"(max-width: 500px) 100vw, 500px\" \/><\/figure>\n<\/figure>\n\n\n\n<p>Es un hecho que el hist\u00f3rico Foro Alicia, ha sido s\u00edmbolo de resistencia art\u00edstica y punto de encuentro para m\u00faltiples generaciones, en esta ocasi\u00f3n se transformar\u00e1 en un gran templo ceremonial. Prep\u00e1rate para ser parte de una atm\u00f3sfera inmersiva y para conectar con lo sagrado a trav\u00e9s del arte, acompa\u00f1ado de Altares, iluminaci\u00f3n simb\u00f3lica y guardianes de rumbo.<\/p>\n\n\n\n<p>Festival Quetzalc\u00f3atl en cifras<\/p>\n\n\n\n<p>\u00b7 &nbsp;&nbsp;&nbsp;&nbsp;&nbsp;&nbsp;&nbsp;&nbsp;Fecha: Domingo 21 de septiembre, 2025<\/p>\n\n\n\n<p>\u00b7 &nbsp;&nbsp;&nbsp;&nbsp;&nbsp;&nbsp;&nbsp;&nbsp;Horario: 14:00 a 20:00 horas (apertura de puertas 14:00 h)<\/p>\n\n\n\n<p>\u00b7 &nbsp;&nbsp;&nbsp;&nbsp;&nbsp;&nbsp;&nbsp;&nbsp;Lugar: Foro Alicia, Ciudad de M\u00e9xico<\/p>\n\n\n\n<p>\u00b7 &nbsp;&nbsp;&nbsp;&nbsp;&nbsp;&nbsp;&nbsp;&nbsp;Asistencia esperada: +400 personas<\/p>\n\n\n\n<p>\u00b7 &nbsp;&nbsp;&nbsp;&nbsp;&nbsp;&nbsp;&nbsp;&nbsp;Entradas: Desde $550 pesos en www.bixkan.com<\/p>\n\n\n\n<p>\u00b7 &nbsp;&nbsp;&nbsp;&nbsp;&nbsp;&nbsp;&nbsp;&nbsp;Organiza: Bixkan M\u00fasica<\/p>\n","protected":false},"excerpt":{"rendered":"<p>El pr\u00f3ximo 21 de septiembre, la Ciudad de M\u00e9xico ser\u00e1 testigo de un encuentro \u00fanico, el Festival Quetzalc\u00f3atl, una ceremonia colectiva de m\u00fasica medicina que reunir\u00e1 a m\u00e1s de 400 personas en el legendario Foro Alicia, \u00edcono cultural de resistencia art\u00edstica. M\u00e1s que un evento tradicional, el Festival Quetzalc\u00f3atl se concibe como una ceremonia viva, [&hellip;]<\/p>\n","protected":false},"author":1,"featured_media":0,"comment_status":"open","ping_status":"closed","sticky":false,"template":"","format":"standard","meta":{"om_disable_all_campaigns":false,"jnews-multi-image_gallery":[],"jnews_single_post":[],"jnews_primary_category":[],"jnews_social_meta":[],"footnotes":""},"categories":[144872],"tags":[],"class_list":["post-1038868","post","type-post","status-publish","format-standard","hentry","category-fashion"],"_links":{"self":[{"href":"https:\/\/dimensionturistica.com\/es\/wp-json\/wp\/v2\/posts\/1038868","targetHints":{"allow":["GET"]}}],"collection":[{"href":"https:\/\/dimensionturistica.com\/es\/wp-json\/wp\/v2\/posts"}],"about":[{"href":"https:\/\/dimensionturistica.com\/es\/wp-json\/wp\/v2\/types\/post"}],"author":[{"embeddable":true,"href":"https:\/\/dimensionturistica.com\/es\/wp-json\/wp\/v2\/users\/1"}],"replies":[{"embeddable":true,"href":"https:\/\/dimensionturistica.com\/es\/wp-json\/wp\/v2\/comments?post=1038868"}],"version-history":[{"count":0,"href":"https:\/\/dimensionturistica.com\/es\/wp-json\/wp\/v2\/posts\/1038868\/revisions"}],"wp:attachment":[{"href":"https:\/\/dimensionturistica.com\/es\/wp-json\/wp\/v2\/media?parent=1038868"}],"wp:term":[{"taxonomy":"category","embeddable":true,"href":"https:\/\/dimensionturistica.com\/es\/wp-json\/wp\/v2\/categories?post=1038868"},{"taxonomy":"post_tag","embeddable":true,"href":"https:\/\/dimensionturistica.com\/es\/wp-json\/wp\/v2\/tags?post=1038868"}],"curies":[{"name":"wp","href":"https:\/\/api.w.org\/{rel}","templated":true}]}}