{"id":1038861,"date":"2025-09-03T16:42:51","date_gmt":"2025-09-03T16:42:51","guid":{"rendered":"https:\/\/dimensionturistica.com\/es\/?p=1038861"},"modified":"2025-09-03T16:42:51","modified_gmt":"2025-09-03T16:42:51","slug":"manzanillo-se-prepara-para-la-8a-carrera-con-causa-contecon","status":"publish","type":"post","link":"https:\/\/dimensionturistica.com\/es\/manzanillo-se-prepara-para-la-8a-carrera-con-causa-contecon\/","title":{"rendered":"Manzanillo se prepara para la 8\u00aa Carrera con Causa CONTECON"},"content":{"rendered":"\n<figure class=\"wp-block-gallery has-nested-images columns-default is-cropped wp-block-gallery-1 is-layout-flex wp-block-gallery-is-layout-flex\">\n<figure class=\"wp-block-image size-large\"><img decoding=\"async\" width=\"353\" height=\"143\" data-id=\"1038862\" src=\"https:\/\/dimensionturistica.com\/es\/wp-content\/uploads\/2025\/09\/2manza.jpg\" alt=\"\" class=\"wp-image-1038862\" srcset=\"https:\/\/dimensionturistica.com\/es\/wp-content\/uploads\/2025\/09\/2manza.jpg 353w, https:\/\/dimensionturistica.com\/es\/wp-content\/uploads\/2025\/09\/2manza-300x122.jpg 300w, https:\/\/dimensionturistica.com\/es\/wp-content\/uploads\/2025\/09\/2manza-350x143.jpg 350w\" sizes=\"(max-width: 353px) 100vw, 353px\" \/><\/figure>\n<\/figure>\n\n\n\n<p>&nbsp;CONTECON MANZANILLO anuncia la octava edici\u00f3n de la Carrera con Causa, que se llevar\u00e1 a cabo el pr\u00f3ximo 9 de noviembre en Manzanillo, Colima. Un evento que, a\u00f1o tras a\u00f1o, ha dejado huella y que en esta ocasi\u00f3n promete superar todas las expectativas.<\/p>\n\n\n\n<p>La Carrera con Causa fomenta el deporte y la convivencia familiar, al mismo tiempo que impulsa la educaci\u00f3n: los recursos recaudados se destinan a escuelas de nivel b\u00e1sico en la regi\u00f3n, mejorando aulas, \u00e1reas recreativas y equipamiento que impactan directamente en la formaci\u00f3n de ni\u00f1as y ni\u00f1os de Manzanillo. Cada inscripci\u00f3n se convierte en una inversi\u00f3n en entornos m\u00e1s seguros y adecuados para el aprendizaje<\/p>\n\n\n\n<p>.<\/p>\n\n\n\n<figure class=\"wp-block-gallery has-nested-images columns-default is-cropped wp-block-gallery-2 is-layout-flex wp-block-gallery-is-layout-flex\">\n<figure class=\"wp-block-image size-large\"><img decoding=\"async\" width=\"500\" height=\"177\" data-id=\"1038863\" src=\"https:\/\/dimensionturistica.com\/es\/wp-content\/uploads\/2025\/09\/1manza.jpg\" alt=\"\" class=\"wp-image-1038863\" srcset=\"https:\/\/dimensionturistica.com\/es\/wp-content\/uploads\/2025\/09\/1manza.jpg 500w, https:\/\/dimensionturistica.com\/es\/wp-content\/uploads\/2025\/09\/1manza-300x106.jpg 300w\" sizes=\"(max-width: 500px) 100vw, 500px\" \/><\/figure>\n<\/figure>\n\n\n\n<p>Esta edici\u00f3n traer\u00e1 una gran sorpresa que marcar\u00e1 la diferencia y convertir\u00e1 la carrera en una experiencia \u00fanica para corredores, familias y empresas. La convocatoria est\u00e1 abierta a todas las edades y busca fortalecer la uni\u00f3n comunitaria, promover la actividad f\u00edsica y fomentar la solidaridad.<\/p>\n\n\n\n<p>Muy pronto daremos a conocer la informaci\u00f3n sobre inscripciones, rutas y lo que convertir\u00e1 esta edici\u00f3n en algo \u00fanico.<\/p>\n","protected":false},"excerpt":{"rendered":"<p>&nbsp;CONTECON MANZANILLO anuncia la octava edici\u00f3n de la Carrera con Causa, que se llevar\u00e1 a cabo el pr\u00f3ximo 9 de noviembre en Manzanillo, Colima. Un evento que, a\u00f1o tras a\u00f1o, ha dejado huella y que en esta ocasi\u00f3n promete superar todas las expectativas. La Carrera con Causa fomenta el deporte y la convivencia familiar, al [&hellip;]<\/p>\n","protected":false},"author":1,"featured_media":0,"comment_status":"open","ping_status":"closed","sticky":false,"template":"","format":"standard","meta":{"om_disable_all_campaigns":false,"jnews-multi-image_gallery":[],"jnews_single_post":[],"jnews_primary_category":[],"jnews_social_meta":[],"footnotes":""},"categories":[39],"tags":[],"class_list":["post-1038861","post","type-post","status-publish","format-standard","hentry","category-viajes"],"_links":{"self":[{"href":"https:\/\/dimensionturistica.com\/es\/wp-json\/wp\/v2\/posts\/1038861","targetHints":{"allow":["GET"]}}],"collection":[{"href":"https:\/\/dimensionturistica.com\/es\/wp-json\/wp\/v2\/posts"}],"about":[{"href":"https:\/\/dimensionturistica.com\/es\/wp-json\/wp\/v2\/types\/post"}],"author":[{"embeddable":true,"href":"https:\/\/dimensionturistica.com\/es\/wp-json\/wp\/v2\/users\/1"}],"replies":[{"embeddable":true,"href":"https:\/\/dimensionturistica.com\/es\/wp-json\/wp\/v2\/comments?post=1038861"}],"version-history":[{"count":0,"href":"https:\/\/dimensionturistica.com\/es\/wp-json\/wp\/v2\/posts\/1038861\/revisions"}],"wp:attachment":[{"href":"https:\/\/dimensionturistica.com\/es\/wp-json\/wp\/v2\/media?parent=1038861"}],"wp:term":[{"taxonomy":"category","embeddable":true,"href":"https:\/\/dimensionturistica.com\/es\/wp-json\/wp\/v2\/categories?post=1038861"},{"taxonomy":"post_tag","embeddable":true,"href":"https:\/\/dimensionturistica.com\/es\/wp-json\/wp\/v2\/tags?post=1038861"}],"curies":[{"name":"wp","href":"https:\/\/api.w.org\/{rel}","templated":true}]}}