{"id":1038793,"date":"2025-09-03T15:01:56","date_gmt":"2025-09-03T15:01:56","guid":{"rendered":"https:\/\/dimensionturistica.com\/es\/?p=1038793"},"modified":"2025-09-03T15:01:56","modified_gmt":"2025-09-03T15:01:56","slug":"publicacion-de-tesis-relaciones-impropias-entre-menores-de-edad-y-adultos","status":"publish","type":"post","link":"https:\/\/dimensionturistica.com\/es\/publicacion-de-tesis-relaciones-impropias-entre-menores-de-edad-y-adultos\/","title":{"rendered":"Publicaci\u00f3n de Tesis &#8211; Relaciones impropias entre menores de edad y adultos"},"content":{"rendered":"\n<figure class=\"wp-block-gallery has-nested-images columns-default is-cropped wp-block-gallery-1 is-layout-flex wp-block-gallery-is-layout-flex\">\n<figure class=\"wp-block-image size-large\"><img decoding=\"async\" width=\"418\" height=\"119\" data-id=\"1038794\" src=\"https:\/\/dimensionturistica.com\/es\/wp-content\/uploads\/2025\/09\/logoSCJN-1320x316-1.jpg\" alt=\"\" class=\"wp-image-1038794\" srcset=\"https:\/\/dimensionturistica.com\/es\/wp-content\/uploads\/2025\/09\/logoSCJN-1320x316-1.jpg 418w, https:\/\/dimensionturistica.com\/es\/wp-content\/uploads\/2025\/09\/logoSCJN-1320x316-1-300x85.jpg 300w\" sizes=\"(max-width: 418px) 100vw, 418px\" \/><\/figure>\n<\/figure>\n\n\n\n<p>La Suprema Corte ya public\u00f3 las dos tesis de jurisprudencia[i] que, a partir del 1 de septiembre, son obligatorias para todos los jueces y tribunales de nuestro pa\u00eds.<\/p>\n\n\n\n<p>La tesis 200\/2025 establece que las relaciones impropias entre menores de edad y adultos constituyen un hecho il\u00edcito al tratarse de violencia sexual. Por lo tanto, la v\u00edctima tiene derecho a reclamar indemnizaci\u00f3n.\u2028<\/p>\n\n\n\n<p><\/p>\n\n\n\n<p>La tesis 201\/2025 determina que la acci\u00f3n para reclamar la indemnizaci\u00f3n es imprescriptible pues, de lo contrario, se violar\u00edan los derechos de acceso a la justicia.<\/p>\n\n\n\n<figure class=\"wp-block-gallery has-nested-images columns-default is-cropped wp-block-gallery-2 is-layout-flex wp-block-gallery-is-layout-flex\">\n<figure class=\"wp-block-image size-large\"><img decoding=\"async\" width=\"500\" height=\"324\" data-id=\"1038795\" src=\"https:\/\/dimensionturistica.com\/es\/wp-content\/uploads\/2025\/09\/6SASHA.jpg\" alt=\"\" class=\"wp-image-1038795\" srcset=\"https:\/\/dimensionturistica.com\/es\/wp-content\/uploads\/2025\/09\/6SASHA.jpg 500w, https:\/\/dimensionturistica.com\/es\/wp-content\/uploads\/2025\/09\/6SASHA-300x194.jpg 300w\" sizes=\"(max-width: 500px) 100vw, 500px\" \/><\/figure>\n<\/figure>\n\n\n\n<p>Esta aprobaci\u00f3n hecha por la Primera Sala de la Suprema Corte se dio en la \u00faltima sesi\u00f3n de su historia. Celebro que antes de partir, hayan sumado a su legado jurisprudencial estas herramientas que ampl\u00edan los derechos de las v\u00edctimas y contribuyen a un sistema de justicia m\u00e1s humano.<\/p>\n\n\n\n<p>Ambas tesis pueden consultarse en estos v\u00ednculos:<\/p>\n\n\n\n<figure class=\"wp-block-embed\"><div class=\"wp-block-embed__wrapper\">\nhttps:\/\/sjf2.scjn.gob.mx\/detalle\/tesis\/2031116\n<\/div><\/figure>\n\n\n\n<figure class=\"wp-block-embed\"><div class=\"wp-block-embed__wrapper\">\nhttps:\/\/sjf2.scjn.gob.mx\/detalle\/tesis\/2031115\n<\/div><\/figure>\n","protected":false},"excerpt":{"rendered":"<p>La Suprema Corte ya public\u00f3 las dos tesis de jurisprudencia[i] que, a partir del 1 de septiembre, son obligatorias para todos los jueces y tribunales de nuestro pa\u00eds. La tesis 200\/2025 establece que las relaciones impropias entre menores de edad y adultos constituyen un hecho il\u00edcito al tratarse de violencia sexual. Por lo tanto, la [&hellip;]<\/p>\n","protected":false},"author":1,"featured_media":0,"comment_status":"open","ping_status":"closed","sticky":false,"template":"","format":"standard","meta":{"om_disable_all_campaigns":false,"jnews-multi-image_gallery":[],"jnews_single_post":{"format":"standard"},"jnews_primary_category":[],"jnews_social_meta":[],"footnotes":""},"categories":[40],"tags":[],"class_list":["post-1038793","post","type-post","status-publish","format-standard","hentry","category-industria"],"_links":{"self":[{"href":"https:\/\/dimensionturistica.com\/es\/wp-json\/wp\/v2\/posts\/1038793","targetHints":{"allow":["GET"]}}],"collection":[{"href":"https:\/\/dimensionturistica.com\/es\/wp-json\/wp\/v2\/posts"}],"about":[{"href":"https:\/\/dimensionturistica.com\/es\/wp-json\/wp\/v2\/types\/post"}],"author":[{"embeddable":true,"href":"https:\/\/dimensionturistica.com\/es\/wp-json\/wp\/v2\/users\/1"}],"replies":[{"embeddable":true,"href":"https:\/\/dimensionturistica.com\/es\/wp-json\/wp\/v2\/comments?post=1038793"}],"version-history":[{"count":0,"href":"https:\/\/dimensionturistica.com\/es\/wp-json\/wp\/v2\/posts\/1038793\/revisions"}],"wp:attachment":[{"href":"https:\/\/dimensionturistica.com\/es\/wp-json\/wp\/v2\/media?parent=1038793"}],"wp:term":[{"taxonomy":"category","embeddable":true,"href":"https:\/\/dimensionturistica.com\/es\/wp-json\/wp\/v2\/categories?post=1038793"},{"taxonomy":"post_tag","embeddable":true,"href":"https:\/\/dimensionturistica.com\/es\/wp-json\/wp\/v2\/tags?post=1038793"}],"curies":[{"name":"wp","href":"https:\/\/api.w.org\/{rel}","templated":true}]}}