{"id":1038784,"date":"2025-09-03T14:49:45","date_gmt":"2025-09-03T14:49:45","guid":{"rendered":"https:\/\/dimensionturistica.com\/es\/?p=1038784"},"modified":"2025-09-03T14:49:45","modified_gmt":"2025-09-03T14:49:45","slug":"falabella-retail-apuesta-por-starcom-para-potenciar-su-estrategia-de-medios-y-performance-en-el-peru","status":"publish","type":"post","link":"https:\/\/dimensionturistica.com\/es\/falabella-retail-apuesta-por-starcom-para-potenciar-su-estrategia-de-medios-y-performance-en-el-peru\/","title":{"rendered":"Falabella Retail apuesta por Starcom para potenciar su estrategia de medios y performance en el Per\u00fa"},"content":{"rendered":"\n<figure class=\"wp-block-gallery has-nested-images columns-default is-cropped wp-block-gallery-1 is-layout-flex wp-block-gallery-is-layout-flex\">\n<figure class=\"wp-block-image size-large\"><img decoding=\"async\" width=\"500\" height=\"505\" data-id=\"1038785\" src=\"https:\/\/dimensionturistica.com\/es\/wp-content\/uploads\/2025\/09\/5erik.jpg\" alt=\"\" class=\"wp-image-1038785\" srcset=\"https:\/\/dimensionturistica.com\/es\/wp-content\/uploads\/2025\/09\/5erik.jpg 500w, https:\/\/dimensionturistica.com\/es\/wp-content\/uploads\/2025\/09\/5erik-297x300.jpg 297w, https:\/\/dimensionturistica.com\/es\/wp-content\/uploads\/2025\/09\/5erik-75x75.jpg 75w\" sizes=\"(max-width: 500px) 100vw, 500px\" \/><\/figure>\n<\/figure>\n\n\n\n<p>Hoy en d\u00eda, el sector retail enfrenta muchos retos, ya sea para conectar con una nueva generaci\u00f3n de consumidores, o por la irrupci\u00f3n de nuevos formatos en el mercado.<\/p>\n\n\n\n<p>En este contexto, Starcom, agencia de medios de Publicis Groupe, anuncia que suma a su portafolio de clientes a Falabella Retail, una de las empresas de retail m\u00e1s importantes de la regi\u00f3n, con m\u00e1s de 30 tiendas en el mercado peruano.<\/p>\n\n\n\n<figure class=\"wp-block-gallery has-nested-images columns-default is-cropped wp-block-gallery-2 is-layout-flex wp-block-gallery-is-layout-flex\">\n<figure class=\"wp-block-image size-large\"><img decoding=\"async\" width=\"500\" height=\"284\" data-id=\"1038786\" src=\"https:\/\/dimensionturistica.com\/es\/wp-content\/uploads\/2025\/09\/1erik.jpg\" alt=\"\" class=\"wp-image-1038786\" srcset=\"https:\/\/dimensionturistica.com\/es\/wp-content\/uploads\/2025\/09\/1erik.jpg 500w, https:\/\/dimensionturistica.com\/es\/wp-content\/uploads\/2025\/09\/1erik-300x170.jpg 300w\" sizes=\"(max-width: 500px) 100vw, 500px\" \/><\/figure>\n<\/figure>\n\n\n\n<p>Este logro se da tras un riguroso proceso de licitaci\u00f3n iniciado en agosto de 2024 y finalizado casi un a\u00f1o despu\u00e9s. Durante ese periodo Falabella Retail evalu\u00f3 propuestas de los principales grupos de medios del pa\u00eds, decidiendo por la propuesta de valor de Starcom, su visi\u00f3n estrat\u00e9gica y oferta de disciplinas especializadas que potencian el servicio ofrecido a sus clientes.<\/p>\n\n\n\n<p>Como empresa l\u00edder en el mercado, Falabella Retail espera con este cambio que Starcom sea el socio estrat\u00e9gico que combine un profundo conocimiento del consumidor, el uso de tecnolog\u00eda para la gesti\u00f3n de audiencias y una destacada capacidad de negociaci\u00f3n, respaldada por su posici\u00f3n de liderazgo en el mercado peruano.<\/p>\n\n\n\n<figure class=\"wp-block-gallery has-nested-images columns-default is-cropped wp-block-gallery-3 is-layout-flex wp-block-gallery-is-layout-flex\">\n<figure class=\"wp-block-image size-large\"><img decoding=\"async\" width=\"500\" height=\"244\" data-id=\"1038787\" src=\"https:\/\/dimensionturistica.com\/es\/wp-content\/uploads\/2025\/09\/6erik.jpg\" alt=\"\" class=\"wp-image-1038787\" srcset=\"https:\/\/dimensionturistica.com\/es\/wp-content\/uploads\/2025\/09\/6erik.jpg 500w, https:\/\/dimensionturistica.com\/es\/wp-content\/uploads\/2025\/09\/6erik-300x146.jpg 300w\" sizes=\"(max-width: 500px) 100vw, 500px\" \/><\/figure>\n<\/figure>\n\n\n\n<p>La gesti\u00f3n de medios ser\u00e1 abordada por Starcom de forma integral con un equipo de dedicaci\u00f3n exclusiva, que incorpora talentos de las \u00e1reas de Business Intelligence, Data &amp; Analytics y Medios, con el fin de mejorar el performance y adaptar la comunicaci\u00f3n de Falabella al din\u00e1mico entorno comercial peruano.<\/p>\n\n\n\n<p>Tras este anuncio, Erik Castillo, CEO de Publicis Groupe Per\u00fa se\u00f1ala: \u201cQue una marca emblem\u00e1tica como Falabella Retail nos conf\u00ede su estrategia de medios confirma que el mercado valora nuestro enfoque de planificaci\u00f3n orientado a resultados de negocio. Este desaf\u00edo nos obliga a reforzar nuestro compromiso de conectar marcas y audiencias a trav\u00e9s de datos, tecnolog\u00eda y creatividad con impacto tangible\u201d.<\/p>\n","protected":false},"excerpt":{"rendered":"<p>Hoy en d\u00eda, el sector retail enfrenta muchos retos, ya sea para conectar con una nueva generaci\u00f3n de consumidores, o por la irrupci\u00f3n de nuevos formatos en el mercado. En este contexto, Starcom, agencia de medios de Publicis Groupe, anuncia que suma a su portafolio de clientes a Falabella Retail, una de las empresas de [&hellip;]<\/p>\n","protected":false},"author":1,"featured_media":0,"comment_status":"open","ping_status":"closed","sticky":false,"template":"","format":"standard","meta":{"om_disable_all_campaigns":false,"jnews-multi-image_gallery":[],"jnews_single_post":[],"jnews_primary_category":[],"jnews_social_meta":[],"footnotes":""},"categories":[40],"tags":[],"class_list":["post-1038784","post","type-post","status-publish","format-standard","hentry","category-industria"],"_links":{"self":[{"href":"https:\/\/dimensionturistica.com\/es\/wp-json\/wp\/v2\/posts\/1038784","targetHints":{"allow":["GET"]}}],"collection":[{"href":"https:\/\/dimensionturistica.com\/es\/wp-json\/wp\/v2\/posts"}],"about":[{"href":"https:\/\/dimensionturistica.com\/es\/wp-json\/wp\/v2\/types\/post"}],"author":[{"embeddable":true,"href":"https:\/\/dimensionturistica.com\/es\/wp-json\/wp\/v2\/users\/1"}],"replies":[{"embeddable":true,"href":"https:\/\/dimensionturistica.com\/es\/wp-json\/wp\/v2\/comments?post=1038784"}],"version-history":[{"count":0,"href":"https:\/\/dimensionturistica.com\/es\/wp-json\/wp\/v2\/posts\/1038784\/revisions"}],"wp:attachment":[{"href":"https:\/\/dimensionturistica.com\/es\/wp-json\/wp\/v2\/media?parent=1038784"}],"wp:term":[{"taxonomy":"category","embeddable":true,"href":"https:\/\/dimensionturistica.com\/es\/wp-json\/wp\/v2\/categories?post=1038784"},{"taxonomy":"post_tag","embeddable":true,"href":"https:\/\/dimensionturistica.com\/es\/wp-json\/wp\/v2\/tags?post=1038784"}],"curies":[{"name":"wp","href":"https:\/\/api.w.org\/{rel}","templated":true}]}}