{"id":1038779,"date":"2025-09-03T14:37:58","date_gmt":"2025-09-03T14:37:58","guid":{"rendered":"https:\/\/dimensionturistica.com\/es\/?p=1038779"},"modified":"2025-09-03T14:37:58","modified_gmt":"2025-09-03T14:37:58","slug":"convoca-direccion-de-turismo-y-vinculacion-internacional-alcaldia-tlalpan-al-festival-del-caldo-tlalpeno-bases-del-concurso-gastronomico","status":"publish","type":"post","link":"https:\/\/dimensionturistica.com\/es\/convoca-direccion-de-turismo-y-vinculacion-internacional-alcaldia-tlalpan-al-festival-del-caldo-tlalpeno-bases-del-concurso-gastronomico\/","title":{"rendered":"Convoca: Direcci\u00f3n de Turismo y Vinculaci\u00f3n Internacional, Alcald\u00eda Tlalpan\u00a0al &#8220;Festival del Caldo Tlalpe\u00f1o&#8221; \u00a0Bases del Concurso Gastron\u00f3mico"},"content":{"rendered":"\n<figure class=\"wp-block-gallery has-nested-images columns-default is-cropped wp-block-gallery-1 is-layout-flex wp-block-gallery-is-layout-flex\">\n<figure class=\"wp-block-image size-large\"><img decoding=\"async\" width=\"500\" height=\"625\" data-id=\"1038780\" src=\"https:\/\/dimensionturistica.com\/es\/wp-content\/uploads\/2025\/09\/6CALDO.jpg\" alt=\"\" class=\"wp-image-1038780\" srcset=\"https:\/\/dimensionturistica.com\/es\/wp-content\/uploads\/2025\/09\/6CALDO.jpg 500w, https:\/\/dimensionturistica.com\/es\/wp-content\/uploads\/2025\/09\/6CALDO-240x300.jpg 240w\" sizes=\"(max-width: 500px) 100vw, 500px\" \/><\/figure>\n<\/figure>\n\n\n\n<p>1. Objetivo del Concurso<\/p>\n\n\n\n<p>Honrar nuestro platillo t\u00edpico, el Caldo Tlalpe\u00f1o, reconociendo el talento culinario local y&nbsp;promoviendo los espacios gastron\u00f3micos de Tlalpan. Este concurso busca impulsar la&nbsp;econom\u00eda local y celebrar la identidad culinaria de nuestra comunidad.<\/p>\n\n\n\n<p>2. Fecha, Hora y Lugar<\/p>\n\n\n\n<p>\u25cf \ufffd\ufffd Fecha: S\u00e1bado 6 de septiembre de 2025<\/p>\n\n\n\n<p>\u25cf \ufffd\ufffd Hora de inicio: 2:00 p.m.<\/p>\n\n\n\n<p>\u25cf Horario aproximado:<\/p>\n\n\n\n<p>o 10:00 \u2013 13:00 Instalaci\u00f3n de Expositores<\/p>\n\n\n\n<figure class=\"wp-block-gallery has-nested-images columns-default is-cropped wp-block-gallery-2 is-layout-flex wp-block-gallery-is-layout-flex\">\n<figure class=\"wp-block-image size-large\"><img decoding=\"async\" width=\"500\" height=\"333\" data-id=\"1038781\" src=\"https:\/\/dimensionturistica.com\/es\/wp-content\/uploads\/2025\/09\/1CALDO.jpg\" alt=\"\" class=\"wp-image-1038781\" srcset=\"https:\/\/dimensionturistica.com\/es\/wp-content\/uploads\/2025\/09\/1CALDO.jpg 500w, https:\/\/dimensionturistica.com\/es\/wp-content\/uploads\/2025\/09\/1CALDO-300x200.jpg 300w\" sizes=\"(max-width: 500px) 100vw, 500px\" \/><\/figure>\n<\/figure>\n\n\n\n<p>o 14:00 \u2013 14:15 Bienvenida y pase de lista de participantes<\/p>\n\n\n\n<p>o 14:15 \u2013 16:00 Exposici\u00f3n de participantes y Elencos invitados<\/p>\n\n\n\n<p>o 16:00 \u2013 16:30 Origen del Caldo Tlalpe\u00f1o. Historias Orales<\/p>\n\n\n\n<p>o 16:30 \u2013 17:00 Herencia culinaria del Caldo Tlalpe\u00f1o<\/p>\n\n\n\n<p>o 17:00 \u2013 17:30 Palabras de invitados especiales<\/p>\n\n\n\n<p>o 17:30 \u2013 18:00 Premiaci\u00f3n<\/p>\n\n\n\n<p>o 18:00 \u2013 19:00 Desmontaje y limpieza del espacio<\/p>\n\n\n\n<p>\u25cf \ufffd\ufffd Lugar: Antigua Casa de Santa Ana, actual Hacienda de San Fernando, Tlalpan&nbsp;Centro<\/p>\n\n\n\n<p>3. \u00bfQui\u00e9nes pueden participar?<\/p>\n\n\n\n<p>\u25cf Chefs, cocineras\/os o propietarios de restaurantes y locales de comida ubicados&nbsp;dentro de la Alcald\u00eda Tlalpan.<\/p>\n\n\n\n<p>\u25cf Se permite la participaci\u00f3n de cocineros independientes que representen un&nbsp;establecimiento de alimentos con actividad en la demarcaci\u00f3n.<\/p>\n\n\n\n<p>4. Requisitos del Platillo<\/p>\n\n\n\n<figure class=\"wp-block-gallery has-nested-images columns-default is-cropped wp-block-gallery-3 is-layout-flex wp-block-gallery-is-layout-flex\">\n<figure class=\"wp-block-image size-large\"><img decoding=\"async\" width=\"500\" height=\"750\" data-id=\"1038782\" src=\"https:\/\/dimensionturistica.com\/es\/wp-content\/uploads\/2025\/09\/2CALDO.jpg\" alt=\"\" class=\"wp-image-1038782\" srcset=\"https:\/\/dimensionturistica.com\/es\/wp-content\/uploads\/2025\/09\/2CALDO.jpg 500w, https:\/\/dimensionturistica.com\/es\/wp-content\/uploads\/2025\/09\/2CALDO-200x300.jpg 200w\" sizes=\"(max-width: 500px) 100vw, 500px\" \/><\/figure>\n<\/figure>\n\n\n\n<p>\u25cf Presentar una versi\u00f3n del Caldo Tlalpe\u00f1o, ya sea en su forma tradicional o con una&nbsp;variaci\u00f3n creativa que respete los ingredientes base del platillo.<\/p>\n\n\n\n<p>\u25cf Cada participante deber\u00e1 preparar un m\u00ednimo de 10 porciones, destinadas&nbsp;principalmente al jurado, pero con la intenci\u00f3n de compartir tambi\u00e9n con visitantes.<\/p>\n\n\n\n<p>5. Formato del Evento<\/p>\n\n\n\n<p>\u25cf El concurso contar\u00e1 con una exhibici\u00f3n p\u00fablica de los platillos; cada participante&nbsp;contar\u00e1 con un espacio de 2.5 x 1 m aproximadamente.<\/p>\n\n\n\n<p>\u25cf La alcald\u00eda proporcionar\u00e1 un tabl\u00f3n, mantel y dos sillas para cada participante.<\/p>\n\n\n\n<p>\u25cf En caso de requerir colocar instrumentos adicionales al tabl\u00f3n, deber\u00e1 ser informado&nbsp;al equipo organizador.<\/p>\n\n\n\n<p>\u25cf La degustaci\u00f3n ser\u00e1 guiada para el jurado y abierta para los asistentes. Se organizar\u00e1&nbsp;un recorrido en donde los jueces probar\u00e1n cada platillo de manera formal, mientras el&nbsp;p\u00fablico puede participar en una degustaci\u00f3n m\u00e1s libre.<\/p>\n\n\n\n<p>6. Criterios de Evaluaci\u00f3n<\/p>\n\n\n\n<p>El jurado calificador valorar\u00e1 los platillos con base en los siguientes criterios:<\/p>\n\n\n\n<p>\u25cf Presentaci\u00f3n visual: Creatividad, est\u00e9tica y respeto al esp\u00edritu del platillo tradicional.<\/p>\n\n\n\n<p>\u25cf Sabor y saz\u00f3n: Equilibrio y autenticidad.<\/p>\n\n\n\n<p>\u25cf Innovaci\u00f3n: En la interpretaci\u00f3n del platillo sin perder su esencia<\/p>\n\n\n\n<p>\u25cf Vinculaci\u00f3n con la identidad local: Valoraci\u00f3n de ingredientes locales o elementos que&nbsp;representen a Tlalpan.<\/p>\n\n\n\n<p>7. Perfil del Jurado<\/p>\n\n\n\n<p>El jurado estar\u00e1 conformado por figuras relevantes del \u00e1mbito gastron\u00f3mico y cultural, tales&nbsp;como:<\/p>\n\n\n\n<p>\u25cf Chef o restaurantero con reconocimiento nacional<\/p>\n\n\n\n<p>\u25cf Profesor o Asesor de Licenciatura en Gastronom\u00eda<\/p>\n\n\n\n<p>\u25cf Cronista de Tlalpan<\/p>\n\n\n\n<p>\u25cf Representante de la C\u00e1mara Nacional de la Industria de Restaurantes y Alimentos<\/p>\n\n\n\n<p>Condimentados CANIRAC<\/p>\n\n\n\n<p>\u25cf Representante de la Secretar\u00eda de Turismo<\/p>\n\n\n\n<p>Entre otros.<\/p>\n\n\n\n<p>8. Premios<\/p>\n\n\n\n<p>\ufffd\ufffd Primer Lugar:<\/p>\n\n\n\n<p>\u25cf Reconocimiento oficial<\/p>\n\n\n\n<p>\u25cf Producci\u00f3n de un video-documental promocional de su espacio gastron\u00f3mico el cual&nbsp;ser\u00e1 difundido en Redes Sociales de la Alcald\u00eda Tlalpan, y con uso libre del material&nbsp;audiovisual<\/p>\n\n\n\n<p>\u25cf Mentor\u00eda exclusiva para el desarrollo restaurantero<\/p>\n\n\n\n<p>\ufffd\ufffd Segundo Lugar:<\/p>\n\n\n\n<p>\u25cf Reconocimiento oficial<\/p>\n\n\n\n<p>\u25cf Entrevista promocional la cual ser\u00e1 difundido en Redes Sociales de la Alcald\u00eda Tlalpan,&nbsp;y con uso libre del material audiovisual<\/p>\n\n\n\n<p>\u25cf Asesor\u00eda para impulso comercial<\/p>\n\n\n\n<p>\ufffd\ufffd Tercer Lugar:<\/p>\n\n\n\n<p>\u25cf Reconocimiento oficial<\/p>\n\n\n\n<p>\u25cf Asesor\u00eda para impulso comercial<\/p>\n\n\n\n<p>9. Inscripciones<\/p>\n\n\n\n<p>\u25cf Hasta el jueves 4 de septiembre a las 18:00 hrs a trav\u00e9s del tel\u00e9fono 56 5344 6106<\/p>\n\n\n\n<p>\u25cf Cupo limitado.<\/p>\n\n\n\n<p>10. Consideraciones Finales<\/p>\n\n\n\n<p>\u25cf La participaci\u00f3n en el concurso implica la aceptaci\u00f3n total de estas bases.<\/p>\n\n\n\n<p>\u25cf Los participantes deben cumplir con normas de higiene y manipulaci\u00f3n de alimentos,&nbsp;esto es cofia, delantal y guantes.<\/p>\n\n\n\n<p>\u25cf Cada stand deber\u00e1 contar con tapete industrial que mida 3.00 m x 1.50 m que impida&nbsp;el paso de l\u00edquidos al piso, as\u00ed como bolsas para la basura y dem\u00e1s aditamentos para&nbsp;mantener limpio el espacio.<\/p>\n\n\n\n<p>\u25cf Es sumamente importante respetar la puntualidad del montaje y desmontaje de cada&nbsp;stand.<\/p>\n\n\n\n<p>\u25cf En caso de uso de fuego, se deber\u00e1 contar con extintor con carga vigente.<\/p>\n\n\n\n<p>\u25cf Los organizadores se reservan el derecho de resolver cualquier situaci\u00f3n no prevista&nbsp;en las presentes bases.<\/p>\n\n\n\n<p>\u25cf La inscripci\u00f3n es totalmente gratuita.<\/p>\n","protected":false},"excerpt":{"rendered":"<p>1. Objetivo del Concurso Honrar nuestro platillo t\u00edpico, el Caldo Tlalpe\u00f1o, reconociendo el talento culinario local y&nbsp;promoviendo los espacios gastron\u00f3micos de Tlalpan. Este concurso busca impulsar la&nbsp;econom\u00eda local y celebrar la identidad culinaria de nuestra comunidad. 2. Fecha, Hora y Lugar \u25cf \ufffd\ufffd Fecha: S\u00e1bado 6 de septiembre de 2025 \u25cf \ufffd\ufffd Hora de inicio: [&hellip;]<\/p>\n","protected":false},"author":1,"featured_media":0,"comment_status":"open","ping_status":"closed","sticky":false,"template":"","format":"standard","meta":{"om_disable_all_campaigns":false,"jnews-multi-image_gallery":[],"jnews_single_post":[],"jnews_primary_category":[],"jnews_social_meta":[],"footnotes":""},"categories":[43],"tags":[],"class_list":["post-1038779","post","type-post","status-publish","format-standard","hentry","category-gourmet"],"_links":{"self":[{"href":"https:\/\/dimensionturistica.com\/es\/wp-json\/wp\/v2\/posts\/1038779","targetHints":{"allow":["GET"]}}],"collection":[{"href":"https:\/\/dimensionturistica.com\/es\/wp-json\/wp\/v2\/posts"}],"about":[{"href":"https:\/\/dimensionturistica.com\/es\/wp-json\/wp\/v2\/types\/post"}],"author":[{"embeddable":true,"href":"https:\/\/dimensionturistica.com\/es\/wp-json\/wp\/v2\/users\/1"}],"replies":[{"embeddable":true,"href":"https:\/\/dimensionturistica.com\/es\/wp-json\/wp\/v2\/comments?post=1038779"}],"version-history":[{"count":0,"href":"https:\/\/dimensionturistica.com\/es\/wp-json\/wp\/v2\/posts\/1038779\/revisions"}],"wp:attachment":[{"href":"https:\/\/dimensionturistica.com\/es\/wp-json\/wp\/v2\/media?parent=1038779"}],"wp:term":[{"taxonomy":"category","embeddable":true,"href":"https:\/\/dimensionturistica.com\/es\/wp-json\/wp\/v2\/categories?post=1038779"},{"taxonomy":"post_tag","embeddable":true,"href":"https:\/\/dimensionturistica.com\/es\/wp-json\/wp\/v2\/tags?post=1038779"}],"curies":[{"name":"wp","href":"https:\/\/api.w.org\/{rel}","templated":true}]}}