{"id":1038508,"date":"2025-09-03T04:19:20","date_gmt":"2025-09-03T04:19:20","guid":{"rendered":"https:\/\/dimensionturistica.com\/es\/?p=1038508"},"modified":"2025-09-03T04:19:20","modified_gmt":"2025-09-03T04:19:20","slug":"la-ceav-destaca-de-manera-favorable-la-temporada-estival","status":"publish","type":"post","link":"https:\/\/dimensionturistica.com\/es\/la-ceav-destaca-de-manera-favorable-la-temporada-estival\/","title":{"rendered":"La CEAV destaca de manera favorable la temporada estival."},"content":{"rendered":"<h3>La Temporada de Verano: Un \u00c9xito que Impulsa el Turismo<\/h3>\n<p>El verano de 2023 se ha consolidado como una de las temporadas m\u00e1s exitosas para el sector tur\u00edstico, un fen\u00f3meno que ha sorprendido a muchos pero que, a la vez, refleja la s\u00f3lida recuperaci\u00f3n tras los desaf\u00edos de los \u00faltimos a\u00f1os. Las cifras hablan por s\u00ed solas: un aumento significativo en el n\u00famero de viajeros, la revitalizaci\u00f3n de destinos que hab\u00edan estado en pausa y una notable diversificaci\u00f3n en las experiencias que buscan los turistas.<\/p>\n<p>Uno de los aspectos m\u00e1s destacables de esta temporada ha sido la creciente tendencia hacia el turismo sostenible. Muchos viajeros est\u00e1n eligiendo visitar lugares que promueven la conservaci\u00f3n del medio ambiente y el respeto por las culturas locales. Esta nueva mentalidad no solo beneficia a la comunidad local, sino que tambi\u00e9n permite a los turistas disfrutar de una experiencia m\u00e1s aut\u00e9ntica y enriquecedora.<\/p>\n<p>Las reservas y la ocupaci\u00f3n hotelera han alcanzado niveles excepcionales. Seg\u00fan informes recientes, muchos destinos han experimentado un aumento considerable en la demanda, lo que ha llevado a una reactivaci\u00f3n de la econom\u00eda local. Las playas, las monta\u00f1as y los entornos rurales han visto un auge en la afluencia de visitantes, impulsando al mismo tiempo la gastronom\u00eda local y el comercio minorista. <\/p>\n<p>Por otro lado, es crucial destacar el cambio en los perfiles de los viajeros. Familias, parejas y grupos de amigos est\u00e1n buscando actividades que vayan m\u00e1s all\u00e1 de las t\u00edpicas visitas tur\u00edsticas. Tour guiados centrados en la historia, talleres de producci\u00f3n artesanal, y experiencias gastron\u00f3micas son algunas de las preferencias que est\u00e1n moldeando el perfil actual del turista. Esta b\u00fasqueda de experiencias \u00fanicas tambi\u00e9n ha llevado a un auge en el turismo cultural y de aventura, as\u00ed como en las escapadas a destinos menos concurridos, lo que distribuye los beneficios del turismo de manera m\u00e1s equitativa.<\/p>\n<p>Sin embargo, no todo ha sido perfecto. Con el crecimiento en la llegada de turistas, tambi\u00e9n surgen retos en la gesti\u00f3n de los recursos y la infraestructura. La necesidad de equilibrar el desarrollo tur\u00edstico con la sostenibilidad ambiental se vuelve m\u00e1s urgente que nunca. Es vital que los actores del sector trabajen juntos para asegurar que el crecimiento sea responsable y beneficioso a largo plazo para tanto las comunidades locales como para los viajeros.<\/p>\n<p>La temporada de verano ha marcado un claro camino hacia la recuperaci\u00f3n, y los signos son optimistas. A medida que el mundo contin\u00faa adapt\u00e1ndose a nuevas realidades, el turismo se posiciona nuevamente como uno de los motores m\u00e1s fuertes de la econom\u00eda global. Con un enfoque renovado en la sostenibilidad y la calidad de las experiencias, el futuro del turismo se dibuja brillante y lleno de oportunidades.<\/p>\n<p>Por lo tanto, si hay una lecci\u00f3n que aprender de este verano exitoso, es que el turismo no solo se trata de viajar; se trata de conectar, de entender y apreciar la diversidad del mundo en el que vivimos. Con la nueva perspectiva de los viajeros y la oferta en constante evoluci\u00f3n de experiencias \u00fanicas, el futuro del sector se presenta lleno de promesas e innovaciones que esperan ser exploradas.<\/p>\n<p><em> &#8221; Sources gacetadelturismo.com &#8221; <\/em><\/p>\n","protected":false},"excerpt":{"rendered":"<p>La Temporada de Verano: Un \u00c9xito que Impulsa el Turismo El verano de 2023 se ha consolidado como una de las temporadas m\u00e1s exitosas para el sector tur\u00edstico, un fen\u00f3meno que ha sorprendido a muchos pero que, a la vez, refleja la s\u00f3lida recuperaci\u00f3n tras los desaf\u00edos de los \u00faltimos a\u00f1os. Las cifras hablan por [&hellip;]<\/p>\n","protected":false},"author":4,"featured_media":1038512,"comment_status":"open","ping_status":"closed","sticky":false,"template":"","format":"standard","meta":{"om_disable_all_campaigns":false,"jnews-multi-image_gallery":[],"jnews_single_post":[],"jnews_primary_category":[],"jnews_social_meta":[],"footnotes":""},"categories":[40],"tags":[3505,1230,3504,42513,41417,4020,10864,2182,544,57457],"class_list":["post-1038508","post","type-post","status-publish","format-standard","has-post-thumbnail","hentry","category-industria","tag-analisis","tag-ceav","tag-datos","tag-desempeno","tag-evaluacion","tag-sector-turistico","tag-temporada-de-verano","tag-tendencias","tag-turismo","tag-valoracion"],"_links":{"self":[{"href":"https:\/\/dimensionturistica.com\/es\/wp-json\/wp\/v2\/posts\/1038508","targetHints":{"allow":["GET"]}}],"collection":[{"href":"https:\/\/dimensionturistica.com\/es\/wp-json\/wp\/v2\/posts"}],"about":[{"href":"https:\/\/dimensionturistica.com\/es\/wp-json\/wp\/v2\/types\/post"}],"author":[{"embeddable":true,"href":"https:\/\/dimensionturistica.com\/es\/wp-json\/wp\/v2\/users\/4"}],"replies":[{"embeddable":true,"href":"https:\/\/dimensionturistica.com\/es\/wp-json\/wp\/v2\/comments?post=1038508"}],"version-history":[{"count":0,"href":"https:\/\/dimensionturistica.com\/es\/wp-json\/wp\/v2\/posts\/1038508\/revisions"}],"wp:featuredmedia":[{"embeddable":true,"href":"https:\/\/dimensionturistica.com\/es\/wp-json\/wp\/v2\/media\/1038512"}],"wp:attachment":[{"href":"https:\/\/dimensionturistica.com\/es\/wp-json\/wp\/v2\/media?parent=1038508"}],"wp:term":[{"taxonomy":"category","embeddable":true,"href":"https:\/\/dimensionturistica.com\/es\/wp-json\/wp\/v2\/categories?post=1038508"},{"taxonomy":"post_tag","embeddable":true,"href":"https:\/\/dimensionturistica.com\/es\/wp-json\/wp\/v2\/tags?post=1038508"}],"curies":[{"name":"wp","href":"https:\/\/api.w.org\/{rel}","templated":true}]}}