{"id":1038383,"date":"2025-09-02T21:20:12","date_gmt":"2025-09-02T21:20:12","guid":{"rendered":"https:\/\/dimensionturistica.com\/es\/?p=1038383"},"modified":"2025-09-02T21:20:12","modified_gmt":"2025-09-02T21:20:12","slug":"despues-de-los-25-anos-la-produccion-de-colageno-disminuye-1-cada-ano","status":"publish","type":"post","link":"https:\/\/dimensionturistica.com\/es\/despues-de-los-25-anos-la-produccion-de-colageno-disminuye-1-cada-ano\/","title":{"rendered":"Despu\u00e9s de los 25 a\u00f1os, la producci\u00f3n de col\u00e1geno disminuye 1% cada a\u00f1o.\u00a0"},"content":{"rendered":"\n<figure class=\"wp-block-gallery has-nested-images columns-default is-cropped wp-block-gallery-1 is-layout-flex wp-block-gallery-is-layout-flex\">\n<figure class=\"wp-block-image size-large\"><img decoding=\"async\" width=\"500\" height=\"533\" data-id=\"1038385\" src=\"https:\/\/dimensionturistica.com\/es\/wp-content\/uploads\/2025\/09\/252AVON.jpg\" alt=\"\" class=\"wp-image-1038385\" srcset=\"https:\/\/dimensionturistica.com\/es\/wp-content\/uploads\/2025\/09\/252AVON.jpg 500w, https:\/\/dimensionturistica.com\/es\/wp-content\/uploads\/2025\/09\/252AVON-281x300.jpg 281w\" sizes=\"(max-width: 500px) 100vw, 500px\" \/><\/figure>\n<\/figure>\n\n\n\n<p>En los \u00faltimos a\u00f1os, la ciencia de la cosm\u00e9tica ha puesto al col\u00e1geno en el centro de la conversaci\u00f3n. Una de las innovaciones m\u00e1s interesantes es la tecnolog\u00eda Protinol\u2122, desarrollada y patentada por Avon en colaboraci\u00f3n con dermat\u00f3logos y cient\u00edficos.<\/p>\n\n\n\n<p>Ganadora del premio Edison a la innovaci\u00f3n, esta tecnolog\u00eda ha demostrado en estudios cl\u00ednicos su capacidad para restaurar hasta siete a\u00f1os de p\u00e9rdida de col\u00e1geno en tan solo siete &nbsp;d\u00edas. Esto se obtiene al &nbsp;activar el col\u00e1geno dual \u2014un balance entre el tipo I y el tipo III\u2014, que ayuda a que la piel luzca m\u00e1s firme, suave y con un aspecto visiblemente renovado.<\/p>\n\n\n\n<p>Basado en un estudio de percepci\u00f3n del consumidor, quienes probaron esta innovaci\u00f3n notaron una piel m\u00e1s firme, fresca y con mayor vitalidad. Los expertos recomiendan integrarlo dentro de una rutina diaria porque, a diferencia de otros activos, el Protinol\u2122 trabaja desde la estructura de la piel, ofreciendo resultados visibles y duraderos. Decisiones que transforman y se sienten incre\u00edbles. \u00a1Obvio que te convienen, obvio que Avon!<\/p>\n\n\n\n<figure class=\"wp-block-gallery has-nested-images columns-default is-cropped wp-block-gallery-2 is-layout-flex wp-block-gallery-is-layout-flex\">\n<figure class=\"wp-block-image size-large\"><img decoding=\"async\" width=\"500\" height=\"212\" data-id=\"1038386\" src=\"https:\/\/dimensionturistica.com\/es\/wp-content\/uploads\/2025\/09\/66AVON.jpg\" alt=\"\" class=\"wp-image-1038386\" srcset=\"https:\/\/dimensionturistica.com\/es\/wp-content\/uploads\/2025\/09\/66AVON.jpg 500w, https:\/\/dimensionturistica.com\/es\/wp-content\/uploads\/2025\/09\/66AVON-300x127.jpg 300w\" sizes=\"(max-width: 500px) 100vw, 500px\" \/><\/figure>\n<\/figure>\n\n\n\n<p>3. Dale poder a tu rutina<\/p>\n\n\n\n<p>La clave est\u00e1 en la constancia. Una rutina de tres pasos: s\u00e9rum, crema facial y contorno de ojos puede marcar la diferencia. El d\u00fao de s\u00e9rum y crema potencia los resultados y suma beneficios como mayor firmeza, hidrataci\u00f3n y luminosidad, mientras que el contorno de ojos aporta frescura a la mirada.<\/p>\n\n\n\n<figure class=\"wp-block-gallery has-nested-images columns-default is-cropped wp-block-gallery-3 is-layout-flex wp-block-gallery-is-layout-flex\">\n<figure class=\"wp-block-image size-large\"><img decoding=\"async\" width=\"500\" height=\"336\" data-id=\"1038387\" src=\"https:\/\/dimensionturistica.com\/es\/wp-content\/uploads\/2025\/09\/5AVON.jpg\" alt=\"\" class=\"wp-image-1038387\" srcset=\"https:\/\/dimensionturistica.com\/es\/wp-content\/uploads\/2025\/09\/5AVON.jpg 500w, https:\/\/dimensionturistica.com\/es\/wp-content\/uploads\/2025\/09\/5AVON-300x202.jpg 300w\" sizes=\"(max-width: 500px) 100vw, 500px\" \/><\/figure>\n<\/figure>\n\n\n\n<p>El D\u00eda Mundial del Cuidado de la Piel es el pretexto perfecto para repensar c\u00f3mo cuidamos de nosotros mismos. La ciencia ha demostrado que nunca es tarde para comenzar: con ingredientes innovadores y la disciplina diaria, la piel puede recuperar vitalidad y luminosidad en pocos d\u00edas.<\/p>\n\n\n\n<p>Porque al final, cuidar tu piel no es un lujo, es un acto de amor propio que se refleja todos los d\u00edas.<\/p>\n","protected":false},"excerpt":{"rendered":"<p>En los \u00faltimos a\u00f1os, la ciencia de la cosm\u00e9tica ha puesto al col\u00e1geno en el centro de la conversaci\u00f3n. Una de las innovaciones m\u00e1s interesantes es la tecnolog\u00eda Protinol\u2122, desarrollada y patentada por Avon en colaboraci\u00f3n con dermat\u00f3logos y cient\u00edficos. Ganadora del premio Edison a la innovaci\u00f3n, esta tecnolog\u00eda ha demostrado en estudios cl\u00ednicos su [&hellip;]<\/p>\n","protected":false},"author":1,"featured_media":0,"comment_status":"open","ping_status":"closed","sticky":false,"template":"","format":"standard","meta":{"om_disable_all_campaigns":false,"jnews-multi-image_gallery":[],"jnews_single_post":[],"jnews_primary_category":[],"jnews_social_meta":[],"footnotes":""},"categories":[144872],"tags":[],"class_list":["post-1038383","post","type-post","status-publish","format-standard","hentry","category-fashion"],"_links":{"self":[{"href":"https:\/\/dimensionturistica.com\/es\/wp-json\/wp\/v2\/posts\/1038383","targetHints":{"allow":["GET"]}}],"collection":[{"href":"https:\/\/dimensionturistica.com\/es\/wp-json\/wp\/v2\/posts"}],"about":[{"href":"https:\/\/dimensionturistica.com\/es\/wp-json\/wp\/v2\/types\/post"}],"author":[{"embeddable":true,"href":"https:\/\/dimensionturistica.com\/es\/wp-json\/wp\/v2\/users\/1"}],"replies":[{"embeddable":true,"href":"https:\/\/dimensionturistica.com\/es\/wp-json\/wp\/v2\/comments?post=1038383"}],"version-history":[{"count":0,"href":"https:\/\/dimensionturistica.com\/es\/wp-json\/wp\/v2\/posts\/1038383\/revisions"}],"wp:attachment":[{"href":"https:\/\/dimensionturistica.com\/es\/wp-json\/wp\/v2\/media?parent=1038383"}],"wp:term":[{"taxonomy":"category","embeddable":true,"href":"https:\/\/dimensionturistica.com\/es\/wp-json\/wp\/v2\/categories?post=1038383"},{"taxonomy":"post_tag","embeddable":true,"href":"https:\/\/dimensionturistica.com\/es\/wp-json\/wp\/v2\/tags?post=1038383"}],"curies":[{"name":"wp","href":"https:\/\/api.w.org\/{rel}","templated":true}]}}