{"id":1038342,"date":"2025-09-02T20:18:26","date_gmt":"2025-09-02T20:18:26","guid":{"rendered":"https:\/\/dimensionturistica.com\/es\/?p=1038342"},"modified":"2025-09-02T20:18:26","modified_gmt":"2025-09-02T20:18:26","slug":"se-realizara-el-primer-foro-regional-sobre-sostenibilidad-y-responsabilidad-social-en-el-turismo-y-sustainable-social-tourism-summit-del-25-y-26-de-noviembre-en-ciudad-juare","status":"publish","type":"post","link":"https:\/\/dimensionturistica.com\/es\/se-realizara-el-primer-foro-regional-sobre-sostenibilidad-y-responsabilidad-social-en-el-turismo-y-sustainable-social-tourism-summit-del-25-y-26-de-noviembre-en-ciudad-juare\/","title":{"rendered":"\u00a0Se realizar\u00e1 el primer Foro regional sobre sostenibilidad y\u00a0responsabilidad Social en el Turismo\u00a0y Sustainable &amp; Social Tourism Summit\u00a0del 25 y 26 de noviembre en Ciudad Ju\u00e1rez, Chihuahua"},"content":{"rendered":"\n<figure class=\"wp-block-gallery has-nested-images columns-default is-cropped wp-block-gallery-1 is-layout-flex wp-block-gallery-is-layout-flex\">\n<figure class=\"wp-block-image size-large\"><img decoding=\"async\" width=\"474\" height=\"102\" data-id=\"1038343\" src=\"https:\/\/dimensionturistica.com\/es\/wp-content\/uploads\/2025\/09\/SUMMITT.jpg\" alt=\"\" class=\"wp-image-1038343\" srcset=\"https:\/\/dimensionturistica.com\/es\/wp-content\/uploads\/2025\/09\/SUMMITT.jpg 474w, https:\/\/dimensionturistica.com\/es\/wp-content\/uploads\/2025\/09\/SUMMITT-300x65.jpg 300w\" sizes=\"(max-width: 474px) 100vw, 474px\" \/><\/figure>\n<\/figure>\n\n\n\n<p>En el marco de IBTM Am\u00e9ricas, se anunci\u00f3 el&nbsp;Foro regional sobre Sostenibilidad y Responsabilidad Social en el Turismo y&nbsp;Sustainable &amp; Social Tourism Summit\u00d2, el cual se realizar\u00e1 por primera ocasi\u00f3n en&nbsp;M\u00e9xico, siendo la sede Ciudad Ju\u00e1rez, Chihuahua.<\/p>\n\n\n\n<figure class=\"wp-block-gallery has-nested-images columns-default is-cropped wp-block-gallery-2 is-layout-flex wp-block-gallery-is-layout-flex\">\n<figure class=\"wp-block-image size-large\"><img decoding=\"async\" width=\"500\" height=\"375\" data-id=\"1038344\" src=\"https:\/\/dimensionturistica.com\/es\/wp-content\/uploads\/2025\/09\/1SUMMIT.jpg\" alt=\"\" class=\"wp-image-1038344\" srcset=\"https:\/\/dimensionturistica.com\/es\/wp-content\/uploads\/2025\/09\/1SUMMIT.jpg 500w, https:\/\/dimensionturistica.com\/es\/wp-content\/uploads\/2025\/09\/1SUMMIT-300x225.jpg 300w\" sizes=\"(max-width: 500px) 100vw, 500px\" \/><\/figure>\n<\/figure>\n\n\n\n<p>La presentaci\u00f3n estuvo a cargo de Fernando Mandri Bellot, Presidente del&nbsp;Sustainable &amp; Social Tourism Summit, quien coment\u00f3 que dicho Foro est\u00e1&nbsp;especialmente enfocado en los prestadores de servicios tur\u00edsticos del estado de&nbsp;Chihuahua. Para la realizaci\u00f3n del evento se ha contado un apoyo muy especial, del&nbsp;Gobierno del Estado, el Fideicomiso \u00a1Ah Chihuahua! y por supuesto del Municipio&nbsp;de Ciudad Ju\u00e1rez, que por la suma de sus esfuerzos han podido concretarlo.<\/p>\n\n\n\n<p>El Foro&nbsp;tendr\u00e1 la participaci\u00f3n de especialistas nacionales e internacionales quienes dar\u00e1n a&nbsp;conocer nuevas estrategias y herramientas dirigidas a implementar la sustentabilidad&nbsp;y la responsabilidad social en empresas y destinos.<\/p>\n\n\n\n<p>Por otra parte, expres\u00f3 un especial agradecimiento a Edivia G\u00f3mez Gallegos, Julio&nbsp;Ch\u00e1vez Ventura, Francisco Moreno, representantes estatales de Turismo y a todo&nbsp;su equipo por todas sus atenciones, as\u00ed como por ser parte de esta nueva iniciativa&nbsp;en Chihuahua.<\/p>\n\n\n\n<figure class=\"wp-block-gallery has-nested-images columns-default is-cropped wp-block-gallery-3 is-layout-flex wp-block-gallery-is-layout-flex\">\n<figure class=\"wp-block-image size-large\"><img decoding=\"async\" width=\"500\" height=\"333\" data-id=\"1038345\" src=\"https:\/\/dimensionturistica.com\/es\/wp-content\/uploads\/2025\/09\/6SUMMIT.jpg\" alt=\"\" class=\"wp-image-1038345\" srcset=\"https:\/\/dimensionturistica.com\/es\/wp-content\/uploads\/2025\/09\/6SUMMIT.jpg 500w, https:\/\/dimensionturistica.com\/es\/wp-content\/uploads\/2025\/09\/6SUMMIT-300x200.jpg 300w\" sizes=\"(max-width: 500px) 100vw, 500px\" \/><\/figure>\n<\/figure>\n\n\n\n<p>Francisco Moreno, Director de Turismo Municipal de Ciudad Ju\u00e1rez, expres\u00f3 que&nbsp;es una gran oportunidad para el destino, el cual va a impactar directamente a&nbsp;representantes del sector tur\u00edstico como las PYMES, Asimismo, agradece la&nbsp;oportunidad de poder llevar a cabo un foro de esta naturaleza que tendr\u00e1 un&nbsp;alcance binacional, porque se estima contar con participaci\u00f3n de representantes&nbsp;del sector provenientes de Texas y de Nuevo M\u00e9xico, aprovechando la&nbsp;infraestructura y su localizaci\u00f3n geogr\u00e1fica para la realizaci\u00f3n de eventos de esta&nbsp;\u00edndole.<\/p>\n\n\n\n<p><\/p>\n\n\n\n<p>De igual forma, confirm\u00f3 el compromiso de Ciudad Ju\u00e1rez con la&nbsp;sostenibilidad y la responsabilidad social.<\/p>\n\n\n\n<figure class=\"wp-block-gallery has-nested-images columns-default is-cropped wp-block-gallery-4 is-layout-flex wp-block-gallery-is-layout-flex\">\n<figure class=\"wp-block-image size-large\"><img decoding=\"async\" width=\"500\" height=\"333\" data-id=\"1038346\" src=\"https:\/\/dimensionturistica.com\/es\/wp-content\/uploads\/2025\/09\/3SUMMIT.jpg\" alt=\"\" class=\"wp-image-1038346\" srcset=\"https:\/\/dimensionturistica.com\/es\/wp-content\/uploads\/2025\/09\/3SUMMIT.jpg 500w, https:\/\/dimensionturistica.com\/es\/wp-content\/uploads\/2025\/09\/3SUMMIT-300x200.jpg 300w\" sizes=\"(max-width: 500px) 100vw, 500px\" \/><\/figure>\n<\/figure>\n\n\n\n<p>Por \u00faltimo, Julio Ch\u00e1vez Ventura, Director General del Fideicomiso de Turismo \u00a1Ah&nbsp;Chihuahua!, coment\u00f3 que a nombre de la gobernadora Maru Campos y del&nbsp;Secretario Edivia G\u00f3mez, agradece por haber elegido a Chihuahua para la&nbsp;realizaci\u00f3n de este evento y para todo M\u00e9xico por esta primer iniciativa que lleva&nbsp;a cabo el Comit\u00e9 organizador del Sustainable &amp; Social Tourism Summit, destacando&nbsp;la importancia binacional y la trascendencia de un tema como es la sustentabilidad.<\/p>\n\n\n\n<p>Por lo cual, invita a toda la cadena de valor tur\u00edstico que participe y asistan a Ciudad&nbsp;Ju\u00e1rez a este foro.<\/p>\n","protected":false},"excerpt":{"rendered":"<p>En el marco de IBTM Am\u00e9ricas, se anunci\u00f3 el&nbsp;Foro regional sobre Sostenibilidad y Responsabilidad Social en el Turismo y&nbsp;Sustainable &amp; Social Tourism Summit\u00d2, el cual se realizar\u00e1 por primera ocasi\u00f3n en&nbsp;M\u00e9xico, siendo la sede Ciudad Ju\u00e1rez, Chihuahua. La presentaci\u00f3n estuvo a cargo de Fernando Mandri Bellot, Presidente del&nbsp;Sustainable &amp; Social Tourism Summit, quien coment\u00f3 que [&hellip;]<\/p>\n","protected":false},"author":1,"featured_media":0,"comment_status":"open","ping_status":"closed","sticky":false,"template":"","format":"standard","meta":{"om_disable_all_campaigns":false,"jnews-multi-image_gallery":[],"jnews_single_post":{"format":"standard"},"jnews_primary_category":[],"jnews_social_meta":[],"footnotes":""},"categories":[40],"tags":[],"class_list":["post-1038342","post","type-post","status-publish","format-standard","hentry","category-industria"],"_links":{"self":[{"href":"https:\/\/dimensionturistica.com\/es\/wp-json\/wp\/v2\/posts\/1038342","targetHints":{"allow":["GET"]}}],"collection":[{"href":"https:\/\/dimensionturistica.com\/es\/wp-json\/wp\/v2\/posts"}],"about":[{"href":"https:\/\/dimensionturistica.com\/es\/wp-json\/wp\/v2\/types\/post"}],"author":[{"embeddable":true,"href":"https:\/\/dimensionturistica.com\/es\/wp-json\/wp\/v2\/users\/1"}],"replies":[{"embeddable":true,"href":"https:\/\/dimensionturistica.com\/es\/wp-json\/wp\/v2\/comments?post=1038342"}],"version-history":[{"count":0,"href":"https:\/\/dimensionturistica.com\/es\/wp-json\/wp\/v2\/posts\/1038342\/revisions"}],"wp:attachment":[{"href":"https:\/\/dimensionturistica.com\/es\/wp-json\/wp\/v2\/media?parent=1038342"}],"wp:term":[{"taxonomy":"category","embeddable":true,"href":"https:\/\/dimensionturistica.com\/es\/wp-json\/wp\/v2\/categories?post=1038342"},{"taxonomy":"post_tag","embeddable":true,"href":"https:\/\/dimensionturistica.com\/es\/wp-json\/wp\/v2\/tags?post=1038342"}],"curies":[{"name":"wp","href":"https:\/\/api.w.org\/{rel}","templated":true}]}}