{"id":1038302,"date":"2025-09-02T19:25:45","date_gmt":"2025-09-02T19:25:45","guid":{"rendered":"https:\/\/dimensionturistica.com\/es\/?p=1038302"},"modified":"2025-09-02T19:25:45","modified_gmt":"2025-09-02T19:25:45","slug":"posadas-es-galardonada-en-los-awards-2025","status":"publish","type":"post","link":"https:\/\/dimensionturistica.com\/es\/posadas-es-galardonada-en-los-awards-2025\/","title":{"rendered":"Posadas es Galardonada en los Awards 2025"},"content":{"rendered":"\n<figure class=\"wp-block-gallery has-nested-images columns-default is-cropped wp-block-gallery-1 is-layout-flex wp-block-gallery-is-layout-flex\">\n<figure class=\"wp-block-image size-large\"><img decoding=\"async\" width=\"500\" height=\"625\" data-id=\"1038308\" src=\"https:\/\/dimensionturistica.com\/es\/wp-content\/uploads\/2025\/09\/4POSADAS.jpg\" alt=\"\" class=\"wp-image-1038308\" srcset=\"https:\/\/dimensionturistica.com\/es\/wp-content\/uploads\/2025\/09\/4POSADAS.jpg 500w, https:\/\/dimensionturistica.com\/es\/wp-content\/uploads\/2025\/09\/4POSADAS-240x300.jpg 240w\" sizes=\"(max-width: 500px) 100vw, 500px\" \/><\/figure>\n<\/figure>\n\n\n\n<p>&nbsp;En la ceremonia de entrega de los Trazees&nbsp;Awards edici\u00f3n 2025, Posadas recibi\u00f3 dos importantes galardones: \u201cFavorite hotel&nbsp;chain in M\u00e9xico\u201d por Fiesta Americana, as\u00ed como el \u201cBest Hotel Industry Leader\u201d a&nbsp;Enrique Calder\u00f3n, vicepresidente de operaciones; posicion\u00e1ndose como l\u00edder en la&nbsp;hospitalidad tur\u00edstica a nivel mundial con dichos nombramientos.<\/p>\n\n\n\n<p>Los Trazees Awards, organizados por la publicaci\u00f3n internacional Global Traveler,&nbsp;reconocen cada a\u00f1o a los destinos, aerol\u00edneas, hoteles y l\u00edderes m\u00e1s innovadores&nbsp;y destacados de la industria tur\u00edstica, con base en la votaci\u00f3n de viajeros j\u00f3venes&nbsp;y expertos en viajes.<\/p>\n\n\n\n<figure class=\"wp-block-gallery has-nested-images columns-default is-cropped wp-block-gallery-2 is-layout-flex wp-block-gallery-is-layout-flex\">\n<figure class=\"wp-block-image size-large\"><img decoding=\"async\" width=\"500\" height=\"666\" data-id=\"1038309\" src=\"https:\/\/dimensionturistica.com\/es\/wp-content\/uploads\/2025\/09\/2POSADAS.jpg\" alt=\"\" class=\"wp-image-1038309\" srcset=\"https:\/\/dimensionturistica.com\/es\/wp-content\/uploads\/2025\/09\/2POSADAS.jpg 500w, https:\/\/dimensionturistica.com\/es\/wp-content\/uploads\/2025\/09\/2POSADAS-225x300.jpg 225w\" sizes=\"(max-width: 500px) 100vw, 500px\" \/><\/figure>\n<\/figure>\n\n\n\n<p>Al ser una publicaci\u00f3n en l\u00ednea para millennials, ya que sus lectores&nbsp;rondan entre&nbsp;25 y 40 a\u00f1os, este a\u00f1o elogian las acciones y compromiso tur\u00edstico de Posadas, al&nbsp;contar con el m\u00e1s alto nivel de servicio y calidad hospitalaria, coloc\u00e1ndose como&nbsp;pionero en las nuevas tendencias de la industria hotelera y favorito para los&nbsp;nuevos viajeros.<\/p>\n\n\n\n<p>El evento de premiaci\u00f3n se llev\u00f3 a cabo en Beverly Hills, ciudad ubicada en el&nbsp;condado de Los \u00c1ngeles, California; en donde el vicepresidente de Posadas&nbsp;recibi\u00f3 dichas distinciones por el CEO y fundador de Global Traveler, Francis X.&nbsp;Gallagher; quien le dio la bienvenida y destac\u00f3 su trayectoria como l\u00edder hotelero&nbsp;en M\u00e9xico: \u201cEnrique Calder\u00f3n ha supervisado la exitosa expansi\u00f3n del equipo de&nbsp;viajes de Fiesta Americana a m\u00e1s de 200 hoteles en M\u00e9xico y el Caribe, as\u00ed como&nbsp;el crecimiento de la empresa en diversos destinos, manteni\u00e9ndose en un&nbsp;importante sitio para el turismo\u201d.<\/p>\n\n\n\n<figure class=\"wp-block-gallery has-nested-images columns-default is-cropped wp-block-gallery-3 is-layout-flex wp-block-gallery-is-layout-flex\">\n<figure class=\"wp-block-image size-large\"><img decoding=\"async\" width=\"500\" height=\"888\" data-id=\"1038310\" src=\"https:\/\/dimensionturistica.com\/es\/wp-content\/uploads\/2025\/09\/9POSADAS.jpg\" alt=\"\" class=\"wp-image-1038310\" srcset=\"https:\/\/dimensionturistica.com\/es\/wp-content\/uploads\/2025\/09\/9POSADAS.jpg 500w, https:\/\/dimensionturistica.com\/es\/wp-content\/uploads\/2025\/09\/9POSADAS-169x300.jpg 169w\" sizes=\"(max-width: 500px) 100vw, 500px\" \/><\/figure>\n<\/figure>\n\n\n\n<p>Si en algo se ha distinguido Posadas, es por su excelente calidad de servicio, al&nbsp;ser una empresa hotelera l\u00edder en el pa\u00eds con una historia de crecimiento s\u00f3lido,&nbsp;desde la apertura de su primer hotel en 1970, con un plan de desarrollo que hoy&nbsp;contin\u00faa con gran \u00e9xito.<\/p>\n\n\n\n<p>Es as\u00ed como este logro refleja el compromiso del vicepresidente de operaciones,&nbsp;Enrique Calder\u00f3n y de Posadas con la excelencia, la innovaci\u00f3n y el servicio que&nbsp;inspira cada una de sus propiedades.<\/p>\n","protected":false},"excerpt":{"rendered":"<p>&nbsp;En la ceremonia de entrega de los Trazees&nbsp;Awards edici\u00f3n 2025, Posadas recibi\u00f3 dos importantes galardones: \u201cFavorite hotel&nbsp;chain in M\u00e9xico\u201d por Fiesta Americana, as\u00ed como el \u201cBest Hotel Industry Leader\u201d a&nbsp;Enrique Calder\u00f3n, vicepresidente de operaciones; posicion\u00e1ndose como l\u00edder en la&nbsp;hospitalidad tur\u00edstica a nivel mundial con dichos nombramientos. Los Trazees Awards, organizados por la publicaci\u00f3n internacional Global [&hellip;]<\/p>\n","protected":false},"author":1,"featured_media":0,"comment_status":"open","ping_status":"closed","sticky":false,"template":"","format":"standard","meta":{"om_disable_all_campaigns":false,"jnews-multi-image_gallery":[],"jnews_single_post":[],"jnews_primary_category":[],"jnews_social_meta":[],"footnotes":""},"categories":[40],"tags":[],"class_list":["post-1038302","post","type-post","status-publish","format-standard","hentry","category-industria"],"_links":{"self":[{"href":"https:\/\/dimensionturistica.com\/es\/wp-json\/wp\/v2\/posts\/1038302","targetHints":{"allow":["GET"]}}],"collection":[{"href":"https:\/\/dimensionturistica.com\/es\/wp-json\/wp\/v2\/posts"}],"about":[{"href":"https:\/\/dimensionturistica.com\/es\/wp-json\/wp\/v2\/types\/post"}],"author":[{"embeddable":true,"href":"https:\/\/dimensionturistica.com\/es\/wp-json\/wp\/v2\/users\/1"}],"replies":[{"embeddable":true,"href":"https:\/\/dimensionturistica.com\/es\/wp-json\/wp\/v2\/comments?post=1038302"}],"version-history":[{"count":0,"href":"https:\/\/dimensionturistica.com\/es\/wp-json\/wp\/v2\/posts\/1038302\/revisions"}],"wp:attachment":[{"href":"https:\/\/dimensionturistica.com\/es\/wp-json\/wp\/v2\/media?parent=1038302"}],"wp:term":[{"taxonomy":"category","embeddable":true,"href":"https:\/\/dimensionturistica.com\/es\/wp-json\/wp\/v2\/categories?post=1038302"},{"taxonomy":"post_tag","embeddable":true,"href":"https:\/\/dimensionturistica.com\/es\/wp-json\/wp\/v2\/tags?post=1038302"}],"curies":[{"name":"wp","href":"https:\/\/api.w.org\/{rel}","templated":true}]}}