{"id":1038258,"date":"2025-09-02T18:23:39","date_gmt":"2025-09-02T18:23:39","guid":{"rendered":"https:\/\/dimensionturistica.com\/es\/?p=1038258"},"modified":"2025-09-02T18:23:39","modified_gmt":"2025-09-02T18:23:39","slug":"revive-cajititlan-brown-forman-restaura-una-microcuenca-vital","status":"publish","type":"post","link":"https:\/\/dimensionturistica.com\/es\/revive-cajititlan-brown-forman-restaura-una-microcuenca-vital\/","title":{"rendered":"Revive Cajititl\u00e1n: Brown-Forman restaura una microcuenca vital"},"content":{"rendered":"\n<figure class=\"wp-block-gallery has-nested-images columns-default is-cropped wp-block-gallery-1 is-layout-flex wp-block-gallery-is-layout-flex\">\n<figure class=\"wp-block-image size-large\"><img decoding=\"async\" width=\"386\" height=\"180\" data-id=\"1038259\" src=\"https:\/\/dimensionturistica.com\/es\/wp-content\/uploads\/2025\/09\/1BROWN.jpg\" alt=\"\" class=\"wp-image-1038259\" srcset=\"https:\/\/dimensionturistica.com\/es\/wp-content\/uploads\/2025\/09\/1BROWN.jpg 386w, https:\/\/dimensionturistica.com\/es\/wp-content\/uploads\/2025\/09\/1BROWN-300x140.jpg 300w\" sizes=\"(max-width: 386px) 100vw, 386px\" \/><\/figure>\n<\/figure>\n\n\n\n<p>&nbsp;Brown-Forman, uno de los l\u00edderes&nbsp;internacionales en bebidas espirituosas, fortaleci\u00f3 su v\u00ednculo con la tierra y las&nbsp;comunidades de Jalisco a trav\u00e9s de Charco Bendito, un proyecto que desde 2020 trabaja&nbsp;en la rehabilitaci\u00f3n integral de la microcuenca Cajititl\u00e1n, dentro de la Cuenca del R\u00edo&nbsp;Santiago en Guadalajara.<\/p>\n\n\n\n<figure class=\"wp-block-gallery has-nested-images columns-default is-cropped wp-block-gallery-2 is-layout-flex wp-block-gallery-is-layout-flex\">\n<figure class=\"wp-block-image size-large\"><img decoding=\"async\" width=\"500\" height=\"281\" data-id=\"1038260\" src=\"https:\/\/dimensionturistica.com\/es\/wp-content\/uploads\/2025\/09\/2BROWN.jpg\" alt=\"\" class=\"wp-image-1038260\" srcset=\"https:\/\/dimensionturistica.com\/es\/wp-content\/uploads\/2025\/09\/2BROWN.jpg 500w, https:\/\/dimensionturistica.com\/es\/wp-content\/uploads\/2025\/09\/2BROWN-300x169.jpg 300w\" sizes=\"(max-width: 500px) 100vw, 500px\" \/><\/figure>\n<\/figure>\n\n\n\n<p>De acuerdo con el INIFAP, los bosques y selvas cubren cerca del 36% del territorio de&nbsp;Jalisco. Estos ecosistemas no s\u00f3lo resguardan la biodiversidad, tambi\u00e9n cuidan el agua&nbsp;de la regi\u00f3n. La British Ecological Society explica que en zonas con bosques apenas el&nbsp;2% de la lluvia se pierde como escorrent\u00eda, es decir, agua que corre por la superficie sin&nbsp;filtrarse, mientras que en \u00e1reas degradadas, donde el suelo ha perdido vegetaci\u00f3n y&nbsp;capacidad de absorber agua, esa cifra aumenta hasta el 11%. Esto muestra c\u00f3mo los&nbsp;bosques ayudan a que la lluvia penetre en el suelo y recargue los acu\u00edferos.<\/p>\n\n\n\n<figure class=\"wp-block-gallery has-nested-images columns-default is-cropped wp-block-gallery-3 is-layout-flex wp-block-gallery-is-layout-flex\">\n<figure class=\"wp-block-image size-large\"><img decoding=\"async\" width=\"500\" height=\"281\" data-id=\"1038261\" src=\"https:\/\/dimensionturistica.com\/es\/wp-content\/uploads\/2025\/09\/3BROWN.jpg\" alt=\"\" class=\"wp-image-1038261\" srcset=\"https:\/\/dimensionturistica.com\/es\/wp-content\/uploads\/2025\/09\/3BROWN.jpg 500w, https:\/\/dimensionturistica.com\/es\/wp-content\/uploads\/2025\/09\/3BROWN-300x169.jpg 300w\" sizes=\"(max-width: 500px) 100vw, 500px\" \/><\/figure>\n<\/figure>\n\n\n\n<p>En este contexto, la reforestaci\u00f3n de Brown-Forman en San Lucas Evangelista busca&nbsp;contribuir al avance de las mejoras en esta importante cuenca. Se plantaron especies&nbsp;end\u00e9micas como Tepehuaje, Guaje, Rosa Panal, Zorrillo, Pochote, Tepames y Encinos,&nbsp;cuidadosamente seleccionadas por su capacidad de adaptaci\u00f3n al sitio. Estas especies&nbsp;restauran el equilibrio ecol\u00f3gico y fortalecen la resiliencia del ecosistema frente a cambios&nbsp;clim\u00e1ticos y eventos extremos, adem\u00e1s de proteger la biodiversidad y asegurar la&nbsp;recuperaci\u00f3n y conservaci\u00f3n de recursos h\u00eddricos vitales.<\/p>\n\n\n\n<p>La zona se ubica entre dos formaciones naturales de gran relevancia hidrol\u00f3gica: el Cerro&nbsp;Viejo, con 2,965 msnm, una de las cinco elevaciones m\u00e1s altas de Jalisco y protegida por&nbsp;el decreto \u201c\u00c1rea Estatal de Protecci\u00f3n Hidrol\u00f3gica Cerro Viejo-La Chupinaya-Los&nbsp;Sabinos\u201d, y la Laguna de Cajititl\u00e1n, cuyo equilibrio h\u00eddrico y ecol\u00f3gico es crucial para toda&nbsp;la regi\u00f3n.<\/p>\n\n\n\n<figure class=\"wp-block-gallery has-nested-images columns-default is-cropped wp-block-gallery-4 is-layout-flex wp-block-gallery-is-layout-flex\">\n<figure class=\"wp-block-image size-large\"><img decoding=\"async\" width=\"500\" height=\"281\" data-id=\"1038262\" src=\"https:\/\/dimensionturistica.com\/es\/wp-content\/uploads\/2025\/09\/7BROWN.jpg\" alt=\"\" class=\"wp-image-1038262\" srcset=\"https:\/\/dimensionturistica.com\/es\/wp-content\/uploads\/2025\/09\/7BROWN.jpg 500w, https:\/\/dimensionturistica.com\/es\/wp-content\/uploads\/2025\/09\/7BROWN-300x169.jpg 300w\" sizes=\"(max-width: 500px) 100vw, 500px\" \/><\/figure>\n<\/figure>\n\n\n\n<p>\u201cEl cuidado del agua y la restauraci\u00f3n de nuestros ecosistemas no es solo un compromiso&nbsp;ambiental, sino un deber con las comunidades y generaciones futuras. Participar en esta&nbsp;iniciativa nos permite reforzar nuestro impacto positivo en Jalisco, protegiendo la&nbsp;biodiversidad y fomentando pr\u00e1cticas sostenibles en la regi\u00f3n\u201d, afirm\u00f3 Yleana Leal,&nbsp;Directora General de Brown-Forman M\u00e9xico.<\/p>\n\n\n\n<p>La restauraci\u00f3n de la microcuenca Cajititl\u00e1n, a trav\u00e9s de la plantaci\u00f3n de especies nativas,&nbsp;no solo contribuye a la recuperaci\u00f3n forestal, sino que mejora la infiltraci\u00f3n de agua de&nbsp;lluvia en el suelo, recarga los mantos acu\u00edferos y ayuda a regular el ciclo del agua,&nbsp;factores clave para garantizar la disponibilidad del recurso en la regi\u00f3n. Charco Bendito ha&nbsp;logrado que a 2025, 250 hect\u00e1reas hayan sido reforestadas desde la implementaci\u00f3n del&nbsp;proyecto, mismas que reciben un mantenimiento adicional por tres a\u00f1os m\u00e1s a partir de&nbsp;su implementaci\u00f3n.<\/p>\n\n\n\n<p>Con esta acci\u00f3n, Brown-Forman demuestra que la sostenibilidad es m\u00e1s que una&nbsp;promesa: es acci\u00f3n tangible. Trabajando de la mano con proyectos como Charco Bendito,&nbsp;la compa\u00f1\u00eda asegura que los beneficios ambientales,sociales y econ\u00f3micos perduren en&nbsp;el tiempo.<\/p>\n\n\n\n<p>\u201cCada \u00e1rbol plantado contribuye al incremento en la capacidad de infiltraci\u00f3n de agua en&nbsp;el subsuelo, reduce la erosi\u00f3n y favorece la recarga de los acu\u00edferos. Eso significa m\u00e1s&nbsp;agua limpia y disponible para mantener el equilibrio de la microcuenca, la biodiversidad y,&nbsp;en \u00faltima instancia, la vida de las comunidades. Este proyecto demuestra que la&nbsp;colaboraci\u00f3n entre empresas, comunidades y proyectos ambientales genera un impacto&nbsp;real y medible\u201d, concluy\u00f3 Leal.<\/p>\n\n\n\n<p>Adem\u00e1s de la restauraci\u00f3n ecol\u00f3gica, la iniciativa promueve educaci\u00f3n ambiental y&nbsp;desarrollo sostenible en las comunidades locales, as\u00ed como el voluntariado dentro y fuera&nbsp;de la empresa. Involucrar a las nuevas generaciones en actividades de conservaci\u00f3n&nbsp;fomenta una cultura de respeto y cuidado por el medio ambiente,&nbsp;dejando un legado verde&nbsp;para el futuro.<\/p>\n\n\n\n<figure class=\"wp-block-gallery has-nested-images columns-default is-cropped wp-block-gallery-5 is-layout-flex wp-block-gallery-is-layout-flex\">\n<figure class=\"wp-block-image size-large\"><img decoding=\"async\" width=\"500\" height=\"281\" data-id=\"1038266\" src=\"https:\/\/dimensionturistica.com\/es\/wp-content\/uploads\/2025\/09\/WhatsApp-Image-2025-09-01-at-12.30.53-3.jpg\" alt=\"\" class=\"wp-image-1038266\" srcset=\"https:\/\/dimensionturistica.com\/es\/wp-content\/uploads\/2025\/09\/WhatsApp-Image-2025-09-01-at-12.30.53-3.jpg 500w, https:\/\/dimensionturistica.com\/es\/wp-content\/uploads\/2025\/09\/WhatsApp-Image-2025-09-01-at-12.30.53-3-300x169.jpg 300w\" sizes=\"(max-width: 500px) 100vw, 500px\" \/><\/figure>\n<\/figure>\n\n\n\n<p>El proyecto Charco Bendito es un modelo \u00fanico, en donde los esfuerzos colectivos de<\/p>\n\n\n\n<p>grandes empresas se enfocan a un proyecto integral de restauraci\u00f3n en una cuenca&nbsp;reconocida por su grave estr\u00e9s h\u00eddrico; la transformaci\u00f3n del paisaje y la participaci\u00f3n&nbsp;social han sido componentes esenciales para dotar de identidad y apropiaci\u00f3n al proyecto.<\/p>\n\n\n\n<p>Los resultados hasta el momento son alentadores y se espera superar en este a\u00f1o la&nbsp;meta de 100,000 \u00e1rboles,que contribuir\u00e1n a una importante recuperaci\u00f3n de agua,&nbsp;captaci\u00f3n de CO2, recuperaci\u00f3n de h\u00e1bitats para la biodiversidad y reducci\u00f3n de los&nbsp;efectos negativos de Cambio Clim\u00e1tico&#8221;, afirm\u00f3 H\u00e9ctor de Alba, Director de Red Bioterra&nbsp;nempresa implementadora.<\/p>\n","protected":false},"excerpt":{"rendered":"<p>&nbsp;Brown-Forman, uno de los l\u00edderes&nbsp;internacionales en bebidas espirituosas, fortaleci\u00f3 su v\u00ednculo con la tierra y las&nbsp;comunidades de Jalisco a trav\u00e9s de Charco Bendito, un proyecto que desde 2020 trabaja&nbsp;en la rehabilitaci\u00f3n integral de la microcuenca Cajititl\u00e1n, dentro de la Cuenca del R\u00edo&nbsp;Santiago en Guadalajara. De acuerdo con el INIFAP, los bosques y selvas cubren cerca [&hellip;]<\/p>\n","protected":false},"author":1,"featured_media":0,"comment_status":"open","ping_status":"closed","sticky":false,"template":"","format":"standard","meta":{"om_disable_all_campaigns":false,"jnews-multi-image_gallery":[],"jnews_single_post":[],"jnews_primary_category":[],"jnews_social_meta":[],"footnotes":""},"categories":[40],"tags":[],"class_list":["post-1038258","post","type-post","status-publish","format-standard","hentry","category-industria"],"_links":{"self":[{"href":"https:\/\/dimensionturistica.com\/es\/wp-json\/wp\/v2\/posts\/1038258","targetHints":{"allow":["GET"]}}],"collection":[{"href":"https:\/\/dimensionturistica.com\/es\/wp-json\/wp\/v2\/posts"}],"about":[{"href":"https:\/\/dimensionturistica.com\/es\/wp-json\/wp\/v2\/types\/post"}],"author":[{"embeddable":true,"href":"https:\/\/dimensionturistica.com\/es\/wp-json\/wp\/v2\/users\/1"}],"replies":[{"embeddable":true,"href":"https:\/\/dimensionturistica.com\/es\/wp-json\/wp\/v2\/comments?post=1038258"}],"version-history":[{"count":0,"href":"https:\/\/dimensionturistica.com\/es\/wp-json\/wp\/v2\/posts\/1038258\/revisions"}],"wp:attachment":[{"href":"https:\/\/dimensionturistica.com\/es\/wp-json\/wp\/v2\/media?parent=1038258"}],"wp:term":[{"taxonomy":"category","embeddable":true,"href":"https:\/\/dimensionturistica.com\/es\/wp-json\/wp\/v2\/categories?post=1038258"},{"taxonomy":"post_tag","embeddable":true,"href":"https:\/\/dimensionturistica.com\/es\/wp-json\/wp\/v2\/tags?post=1038258"}],"curies":[{"name":"wp","href":"https:\/\/api.w.org\/{rel}","templated":true}]}}