{"id":1038235,"date":"2025-09-02T17:45:13","date_gmt":"2025-09-02T17:45:13","guid":{"rendered":"https:\/\/dimensionturistica.com\/es\/?p=1038235"},"modified":"2025-09-02T17:45:13","modified_gmt":"2025-09-02T17:45:13","slug":"el-estilo-de-corte-de-cabello-vintage-de-los-anos-50-que-hara-su-regreso-en-otono-de-2025","status":"publish","type":"post","link":"https:\/\/dimensionturistica.com\/es\/el-estilo-de-corte-de-cabello-vintage-de-los-anos-50-que-hara-su-regreso-en-otono-de-2025\/","title":{"rendered":"El estilo de corte de cabello vintage de los a\u00f1os 50 que har\u00e1 su regreso en oto\u00f1o de 2025."},"content":{"rendered":"<h3>El Regreso del Corte de Cabello Retro: La Tendencia que Marcar\u00e1 el Oto\u00f1o 2025<\/h3>\n<p>A medida que el oto\u00f1o 2025 se asoma en el horizonte, el mundo de la moda y la belleza se prepara para recibir una tendencia que seguramente capturar\u00e1 la atenci\u00f3n de quienes buscan un cambio refrescante: los cortes de cabello de estilo retro, espec\u00edficamente aquellos evocando la est\u00e9tica de las d\u00e9cadas pasadas. Entre ellos, destaca un estilo particularmente nost\u00e1lgico que se ha apoderado de las pasarelas y las redes sociales, trayendo consigo una combinaci\u00f3n perfecta de elegancia y frescura.<\/p>\n<p><strong>La Nostalgia como Inspiraci\u00f3n<\/strong><\/p>\n<p>El regreso de estos cortes se fundamenta en una mezcla de nostalgia y modernidad. Inspirados en la est\u00e9tica de los a\u00f1os 50, estos estilos no solo rinden homenaje a las abuelas con sus encantadoras melenas sino que tambi\u00e9n reinterpretan estos cl\u00e1sicos para adaptarlos a la era actual, convirti\u00e9ndose en una declaraci\u00f3n de estilo. Con un enfoque en la textura, el movimiento y el volumen, estos cortes capturan la esencia del pasado, al mismo tiempo que invitan a los m\u00e1s j\u00f3venes a experimentar con su apariencia.<\/p>\n<p><strong>Caracter\u00edsticas que Definen la Tendencia<\/strong><\/p>\n<p>Los cortes de cabello que regresan son variados, pero todos comparten ciertas caracter\u00edsticas clave. En su mayor\u00eda, se caracterizan por:<\/p>\n<ul>\n<li><strong>Capas Suaves<\/strong>: Las capas aportan movimiento y vitalidad al cabello, creando una apariencia desenfadada.<\/li>\n<li><strong>Puntas Definidas<\/strong>: A diferencia de los cortes desiguales, los estilos de los 50 utilizan puntas m\u00e1s definidas que enmarcan el rostro y resaltan la belleza natural.<\/li>\n<li><strong>Frentes y Flequillos<\/strong>: Los flequillos son un must, ya que no solo a\u00f1aden un toque de sofisticaci\u00f3n, sino que tambi\u00e9n permiten jugar con diferentes looks.<\/li>\n<\/ul>\n<p><strong>C\u00f3mo Llevarlo<\/strong><\/p>\n<p>Para quienes desean adoptar este look revitalizado, la clave est\u00e1 en encontrar el corte adecuado que complemente la forma del rostro y la textura del cabello. Asesorarse con un estilista que comprenda la esencia de esta tendencia resulta invaluable. <\/p>\n<p>El uso de productos que aporten brillo y textura tambi\u00e9n se convierte en un factor decisivo. Desde las espumas que dan cuerpo hasta los aceites para un acabado pulido, cada paso cuenta para conseguir ese desenfado elegante que se busca.<\/p>\n<p><strong>Impacto en las Redes Sociales<\/strong><\/p>\n<p>El fen\u00f3meno de las plataformas digitales ha amplificado esta tendencia, visto en m\u00faltiples publicaciones y hashtags que resuenan entre los amantes de la moda. Las herramientas de contenido visual impulsan a m\u00e1s personas a experimentar con su estilo, convirtiendo estos cortes vintage en una opci\u00f3n popular entre las generaciones m\u00e1s j\u00f3venes. Las influencias de estilo y los vloggers de belleza han comenzado a mostrar su propia interpretaci\u00f3n de estos cl\u00e1sicos, generando un creciente inter\u00e9s y aprecio por lo que una vez fue.<\/p>\n<p><strong>Conclusi\u00f3n: Un Cambio que Perdura<\/strong><\/p>\n<p>La mezcla de la nostalgia con la innovaci\u00f3n visual seguir\u00e1 siendo fundamental en el mundo de la moda y la belleza. Con el corte de cabello inspirado en la elegancia de las d\u00e9cadas pasadas, el oto\u00f1o 2025 se perfila como una temporada de reencuentro con el estilo cl\u00e1sico, perfectamente adaptado para los tiempos modernos. La evoluci\u00f3n de estos cortes promete no solo transformar las cabelleras, sino tambi\u00e9n el modo en que se percibe la moda en su conjunto.<\/p>\n<p>As\u00ed que, para aquellos que buscan un nuevo aire en su estilo, el momento de experimentar con estos cortes es ahora. \u00a1Atr\u00e9vanse a dejarse llevar por la brisa retro y descubran el poder de un buen cambio de look!<\/p>\n<p><em> &#8221; Fuentes www.vogue.mx &#8221; <\/em><\/p>\n","protected":false},"excerpt":{"rendered":"<p>El Regreso del Corte de Cabello Retro: La Tendencia que Marcar\u00e1 el Oto\u00f1o 2025 A medida que el oto\u00f1o 2025 se asoma en el horizonte, el mundo de la moda y la belleza se prepara para recibir una tendencia que seguramente capturar\u00e1 la atenci\u00f3n de quienes buscan un cambio refrescante: los cortes de cabello de [&hellip;]<\/p>\n","protected":false},"author":14,"featured_media":1038236,"comment_status":"open","ping_status":"closed","sticky":false,"template":"","format":"standard","meta":{"om_disable_all_campaigns":false,"jnews-multi-image_gallery":[],"jnews_single_post":[],"jnews_primary_category":[],"jnews_social_meta":[],"footnotes":""},"categories":[144872],"tags":[245446,39783,201310,245448,206176,245449,245447,245450,3379,245451,202426],"class_list":["post-1038235","post","type-post","status-publish","format-standard","has-post-thumbnail","hentry","category-fashion","tag-abuela-chic","tag-cabello","tag-corte-de-cabello","tag-decadas-pasadas","tag-estilo-retro","tag-looks-vintage","tag-moda-otono-2025","tag-peinados-clasicos","tag-peluqueria","tag-renovacion-de-estilo","tag-tendencias-de-cabello"],"_links":{"self":[{"href":"https:\/\/dimensionturistica.com\/es\/wp-json\/wp\/v2\/posts\/1038235","targetHints":{"allow":["GET"]}}],"collection":[{"href":"https:\/\/dimensionturistica.com\/es\/wp-json\/wp\/v2\/posts"}],"about":[{"href":"https:\/\/dimensionturistica.com\/es\/wp-json\/wp\/v2\/types\/post"}],"author":[{"embeddable":true,"href":"https:\/\/dimensionturistica.com\/es\/wp-json\/wp\/v2\/users\/14"}],"replies":[{"embeddable":true,"href":"https:\/\/dimensionturistica.com\/es\/wp-json\/wp\/v2\/comments?post=1038235"}],"version-history":[{"count":0,"href":"https:\/\/dimensionturistica.com\/es\/wp-json\/wp\/v2\/posts\/1038235\/revisions"}],"wp:featuredmedia":[{"embeddable":true,"href":"https:\/\/dimensionturistica.com\/es\/wp-json\/wp\/v2\/media\/1038236"}],"wp:attachment":[{"href":"https:\/\/dimensionturistica.com\/es\/wp-json\/wp\/v2\/media?parent=1038235"}],"wp:term":[{"taxonomy":"category","embeddable":true,"href":"https:\/\/dimensionturistica.com\/es\/wp-json\/wp\/v2\/categories?post=1038235"},{"taxonomy":"post_tag","embeddable":true,"href":"https:\/\/dimensionturistica.com\/es\/wp-json\/wp\/v2\/tags?post=1038235"}],"curies":[{"name":"wp","href":"https:\/\/api.w.org\/{rel}","templated":true}]}}