{"id":1038225,"date":"2025-09-02T17:29:40","date_gmt":"2025-09-02T17:29:40","guid":{"rendered":"https:\/\/dimensionturistica.com\/es\/?p=1038225"},"modified":"2025-09-02T17:29:40","modified_gmt":"2025-09-02T17:29:40","slug":"valle-de-bravo-impulsa-su-posicionamiento-mice-en-el-world-meeting-forum-2025","status":"publish","type":"post","link":"https:\/\/dimensionturistica.com\/es\/valle-de-bravo-impulsa-su-posicionamiento-mice-en-el-world-meeting-forum-2025\/","title":{"rendered":"Valle de Bravo impulsa su posicionamiento MICE en el World Meeting Forum 2025"},"content":{"rendered":"\n<figure class=\"wp-block-gallery has-nested-images columns-default is-cropped wp-block-gallery-1 is-layout-flex wp-block-gallery-is-layout-flex\">\n<figure class=\"wp-block-image size-large\"><img decoding=\"async\" width=\"500\" height=\"160\" data-id=\"1038227\" src=\"https:\/\/dimensionturistica.com\/es\/wp-content\/uploads\/2025\/09\/9VALLE.jpg\" alt=\"\" class=\"wp-image-1038227\" srcset=\"https:\/\/dimensionturistica.com\/es\/wp-content\/uploads\/2025\/09\/9VALLE.jpg 500w, https:\/\/dimensionturistica.com\/es\/wp-content\/uploads\/2025\/09\/9VALLE-300x96.jpg 300w\" sizes=\"(max-width: 500px) 100vw, 500px\" \/><\/figure>\n<\/figure>\n\n\n\n<p>El pr\u00f3ximo 8 de septiembre, Valle de Bravo participar\u00e1 en el World Meeting Forum (WMF), uno de los encuentros m\u00e1s relevantes de la industria de reuniones, con el objetivo de fortalecer su posicionamiento como destino MICE (Meetings, Incentives, Conventions and Exhibitions) y generar nuevas oportunidades de negocio a nivel nacional.<\/p>\n\n\n\n<p><\/p>\n\n\n\n<p>Durante este foro, a realizarse en Courtyard by Marriott Toluca Aeropuerto, Valle de Bravo presentar\u00e1 su cadena de valor tur\u00edstica y de servicios, conformada por prestadores locales que, en conjunto, garantizan experiencias integrales para congresos, convenciones y viajes de incentivos. Entre los aliados estrat\u00e9gicos que acompa\u00f1ar\u00e1n al destino se encuentran el Hotel El Santuario Resort, Hotel Misi\u00f3n, ANUIES (Centro de Convenciones y Hospitalidad Valle de Bravo) y miembros de la Asociaci\u00f3n HOREPRES, quienes trabajan de manera coordinada para consolidar el crecimiento y la sostenibilidad del turismo en la regi\u00f3n.<\/p>\n\n\n\n<figure class=\"wp-block-gallery has-nested-images columns-default is-cropped wp-block-gallery-2 is-layout-flex wp-block-gallery-is-layout-flex\">\n<figure class=\"wp-block-image size-large\"><img decoding=\"async\" width=\"500\" height=\"263\" data-id=\"1038228\" src=\"https:\/\/dimensionturistica.com\/es\/wp-content\/uploads\/2025\/09\/1VALLE.jpg\" alt=\"\" class=\"wp-image-1038228\" srcset=\"https:\/\/dimensionturistica.com\/es\/wp-content\/uploads\/2025\/09\/1VALLE.jpg 500w, https:\/\/dimensionturistica.com\/es\/wp-content\/uploads\/2025\/09\/1VALLE-300x158.jpg 300w\" sizes=\"(max-width: 500px) 100vw, 500px\" \/><\/figure>\n<\/figure>\n\n\n\n<p>La participaci\u00f3n de Valle de Bravo en el WMF contempla citas de negocios individuales con compradores especializados, actividades de networking de alto nivel, presentaciones acad\u00e9micas y eventos sociales, todo con el fin de reforzar su propuesta de valor y destacar las ventajas competitivas que ofrece como sede de eventos.<\/p>\n\n\n\n<p>Adem\u00e1s de su infraestructura hotelera y de servicios, este emblem\u00e1tico Pueblo M\u00e1gico del Estado de M\u00e9xico se distingue por ser un destino rodeado de naturaleza y cultura. Su emblem\u00e1tica laguna Miguel Alem\u00e1n, ideal para deportes acu\u00e1ticos, y sus monta\u00f1as arboladas, donde se practican actividades como parapente y ala delta, lo convierten en un escenario inspirador para el turismo de reuniones.<\/p>\n\n\n\n<figure class=\"wp-block-gallery has-nested-images columns-default is-cropped wp-block-gallery-3 is-layout-flex wp-block-gallery-is-layout-flex\">\n<figure class=\"wp-block-image size-large\"><img decoding=\"async\" width=\"500\" height=\"247\" data-id=\"1038231\" src=\"https:\/\/dimensionturistica.com\/es\/wp-content\/uploads\/2025\/09\/3VALLE.jpg\" alt=\"\" class=\"wp-image-1038231\" srcset=\"https:\/\/dimensionturistica.com\/es\/wp-content\/uploads\/2025\/09\/3VALLE.jpg 500w, https:\/\/dimensionturistica.com\/es\/wp-content\/uploads\/2025\/09\/3VALLE-300x148.jpg 300w\" sizes=\"(max-width: 500px) 100vw, 500px\" \/><\/figure>\n<\/figure>\n\n\n\n<p>Su arquitectura colonial, calles pintorescas y atractivos ic\u00f3nicos como la cascada Velo de Novia, la Reserva de la Mariposa Monarca, la Stupa Tibetana y el centro hist\u00f3rico hacen de este Pueblo M\u00e1gico un lugar ideal para combinar negocios con experiencias culturales y recreativas. A ello se suma su reconocida gastronom\u00eda, que va desde platillos tradicionales como la cecina y la barbacoa, hasta propuestas gourmet en restaurantes de alto nivel.<\/p>\n\n\n\n<figure class=\"wp-block-gallery has-nested-images columns-default is-cropped wp-block-gallery-4 is-layout-flex wp-block-gallery-is-layout-flex\">\n<figure class=\"wp-block-image size-large\"><img decoding=\"async\" width=\"500\" height=\"363\" data-id=\"1038233\" src=\"https:\/\/dimensionturistica.com\/es\/wp-content\/uploads\/2025\/09\/6VALLE.jpg\" alt=\"\" class=\"wp-image-1038233\" srcset=\"https:\/\/dimensionturistica.com\/es\/wp-content\/uploads\/2025\/09\/6VALLE.jpg 500w, https:\/\/dimensionturistica.com\/es\/wp-content\/uploads\/2025\/09\/6VALLE-300x218.jpg 300w, https:\/\/dimensionturistica.com\/es\/wp-content\/uploads\/2025\/09\/6VALLE-120x86.jpg 120w\" sizes=\"(max-width: 500px) 100vw, 500px\" \/><\/figure>\n<\/figure>\n\n\n\n<p>Con esta participaci\u00f3n en el World Meeting Forum, Valle de Bravo refrenda su compromiso de posicionarse como un destino estrat\u00e9gico para la industria MICE, donde cada evento se transforma en una experiencia memorable, fusionando negocios, naturaleza y cultura en un mismo lugar.<\/p>\n","protected":false},"excerpt":{"rendered":"<p>El pr\u00f3ximo 8 de septiembre, Valle de Bravo participar\u00e1 en el World Meeting Forum (WMF), uno de los encuentros m\u00e1s relevantes de la industria de reuniones, con el objetivo de fortalecer su posicionamiento como destino MICE (Meetings, Incentives, Conventions and Exhibitions) y generar nuevas oportunidades de negocio a nivel nacional. Durante este foro, a realizarse [&hellip;]<\/p>\n","protected":false},"author":1,"featured_media":0,"comment_status":"open","ping_status":"closed","sticky":false,"template":"","format":"standard","meta":{"om_disable_all_campaigns":false,"jnews-multi-image_gallery":[],"jnews_single_post":[],"jnews_primary_category":[],"jnews_social_meta":[],"footnotes":""},"categories":[39],"tags":[],"class_list":["post-1038225","post","type-post","status-publish","format-standard","hentry","category-viajes"],"_links":{"self":[{"href":"https:\/\/dimensionturistica.com\/es\/wp-json\/wp\/v2\/posts\/1038225","targetHints":{"allow":["GET"]}}],"collection":[{"href":"https:\/\/dimensionturistica.com\/es\/wp-json\/wp\/v2\/posts"}],"about":[{"href":"https:\/\/dimensionturistica.com\/es\/wp-json\/wp\/v2\/types\/post"}],"author":[{"embeddable":true,"href":"https:\/\/dimensionturistica.com\/es\/wp-json\/wp\/v2\/users\/1"}],"replies":[{"embeddable":true,"href":"https:\/\/dimensionturistica.com\/es\/wp-json\/wp\/v2\/comments?post=1038225"}],"version-history":[{"count":0,"href":"https:\/\/dimensionturistica.com\/es\/wp-json\/wp\/v2\/posts\/1038225\/revisions"}],"wp:attachment":[{"href":"https:\/\/dimensionturistica.com\/es\/wp-json\/wp\/v2\/media?parent=1038225"}],"wp:term":[{"taxonomy":"category","embeddable":true,"href":"https:\/\/dimensionturistica.com\/es\/wp-json\/wp\/v2\/categories?post=1038225"},{"taxonomy":"post_tag","embeddable":true,"href":"https:\/\/dimensionturistica.com\/es\/wp-json\/wp\/v2\/tags?post=1038225"}],"curies":[{"name":"wp","href":"https:\/\/api.w.org\/{rel}","templated":true}]}}