{"id":1038211,"date":"2025-09-02T17:15:23","date_gmt":"2025-09-02T17:15:23","guid":{"rendered":"https:\/\/dimensionturistica.com\/es\/?p=1038211"},"modified":"2025-09-02T17:15:23","modified_gmt":"2025-09-02T17:15:23","slug":"alianza-punta-cancun-celebra-20-anos-de-fortalecer-la-industria-de-reuniones-en-mexico","status":"publish","type":"post","link":"https:\/\/dimensionturistica.com\/es\/alianza-punta-cancun-celebra-20-anos-de-fortalecer-la-industria-de-reuniones-en-mexico\/","title":{"rendered":"Alianza Punta Canc\u00fan celebra 20 a\u00f1os de fortalecer la industria de reuniones\u00a0en M\u00e9xico"},"content":{"rendered":"\n<figure class=\"wp-block-gallery has-nested-images columns-default is-cropped wp-block-gallery-1 is-layout-flex wp-block-gallery-is-layout-flex\">\n<figure class=\"wp-block-image size-large\"><img decoding=\"async\" width=\"500\" height=\"281\" data-id=\"1038213\" src=\"https:\/\/dimensionturistica.com\/es\/wp-content\/uploads\/2025\/09\/1PUNTA.jpg\" alt=\"\" class=\"wp-image-1038213\" srcset=\"https:\/\/dimensionturistica.com\/es\/wp-content\/uploads\/2025\/09\/1PUNTA.jpg 500w, https:\/\/dimensionturistica.com\/es\/wp-content\/uploads\/2025\/09\/1PUNTA-300x169.jpg 300w\" sizes=\"(max-width: 500px) 100vw, 500px\" \/><\/figure>\n<\/figure>\n\n\n\n<p>M\u00e1s de 190 eventos, 192,000 visitantes especializados y una derrama econ\u00f3mica superior a&nbsp;los 253 millones de d\u00f3lares consolidan dos d\u00e9cadas de liderazgo tur\u00edstico en el coraz\u00f3n de&nbsp;Canc\u00fan.<\/p>\n\n\n\n<p>Una alianza que transform\u00f3 a Canc\u00fan en potencia del turismo MICE<\/p>\n\n\n\n<p>Internacionalmente&nbsp;2025 un a\u00f1o de festejo, la Alianza Punta Canc\u00fan celebra 20 a\u00f1os de trabajo ininterrumpido&nbsp;posicionando a Canc\u00fan como uno de los destinos l\u00edderes en Am\u00e9rica Latina para congresos&nbsp;nacionales e internacionales.<\/p>\n\n\n\n<p>Fundada en 2005 como una iniciativa pionera de integraci\u00f3n empresarial y tur\u00edstica, esta&nbsp;alianza estrat\u00e9gica ha sido modelo de colaboraci\u00f3n entre el sector privado. Su base operativa&nbsp;y geogr\u00e1fica se encuentra en la emblem\u00e1tica zona de Punta Canc\u00fan, ubicada en el coraz\u00f3n&nbsp;de la Zona Hotelera.<\/p>\n\n\n\n<figure class=\"wp-block-gallery has-nested-images columns-default is-cropped wp-block-gallery-2 is-layout-flex wp-block-gallery-is-layout-flex\">\n<figure class=\"wp-block-image size-large\"><img decoding=\"async\" width=\"500\" height=\"333\" data-id=\"1038215\" src=\"https:\/\/dimensionturistica.com\/es\/wp-content\/uploads\/2025\/09\/2PUNTA.jpg\" alt=\"\" class=\"wp-image-1038215\" srcset=\"https:\/\/dimensionturistica.com\/es\/wp-content\/uploads\/2025\/09\/2PUNTA.jpg 500w, https:\/\/dimensionturistica.com\/es\/wp-content\/uploads\/2025\/09\/2PUNTA-300x200.jpg 300w\" sizes=\"(max-width: 500px) 100vw, 500px\" \/><\/figure>\n<\/figure>\n\n\n\n<p>La Alianza Punta Canc\u00fan es una organizaci\u00f3n conformada por un grupo de empresas l\u00edderes<\/p>\n\n\n\n<p>del sector tur\u00edstico que decidieron trabajar en conjunto para atraer,&nbsp;recibir y operar eventos&nbsp;de clase mundial en Canc\u00fan.<\/p>\n\n\n\n<p>Actualmente est\u00e1 integrada por:<\/p>\n\n\n\n<p>\u2022 El Centro Internacional de Convenciones \u201c Cancun Center \u201c como epicentro y sede&nbsp;de todos los congresos captados por la alianza<\/p>\n\n\n\n<p>\u2022 Ocho hoteles de categor\u00eda cuatro y cinco estrellas con gran variedad de instalaciones,&nbsp;tarifas y planes alimentarios<\/p>\n\n\n\n<p>\u2022 Fundaci\u00f3n Cancun Center, brazo social y cultural de la alianza<\/p>\n\n\n\n<p>\u2022 Producci\u00f3n y equipo de audio y video<\/p>\n\n\n\n<figure class=\"wp-block-gallery has-nested-images columns-default is-cropped wp-block-gallery-3 is-layout-flex wp-block-gallery-is-layout-flex\">\n<figure class=\"wp-block-image size-large\"><img decoding=\"async\" width=\"500\" height=\"333\" data-id=\"1038216\" src=\"https:\/\/dimensionturistica.com\/es\/wp-content\/uploads\/2025\/09\/5UNRA.jpg\" alt=\"\" class=\"wp-image-1038216\" srcset=\"https:\/\/dimensionturistica.com\/es\/wp-content\/uploads\/2025\/09\/5UNRA.jpg 500w, https:\/\/dimensionturistica.com\/es\/wp-content\/uploads\/2025\/09\/5UNRA-300x200.jpg 300w\" sizes=\"(max-width: 500px) 100vw, 500px\" \/><\/figure>\n<\/figure>\n\n\n\n<p>\u2022 Transportaci\u00f3n y programas sociales a cargo de DMCs expertos<\/p>\n\n\n\n<p>\u2022 Dise\u00f1o de escenograf\u00eda, se\u00f1ale tica y stands<\/p>\n\n\n\n<p>\u2022 Restaurantes y bares localizados en la zona que complementan la experiencia del&nbsp;participante<\/p>\n\n\n\n<p>Alianza Punta Cancun se distingue por su ubicaci\u00f3n privilegiada, todo a corta distancia, sin&nbsp;necesidad de traslados largos, su sinergia profesional con proveedores alineados bajo&nbsp;est\u00e1ndares y protocolos claros y funcionales , y ser un modelo de cooperaci\u00f3n in\u00e9dito en&nbsp;destinos tur\u00edsticos de M\u00e9xico<\/p>\n\n\n\n<p>El objetivo com\u00fan es claro: la captaci\u00f3n de congresos nacionales e internacionales, que&nbsp;brinden a sus socios y a la comunidad de Cancun una derrama econ\u00f3mica que permita crecer&nbsp;y mantenerse como un destino inteligente, profesional y rentable.<\/p>\n\n\n\n<p>En estas dos d\u00e9cadas, la Alianza Punta Canc\u00fan ha producido un impacto econ\u00f3mico y&nbsp;tur\u00edstico notable:<\/p>\n\n\n\n<p>\u2022 192 eventos realizados (nacionales e internacionales)<\/p>\n\n\n\n<p>\u2022 192,000 visitantes especializados recibidos<\/p>\n\n\n\n<p>\u2022 Derrama econ\u00f3mica acumulada de 253 millones de d\u00f3lares<\/p>\n\n\n\n<p>El impacto econ\u00f3mico generado por la Alianza Punta Canc\u00fan equivale al 10% del gasto&nbsp;tur\u00edstico total anual en Canc\u00fan, de acuerdo con el Observatorio Tur\u00edstico de Quintana Roo&nbsp;(2024).<\/p>\n\n\n\n<p>Gracias al modelo de colaboraci\u00f3n de la Alianza Punta Canc\u00fan, se han llevado a cabo con&nbsp;\u00e9xito eventos de alto impacto como:<\/p>\n\n\n\n<p>Conferencia Ministerial de la Organizaci\u00f3n Mundial del Comercio (OMC)<\/p>\n\n\n\n<figure class=\"wp-block-gallery has-nested-images columns-default is-cropped wp-block-gallery-4 is-layout-flex wp-block-gallery-is-layout-flex\">\n<figure class=\"wp-block-image size-large\"><img decoding=\"async\" width=\"500\" height=\"333\" data-id=\"1038217\" src=\"https:\/\/dimensionturistica.com\/es\/wp-content\/uploads\/2025\/09\/6PUNTA.jpg\" alt=\"\" class=\"wp-image-1038217\" srcset=\"https:\/\/dimensionturistica.com\/es\/wp-content\/uploads\/2025\/09\/6PUNTA.jpg 500w, https:\/\/dimensionturistica.com\/es\/wp-content\/uploads\/2025\/09\/6PUNTA-300x200.jpg 300w\" sizes=\"(max-width: 500px) 100vw, 500px\" \/><figcaption class=\"wp-element-caption\">Aerial of Cancun, Quintana Roo, Mexico<\/figcaption><\/figure>\n<\/figure>\n\n\n\n<p>Conferencia de las Naciones Unidas sobre Cambio Clim\u00e1tico (COP16)&nbsp;12o Congreso Mundial de la Federaci\u00f3n Mundial de Cuidados Intensivos Pedi\u00e1tricos&nbsp;(WFPICCS)<\/p>\n\n\n\n<p>Cada uno de estos encuentros ha posicionado a Canc\u00fan como un destino moderno, eficiente,&nbsp;confiable y competitivo en el segmento MICE.<\/p>\n\n\n\n<p>Durante la rueda de prensa conmemorativa, Jair L\u00f3pez Montes, Presidente de la Alianza&nbsp;Punta Canc\u00fan y Director General del Cancun Center, expres\u00f3:<\/p>\n\n\n\n<p>\u201cCumplimos 20 a\u00f1os demostrando que el trabajo conjunto entre el&nbsp;sector tur\u00edstico y empresarial s\u00ed transforma destinos. Esta derrama&nbsp;econ\u00f3mica no s\u00f3lo habla de cifras, habla de empleos, de inversi\u00f3n&nbsp;constante y de la proyecci\u00f3n internacional que Canc\u00fan ha ganado&nbsp;como destino de eventos de clase mundial. Vamos por otros 20 a\u00f1os&nbsp;con una visi\u00f3n a\u00fan m\u00e1s ambiciosa.\u201d<\/p>\n","protected":false},"excerpt":{"rendered":"<p>M\u00e1s de 190 eventos, 192,000 visitantes especializados y una derrama econ\u00f3mica superior a&nbsp;los 253 millones de d\u00f3lares consolidan dos d\u00e9cadas de liderazgo tur\u00edstico en el coraz\u00f3n de&nbsp;Canc\u00fan. Una alianza que transform\u00f3 a Canc\u00fan en potencia del turismo MICE Internacionalmente&nbsp;2025 un a\u00f1o de festejo, la Alianza Punta Canc\u00fan celebra 20 a\u00f1os de trabajo ininterrumpido&nbsp;posicionando a Canc\u00fan [&hellip;]<\/p>\n","protected":false},"author":1,"featured_media":0,"comment_status":"open","ping_status":"closed","sticky":false,"template":"","format":"standard","meta":{"om_disable_all_campaigns":false,"jnews-multi-image_gallery":[],"jnews_single_post":[],"jnews_primary_category":[],"jnews_social_meta":[],"footnotes":""},"categories":[39],"tags":[],"class_list":["post-1038211","post","type-post","status-publish","format-standard","hentry","category-viajes"],"_links":{"self":[{"href":"https:\/\/dimensionturistica.com\/es\/wp-json\/wp\/v2\/posts\/1038211","targetHints":{"allow":["GET"]}}],"collection":[{"href":"https:\/\/dimensionturistica.com\/es\/wp-json\/wp\/v2\/posts"}],"about":[{"href":"https:\/\/dimensionturistica.com\/es\/wp-json\/wp\/v2\/types\/post"}],"author":[{"embeddable":true,"href":"https:\/\/dimensionturistica.com\/es\/wp-json\/wp\/v2\/users\/1"}],"replies":[{"embeddable":true,"href":"https:\/\/dimensionturistica.com\/es\/wp-json\/wp\/v2\/comments?post=1038211"}],"version-history":[{"count":0,"href":"https:\/\/dimensionturistica.com\/es\/wp-json\/wp\/v2\/posts\/1038211\/revisions"}],"wp:attachment":[{"href":"https:\/\/dimensionturistica.com\/es\/wp-json\/wp\/v2\/media?parent=1038211"}],"wp:term":[{"taxonomy":"category","embeddable":true,"href":"https:\/\/dimensionturistica.com\/es\/wp-json\/wp\/v2\/categories?post=1038211"},{"taxonomy":"post_tag","embeddable":true,"href":"https:\/\/dimensionturistica.com\/es\/wp-json\/wp\/v2\/tags?post=1038211"}],"curies":[{"name":"wp","href":"https:\/\/api.w.org\/{rel}","templated":true}]}}