{"id":1038160,"date":"2025-09-02T16:11:12","date_gmt":"2025-09-02T16:11:12","guid":{"rendered":"https:\/\/dimensionturistica.com\/es\/?p=1038160"},"modified":"2025-09-02T16:11:12","modified_gmt":"2025-09-02T16:11:12","slug":"mexico-brilla-en-brasil-jorge-urbano-conquista-la-final-latam-de-campari-bartender-competition","status":"publish","type":"post","link":"https:\/\/dimensionturistica.com\/es\/mexico-brilla-en-brasil-jorge-urbano-conquista-la-final-latam-de-campari-bartender-competition\/","title":{"rendered":"M\u00e9xico brilla en Brasil: Jorge Urbano conquista la Final LATAM de Campari Bartender Competition"},"content":{"rendered":"\n<figure class=\"wp-block-gallery has-nested-images columns-default is-cropped wp-block-gallery-1 is-layout-flex wp-block-gallery-is-layout-flex\">\n<figure class=\"wp-block-image size-large\"><img decoding=\"async\" width=\"500\" height=\"625\" data-id=\"1038163\" src=\"https:\/\/dimensionturistica.com\/es\/wp-content\/uploads\/2025\/09\/1CAMPARO.jpg\" alt=\"\" class=\"wp-image-1038163\" srcset=\"https:\/\/dimensionturistica.com\/es\/wp-content\/uploads\/2025\/09\/1CAMPARO.jpg 500w, https:\/\/dimensionturistica.com\/es\/wp-content\/uploads\/2025\/09\/1CAMPARO-240x300.jpg 240w\" sizes=\"(max-width: 500px) 100vw, 500px\" \/><\/figure>\n<\/figure>\n\n\n\n<p><\/p>\n\n\n\n<p>El pasado 18 de agosto, en un escenario vibrante en Sao Paulo, &nbsp;Brasil, Jorge Eduardo Urbano representando &nbsp;M\u00e9xico &nbsp;se coron\u00f3 campe\u00f3n de la Final LATAM de la Campari Bartender Competition \u201cRa\u00edces Latinas\u201d con su c\u00f3ctel \u201cPopurr\u00ed Negroni\u201d. Una reinterpretaci\u00f3n que fusion\u00f3 creatividad, tradici\u00f3n y un homenaje a los sabores de M\u00e9xico, demostrando por qu\u00e9 nuestro pa\u00eds es una de las grandes potencias en el mundo de la cocteler\u00eda.<\/p>\n\n\n\n<figure class=\"wp-block-gallery has-nested-images columns-default is-cropped wp-block-gallery-2 is-layout-flex wp-block-gallery-is-layout-flex\">\n<figure class=\"wp-block-image size-large\"><img decoding=\"async\" width=\"500\" height=\"543\" data-id=\"1038161\" src=\"https:\/\/dimensionturistica.com\/es\/wp-content\/uploads\/2025\/09\/4CAMPARI.jpg\" alt=\"\" class=\"wp-image-1038161\" srcset=\"https:\/\/dimensionturistica.com\/es\/wp-content\/uploads\/2025\/09\/4CAMPARI.jpg 500w, https:\/\/dimensionturistica.com\/es\/wp-content\/uploads\/2025\/09\/4CAMPARI-276x300.jpg 276w\" sizes=\"(max-width: 500px) 100vw, 500px\" \/><\/figure>\n<\/figure>\n\n\n\n<p>La gran final reuni\u00f3 a los bartenders m\u00e1s talentosos de Brasil, M\u00e9xico, Argentina, Colombia, Per\u00fa y Uruguay, quienes se enfrentaron a un mismo reto: darle una nueva vida al cl\u00e1sico Negroni desde sus ra\u00edces culturales.<\/p>\n\n\n\n<p>Antes del anuncio del ganador, los invitados vivieron una experiencia multisensorial: una ronda exclusiva en la que pudieron degustar las propuestas de los finalistas, cada una con identidad propia y una historia detr\u00e1s. Desde el Cobogor\u00f3 de Brasil hasta el Negroni Nueva Era de Uruguay, los asistentes viajaron por un recorrido de sabores que definieron el pulso creativo de la regi\u00f3n.<\/p>\n\n\n\n<p>Los finalistas y sus creaciones<\/p>\n\n\n\n<p>Jorge Eduardo Urbano \u2013 M\u00e9xico (Popurr\u00ed Negroni)<\/p>\n\n\n\n<p>Alieksey Machinsky \u2013 Brasil (Cobogor\u00f3)<\/p>\n\n\n\n<figure class=\"wp-block-gallery has-nested-images columns-default is-cropped wp-block-gallery-3 is-layout-flex wp-block-gallery-is-layout-flex\">\n<figure class=\"wp-block-image size-large\"><img decoding=\"async\" width=\"500\" height=\"333\" data-id=\"1038162\" src=\"https:\/\/dimensionturistica.com\/es\/wp-content\/uploads\/2025\/09\/3CAMPARI.jpg\" alt=\"\" class=\"wp-image-1038162\" srcset=\"https:\/\/dimensionturistica.com\/es\/wp-content\/uploads\/2025\/09\/3CAMPARI.jpg 500w, https:\/\/dimensionturistica.com\/es\/wp-content\/uploads\/2025\/09\/3CAMPARI-300x200.jpg 300w\" sizes=\"(max-width: 500px) 100vw, 500px\" \/><\/figure>\n<\/figure>\n\n\n\n<p>Rodrigo Cabrera Figueroa \u2013 Per\u00fa (Oro Silencioso)<\/p>\n\n\n\n<p>Guillermo Milano \u2013 Uruguay (Negroni Nueva Era)<\/p>\n\n\n\n<p>Walter Nicol\u00e1s Ram\u00edrez \u2013 Argentina (Fermoni)<\/p>\n\n\n\n<p>Anderson Serrano \u2013 Colombia (Latinoamericano)<\/p>\n\n\n\n<p>La competencia cont\u00f3 con la conducci\u00f3n de Murilo Marques, Head de Campari Academy Brasil, y con un jurado de talla internacional: Giorgio Bargiani, Giusy Castaldo y Mohamed Hindi, quienes coincidieron en la originalidad y t\u00e9cnica de Jorge Eduardo Urbano al elevar el Negroni con un enfoque profundamente mexicano.<\/p>\n\n\n\n<p>Con esta victoria, Urbano no solo llev\u00f3 en alto el nombre de M\u00e9xico, sino que tambi\u00e9n marc\u00f3 un precedente en la escena de la mixolog\u00eda latinoamericana: la cocteler\u00eda es hoy un lenguaje cultural, art\u00edstico y social que conecta fronteras y celebra nuestras ra\u00edces.<\/p>\n","protected":false},"excerpt":{"rendered":"<p>El pasado 18 de agosto, en un escenario vibrante en Sao Paulo, &nbsp;Brasil, Jorge Eduardo Urbano representando &nbsp;M\u00e9xico &nbsp;se coron\u00f3 campe\u00f3n de la Final LATAM de la Campari Bartender Competition \u201cRa\u00edces Latinas\u201d con su c\u00f3ctel \u201cPopurr\u00ed Negroni\u201d. Una reinterpretaci\u00f3n que fusion\u00f3 creatividad, tradici\u00f3n y un homenaje a los sabores de M\u00e9xico, demostrando por qu\u00e9 nuestro [&hellip;]<\/p>\n","protected":false},"author":1,"featured_media":0,"comment_status":"open","ping_status":"closed","sticky":false,"template":"","format":"standard","meta":{"om_disable_all_campaigns":false,"jnews-multi-image_gallery":[],"jnews_single_post":[],"jnews_primary_category":[],"jnews_social_meta":[],"footnotes":""},"categories":[43],"tags":[],"class_list":["post-1038160","post","type-post","status-publish","format-standard","hentry","category-gourmet"],"_links":{"self":[{"href":"https:\/\/dimensionturistica.com\/es\/wp-json\/wp\/v2\/posts\/1038160","targetHints":{"allow":["GET"]}}],"collection":[{"href":"https:\/\/dimensionturistica.com\/es\/wp-json\/wp\/v2\/posts"}],"about":[{"href":"https:\/\/dimensionturistica.com\/es\/wp-json\/wp\/v2\/types\/post"}],"author":[{"embeddable":true,"href":"https:\/\/dimensionturistica.com\/es\/wp-json\/wp\/v2\/users\/1"}],"replies":[{"embeddable":true,"href":"https:\/\/dimensionturistica.com\/es\/wp-json\/wp\/v2\/comments?post=1038160"}],"version-history":[{"count":0,"href":"https:\/\/dimensionturistica.com\/es\/wp-json\/wp\/v2\/posts\/1038160\/revisions"}],"wp:attachment":[{"href":"https:\/\/dimensionturistica.com\/es\/wp-json\/wp\/v2\/media?parent=1038160"}],"wp:term":[{"taxonomy":"category","embeddable":true,"href":"https:\/\/dimensionturistica.com\/es\/wp-json\/wp\/v2\/categories?post=1038160"},{"taxonomy":"post_tag","embeddable":true,"href":"https:\/\/dimensionturistica.com\/es\/wp-json\/wp\/v2\/tags?post=1038160"}],"curies":[{"name":"wp","href":"https:\/\/api.w.org\/{rel}","templated":true}]}}