{"id":1038099,"date":"2025-09-02T14:54:13","date_gmt":"2025-09-02T14:54:13","guid":{"rendered":"https:\/\/dimensionturistica.com\/es\/?p=1038099"},"modified":"2025-09-02T14:54:13","modified_gmt":"2025-09-02T14:54:13","slug":"head-shoulders-interviene-la-ciudad-con-un-impactante-ooh-que-convierte-la-resequedad-en-arte","status":"publish","type":"post","link":"https:\/\/dimensionturistica.com\/es\/head-shoulders-interviene-la-ciudad-con-un-impactante-ooh-que-convierte-la-resequedad-en-arte\/","title":{"rendered":"Head &amp; Shoulders interviene la ciudad con un impactante OOH que convierte la resequedad en arte."},"content":{"rendered":"\n<figure class=\"wp-block-gallery has-nested-images columns-default is-cropped wp-block-gallery-1 is-layout-flex wp-block-gallery-is-layout-flex\">\n<figure class=\"wp-block-image size-large\"><img decoding=\"async\" width=\"500\" height=\"281\" data-id=\"1038100\" src=\"https:\/\/dimensionturistica.com\/es\/wp-content\/uploads\/2025\/09\/1HEDAN.jpg\" alt=\"\" class=\"wp-image-1038100\" srcset=\"https:\/\/dimensionturistica.com\/es\/wp-content\/uploads\/2025\/09\/1HEDAN.jpg 500w, https:\/\/dimensionturistica.com\/es\/wp-content\/uploads\/2025\/09\/1HEDAN-300x169.jpg 300w\" sizes=\"(max-width: 500px) 100vw, 500px\" \/><\/figure>\n<\/figure>\n\n\n\n<p>En Lima, una de las ciudades m\u00e1s h\u00famedas del mundo, la resequedad podr\u00eda parecer un problema lejano. Sin embargo, Digitas Per\u00fa encontr\u00f3 el punto de partida para desarrollar<\/p>\n\n\n\n<p>Restauraci\u00f3n Dorada, la nueva campa\u00f1a de Head &amp; Shoulders que llev\u00f3 el mensaje de la marca a un terreno poco convencional: una cancha deportiva agrietada convertida en un medio de v\u00eda p\u00fablica, vivo y con prop\u00f3sito.<\/p>\n\n\n\n<p>A partir de una premisa clara \u2014\u201cDonde otros ven da\u00f1o, nosotros vimos una oportunidad\u201d\u2014, el equipo creativo se inspir\u00f3 en el Kintsugi, t\u00e9cnica japonesa de reparaci\u00f3n con material dorado. De este modo, rellenaron las grietas y fracturas de la superficie,<\/p>\n\n\n\n<figure class=\"wp-block-gallery has-nested-images columns-default is-cropped wp-block-gallery-2 is-layout-flex wp-block-gallery-is-layout-flex\"><\/figure>\n\n\n\n<figure class=\"wp-block-gallery has-nested-images columns-default is-cropped wp-block-gallery-3 is-layout-flex wp-block-gallery-is-layout-flex\">\n<figure class=\"wp-block-image size-large\"><img decoding=\"async\" width=\"500\" height=\"280\" data-id=\"1038102\" src=\"https:\/\/dimensionturistica.com\/es\/wp-content\/uploads\/2025\/09\/2HEAD.jpg\" alt=\"\" class=\"wp-image-1038102\" srcset=\"https:\/\/dimensionturistica.com\/es\/wp-content\/uploads\/2025\/09\/2HEAD.jpg 500w, https:\/\/dimensionturistica.com\/es\/wp-content\/uploads\/2025\/09\/2HEAD-300x168.jpg 300w\" sizes=\"(max-width: 500px) 100vw, 500px\" \/><\/figure>\n<\/figure>\n\n\n\n<p>&nbsp;logrando transformar un espacio deteriorado en un OOH art\u00edstico &#8211; urbano. Al mismo tiempo, esta intervenci\u00f3n revitaliz\u00f3 un lugar olvidado y funcion\u00f3 como met\u00e1fora visual de la nueva f\u00f3rmula dorada de Head &amp; Shoulders, dise\u00f1ada para nutrir y mantener la hidrataci\u00f3n<\/p>\n\n\n\n<p>&nbsp;del cuero cabelludo.<\/p>\n\n\n\n<p>&#8220;Quisimos demostrar que, con el cuidado adecuado, incluso las huellas m\u00e1s visibles de la resequedad, pueden transformarse en algo valioso y hermoso que fomenta el bienestar general&#8221; afirm\u00f3 Carlos Altamirano, VP Creativo de Digitas Per\u00fa.<\/p>\n\n\n\n<p>Este proyecto demuestra c\u00f3mo el espacio urbano puede convertirse en un medio no tradicional que conecte arte, marca y mensaje social. De esta manera,<\/p>\n\n\n\n<p>Restauraci\u00f3n Dorada no solo habl\u00f3 de cuidado personal, sino que tambi\u00e9n contribuy\u00f3 a revalorizar un espacio comunitario, confirmando que la marca puede dejar huella, m\u00e1s all\u00e1 del gran impacto visual. &nbsp;<\/p>\n\n\n\n<p>Digitas Per\u00fa y Head &amp; Shoulders, a trav\u00e9s de Restauraci\u00f3n Dorada, revelan el poder transformador de su campa\u00f1a. No solo lanzando un producto, sino renovando espacios, que resignifican el da\u00f1o y lo convierten en un s\u00edmbolo de valor. Una fusi\u00f3n de arte, marca<\/p>\n\n\n\n<p>&nbsp;que nos recuerda que, a\u00fan en los lugares m\u00e1s olvidados, siempre hay una oportunidad para renovar, inspirar y transformar. &nbsp;<\/p>\n","protected":false},"excerpt":{"rendered":"<p>En Lima, una de las ciudades m\u00e1s h\u00famedas del mundo, la resequedad podr\u00eda parecer un problema lejano. Sin embargo, Digitas Per\u00fa encontr\u00f3 el punto de partida para desarrollar Restauraci\u00f3n Dorada, la nueva campa\u00f1a de Head &amp; Shoulders que llev\u00f3 el mensaje de la marca a un terreno poco convencional: una cancha deportiva agrietada convertida en [&hellip;]<\/p>\n","protected":false},"author":1,"featured_media":0,"comment_status":"open","ping_status":"closed","sticky":false,"template":"","format":"standard","meta":{"om_disable_all_campaigns":false,"jnews-multi-image_gallery":[],"jnews_single_post":[],"jnews_primary_category":[],"jnews_social_meta":[],"footnotes":""},"categories":[144872],"tags":[],"class_list":["post-1038099","post","type-post","status-publish","format-standard","hentry","category-fashion"],"_links":{"self":[{"href":"https:\/\/dimensionturistica.com\/es\/wp-json\/wp\/v2\/posts\/1038099","targetHints":{"allow":["GET"]}}],"collection":[{"href":"https:\/\/dimensionturistica.com\/es\/wp-json\/wp\/v2\/posts"}],"about":[{"href":"https:\/\/dimensionturistica.com\/es\/wp-json\/wp\/v2\/types\/post"}],"author":[{"embeddable":true,"href":"https:\/\/dimensionturistica.com\/es\/wp-json\/wp\/v2\/users\/1"}],"replies":[{"embeddable":true,"href":"https:\/\/dimensionturistica.com\/es\/wp-json\/wp\/v2\/comments?post=1038099"}],"version-history":[{"count":0,"href":"https:\/\/dimensionturistica.com\/es\/wp-json\/wp\/v2\/posts\/1038099\/revisions"}],"wp:attachment":[{"href":"https:\/\/dimensionturistica.com\/es\/wp-json\/wp\/v2\/media?parent=1038099"}],"wp:term":[{"taxonomy":"category","embeddable":true,"href":"https:\/\/dimensionturistica.com\/es\/wp-json\/wp\/v2\/categories?post=1038099"},{"taxonomy":"post_tag","embeddable":true,"href":"https:\/\/dimensionturistica.com\/es\/wp-json\/wp\/v2\/tags?post=1038099"}],"curies":[{"name":"wp","href":"https:\/\/api.w.org\/{rel}","templated":true}]}}