{"id":1038087,"date":"2025-09-02T14:41:44","date_gmt":"2025-09-02T14:41:44","guid":{"rendered":"https:\/\/dimensionturistica.com\/es\/?p=1038087"},"modified":"2025-09-02T14:41:44","modified_gmt":"2025-09-02T14:41:44","slug":"guatemala-se-fortalece-en-la-promocion-del-turismo-de-negocios","status":"publish","type":"post","link":"https:\/\/dimensionturistica.com\/es\/guatemala-se-fortalece-en-la-promocion-del-turismo-de-negocios\/","title":{"rendered":"Guatemala\u00a0se fortalece\u00a0en\u00a0la promoci\u00f3n del turismo de negocios"},"content":{"rendered":"\n<figure class=\"wp-block-gallery has-nested-images columns-default is-cropped wp-block-gallery-1 is-layout-flex wp-block-gallery-is-layout-flex\">\n<figure class=\"wp-block-image size-large\"><img decoding=\"async\" width=\"500\" height=\"169\" data-id=\"1038088\" src=\"https:\/\/dimensionturistica.com\/es\/wp-content\/uploads\/2025\/09\/11GUAT.jpg\" alt=\"\" class=\"wp-image-1038088\" srcset=\"https:\/\/dimensionturistica.com\/es\/wp-content\/uploads\/2025\/09\/11GUAT.jpg 500w, https:\/\/dimensionturistica.com\/es\/wp-content\/uploads\/2025\/09\/11GUAT-300x101.jpg 300w\" sizes=\"(max-width: 500px) 100vw, 500px\" \/><\/figure>\n<\/figure>\n\n\n\n<p>Como parte de la estrategia de promoci\u00f3n internacional como destino de viaje, Guatemala participa en IBTM Am\u00e9ricas 2025, el principal encuentro de especialistas en el segmento de reuniones, incentivos e industria de viajes de negocios, que se realizar\u00e1 el 20 y 21 de agosto en el Centro Citibanamex de la Ciudad de M\u00e9xico.<\/p>\n\n\n\n<p>Por sus atractivos e infraestructura, el pa\u00eds se consolida como uno de los mejores destinos para el turismo de negocios. Seg\u00fan datos del Instituto Guatemalteco de Turismo (INGUAT), en 2024 m\u00e1s de tres millones de visitantes internacionales eligieron Guatemala para sus viajes de ocio y negocios, lo que representa un aumento de 15 por ciento con respecto a las cifras de 2023.<\/p>\n\n\n\n<figure class=\"wp-block-gallery has-nested-images columns-default is-cropped wp-block-gallery-2 is-layout-flex wp-block-gallery-is-layout-flex\">\n<figure class=\"wp-block-image size-large\"><img decoding=\"async\" width=\"500\" height=\"745\" data-id=\"1038089\" src=\"https:\/\/dimensionturistica.com\/es\/wp-content\/uploads\/2025\/09\/1GUA.jpg\" alt=\"\" class=\"wp-image-1038089\" srcset=\"https:\/\/dimensionturistica.com\/es\/wp-content\/uploads\/2025\/09\/1GUA.jpg 500w, https:\/\/dimensionturistica.com\/es\/wp-content\/uploads\/2025\/09\/1GUA-201x300.jpg 201w\" sizes=\"(max-width: 500px) 100vw, 500px\" \/><\/figure>\n<\/figure>\n\n\n\n<p>\u201cEste notable crecimiento demuestra que Guatemala es un destino seguro y de clase mundial. Al expandir nuestra presencia en mercados estrat\u00e9gicos, fortalecer la conectividad a\u00e9rea directa y potenciar la singularidad de Guatemala a trav\u00e9s de alianzas internacionales, estamos viendo resultados muy positivos. Estamos en camino de iniciar una nueva era de crecimiento del turismo sostenible\u201d, afirm\u00f3 Harris Whitbeck Director General del INGUAT.<\/p>\n\n\n\n<figure class=\"wp-block-gallery has-nested-images columns-default is-cropped wp-block-gallery-3 is-layout-flex wp-block-gallery-is-layout-flex\">\n<figure class=\"wp-block-image size-large\"><img decoding=\"async\" width=\"500\" height=\"337\" data-id=\"1038091\" src=\"https:\/\/dimensionturistica.com\/es\/wp-content\/uploads\/2025\/09\/2GUA.jpg\" alt=\"\" class=\"wp-image-1038091\" srcset=\"https:\/\/dimensionturistica.com\/es\/wp-content\/uploads\/2025\/09\/2GUA.jpg 500w, https:\/\/dimensionturistica.com\/es\/wp-content\/uploads\/2025\/09\/2GUA-300x202.jpg 300w\" sizes=\"(max-width: 500px) 100vw, 500px\" \/><\/figure>\n<\/figure>\n\n\n\n<p>Asimismo, es importante destacar que, entre enero y julio de 2025, Guatemala recibi\u00f3 m\u00e1s de 1,867 millones de visitantes internacionales, cifra que representa un incremento de 8 por ciento en comparaci\u00f3n con el mismo per\u00edodo de 2024, lo que destaca el creciente atractivo del pa\u00eds como uno de los principales destinos de viaje en Centroam\u00e9rica.<\/p>\n\n\n\n<p>Guatemala ha emprendido una nueva estrategia internacional de promoci\u00f3n tur\u00edstica para aumentar el conocimiento del destino y el n\u00famero de visitantes provenientes de mercados clave como M\u00e9xico, Estados Unidos, Canad\u00e1, Reino Unido, Espa\u00f1a y el resto de Europa.<\/p>\n\n\n\n<p>La accesibilidad ha sido un factor clave de este crecimiento, con nuevas rutas a\u00e9reas que ayudan a conectar Guatemala con mercados emisores clave. En abril de 2025, JetBlue lanz\u00f3 un nuevo vuelo diario entre\u00a0FortLauderdale (FLL) y Ciudad de Guatemala (GUA), complementando su servicio existente desde Nueva York (JFK)<\/p>\n\n\n\n<p>.<\/p>\n\n\n\n<figure class=\"wp-block-gallery has-nested-images columns-default is-cropped wp-block-gallery-4 is-layout-flex wp-block-gallery-is-layout-flex\">\n<figure class=\"wp-block-image size-large\"><img decoding=\"async\" width=\"500\" height=\"361\" data-id=\"1038092\" src=\"https:\/\/dimensionturistica.com\/es\/wp-content\/uploads\/2025\/09\/4GUA.jpg\" alt=\"\" class=\"wp-image-1038092\" srcset=\"https:\/\/dimensionturistica.com\/es\/wp-content\/uploads\/2025\/09\/4GUA.jpg 500w, https:\/\/dimensionturistica.com\/es\/wp-content\/uploads\/2025\/09\/4GUA-300x217.jpg 300w, https:\/\/dimensionturistica.com\/es\/wp-content\/uploads\/2025\/09\/4GUA-120x86.jpg 120w\" sizes=\"(max-width: 500px) 100vw, 500px\" \/><\/figure>\n<\/figure>\n\n\n\n<p>Espa\u00f1a, por ejemplo, cuenta con vuelos directos desde Madrid, con Iberia, con varias frecuencias a la semana. En octubre, Air Canada lanzar\u00e1 vuelos directos desde Montreal a la Ciudad de Guatemala, ampliando a\u00fan m\u00e1s el acceso para los viajeros. La colombiana Wingo iniciar\u00e1 un vuelo directo entre Bogot\u00e1 y Ciudad de Guatemala tambi\u00e9n en octubre, con lo que se espera un incremento de visitantes sudamericanos.<\/p>\n\n\n\n<p>Seg\u00fan el INGUAT, este aumento refleja el \u00e9xito de las iniciativas de promoci\u00f3n tur\u00edstica, la mejora de la conectividad y una gama de experiencias que atraen no solo a turistas de negocios y convenciones, sino tambi\u00e9n a aventureros y amantes de la naturaleza y la cultura<\/p>\n","protected":false},"excerpt":{"rendered":"<p>Como parte de la estrategia de promoci\u00f3n internacional como destino de viaje, Guatemala participa en IBTM Am\u00e9ricas 2025, el principal encuentro de especialistas en el segmento de reuniones, incentivos e industria de viajes de negocios, que se realizar\u00e1 el 20 y 21 de agosto en el Centro Citibanamex de la Ciudad de M\u00e9xico. Por sus [&hellip;]<\/p>\n","protected":false},"author":1,"featured_media":0,"comment_status":"open","ping_status":"closed","sticky":false,"template":"","format":"standard","meta":{"om_disable_all_campaigns":false,"jnews-multi-image_gallery":[],"jnews_single_post":[],"jnews_primary_category":[],"jnews_social_meta":[],"footnotes":""},"categories":[39],"tags":[],"class_list":["post-1038087","post","type-post","status-publish","format-standard","hentry","category-viajes"],"_links":{"self":[{"href":"https:\/\/dimensionturistica.com\/es\/wp-json\/wp\/v2\/posts\/1038087","targetHints":{"allow":["GET"]}}],"collection":[{"href":"https:\/\/dimensionturistica.com\/es\/wp-json\/wp\/v2\/posts"}],"about":[{"href":"https:\/\/dimensionturistica.com\/es\/wp-json\/wp\/v2\/types\/post"}],"author":[{"embeddable":true,"href":"https:\/\/dimensionturistica.com\/es\/wp-json\/wp\/v2\/users\/1"}],"replies":[{"embeddable":true,"href":"https:\/\/dimensionturistica.com\/es\/wp-json\/wp\/v2\/comments?post=1038087"}],"version-history":[{"count":0,"href":"https:\/\/dimensionturistica.com\/es\/wp-json\/wp\/v2\/posts\/1038087\/revisions"}],"wp:attachment":[{"href":"https:\/\/dimensionturistica.com\/es\/wp-json\/wp\/v2\/media?parent=1038087"}],"wp:term":[{"taxonomy":"category","embeddable":true,"href":"https:\/\/dimensionturistica.com\/es\/wp-json\/wp\/v2\/categories?post=1038087"},{"taxonomy":"post_tag","embeddable":true,"href":"https:\/\/dimensionturistica.com\/es\/wp-json\/wp\/v2\/tags?post=1038087"}],"curies":[{"name":"wp","href":"https:\/\/api.w.org\/{rel}","templated":true}]}}