{"id":1038032,"date":"2025-09-02T13:35:26","date_gmt":"2025-09-02T13:35:26","guid":{"rendered":"https:\/\/dimensionturistica.com\/es\/?p=1038032"},"modified":"2025-09-02T13:35:26","modified_gmt":"2025-09-02T13:35:26","slug":"st-augustine-la-ciudad-mas-antigua-de-estados-unidos-celebra-460-anos-revive-su-historia-el-6-de-septiembre","status":"publish","type":"post","link":"https:\/\/dimensionturistica.com\/es\/st-augustine-la-ciudad-mas-antigua-de-estados-unidos-celebra-460-anos-revive-su-historia-el-6-de-septiembre\/","title":{"rendered":"St. Augustine\u00a0la ciudad m\u00e1s antigua de Estados Unidos celebra 460 a\u00f1os\u00a0revive su historia el 6 de septiembre"},"content":{"rendered":"\n<figure class=\"wp-block-gallery has-nested-images columns-default is-cropped wp-block-gallery-1 is-layout-flex wp-block-gallery-is-layout-flex\">\n<figure class=\"wp-block-image size-large\"><img decoding=\"async\" width=\"500\" height=\"192\" data-id=\"1038036\" src=\"https:\/\/dimensionturistica.com\/es\/wp-content\/uploads\/2025\/09\/8SANTA.jpg\" alt=\"\" class=\"wp-image-1038036\" srcset=\"https:\/\/dimensionturistica.com\/es\/wp-content\/uploads\/2025\/09\/8SANTA.jpg 500w, https:\/\/dimensionturistica.com\/es\/wp-content\/uploads\/2025\/09\/8SANTA-300x115.jpg 300w\" sizes=\"(max-width: 500px) 100vw, 500px\" \/><\/figure>\n<\/figure>\n\n\n\n<p>El s\u00e1bado 6 de septiembre, St. Augustine conmemora el 460.\u00ba aniversario de la llegada de Don Pedro Men\u00e9ndez de Avil\u00e9s y su tripulaci\u00f3n a las costas de La Floride, dando inicio a la ocupaci\u00f3n continua de la que hoy es la ciudad m\u00e1s antigua de la naci\u00f3n.<\/p>\n\n\n\n<figure class=\"wp-block-gallery has-nested-images columns-default is-cropped wp-block-gallery-2 is-layout-flex wp-block-gallery-is-layout-flex\">\n<figure class=\"wp-block-image size-large\"><img decoding=\"async\" width=\"500\" height=\"367\" data-id=\"1038037\" src=\"https:\/\/dimensionturistica.com\/es\/wp-content\/uploads\/2025\/09\/18SANTA.jpg\" alt=\"\" class=\"wp-image-1038037\" srcset=\"https:\/\/dimensionturistica.com\/es\/wp-content\/uploads\/2025\/09\/18SANTA.jpg 500w, https:\/\/dimensionturistica.com\/es\/wp-content\/uploads\/2025\/09\/18SANTA-300x220.jpg 300w\" sizes=\"(max-width: 500px) 100vw, 500px\" \/><\/figure>\n<\/figure>\n\n\n\n<p>En 1565, el rey Felipe\u202fII de Espa\u00f1a encomend\u00f3 a Men\u00e9ndez de Avil\u00e9s la fundaci\u00f3n de un asentamiento en Florida para contrarrestar la presencia francesa en Fort Caroline (actual Jacksonville). A bordo de su nave insignia, el San Pelayo, y acompa\u00f1ado de otras diez embarcaciones con m\u00e1s de mil marineros, soldados y colonos, avist\u00f3 tierra el 28 de agosto\u2014d\u00eda de la festividad de San Agust\u00edn. Tras un breve enfrentamiento con los franceses, retornaron y desembarcaron el 8 de septiembre de 1565, consagrando el lugar al santo, donde el padre Francisco L\u00f3pez de Mendoza Grajales celebr\u00f3 la primera Misa de Acci\u00f3n de Gracias en el continente norteamericano.<\/p>\n\n\n\n<p>Recreaci\u00f3n hist\u00f3rica: S\u00e1bado 6 de septiembre | 10:00\u202fa.m. \u2013 5:00\u202fp.m.<\/p>\n\n\n\n<p>10:00 a.m. | Desembarco de Men\u00e9ndez y su tripulaci\u00f3n en los terrenos de la Misi\u00f3n Nombre de Dios. Actividad gratuita.<\/p>\n\n\n\n<p>11:00 a.m. | Misa de Acci\u00f3n de Gracias en el Altar R\u00fastico de la misi\u00f3n. (Actividad gratuita; se sugiere llevar silla plegable).<\/p>\n\n\n\n<figure class=\"wp-block-gallery has-nested-images columns-default is-cropped wp-block-gallery-3 is-layout-flex wp-block-gallery-is-layout-flex\">\n<figure class=\"wp-block-image size-large\"><img decoding=\"async\" width=\"500\" height=\"332\" data-id=\"1038038\" src=\"https:\/\/dimensionturistica.com\/es\/wp-content\/uploads\/2025\/09\/2SANTA.jpg\" alt=\"\" class=\"wp-image-1038038\" srcset=\"https:\/\/dimensionturistica.com\/es\/wp-content\/uploads\/2025\/09\/2SANTA.jpg 500w, https:\/\/dimensionturistica.com\/es\/wp-content\/uploads\/2025\/09\/2SANTA-300x199.jpg 300w\" sizes=\"(max-width: 500px) 100vw, 500px\" \/><\/figure>\n<\/figure>\n\n\n\n<p>12:00 p.m. | Procesi\u00f3n desde la misi\u00f3n hasta el Parque Arqueol\u00f3gico de la Fuente de la Juventud. Actividad gratuita.<\/p>\n\n\n\n<p>1:00 p.m. | Recreaci\u00f3n de la primera comida de Acci\u00f3n de Gracias en la Fuente de la Juventud. Aplican tarifa de admisi\u00f3n regular y descuento para residentes del condado de St. Johns.<\/p>\n\n\n\n<p>1:00 \u2013 5:00 p.m. | Campamento hist\u00f3rico y demostraciones de artiller\u00eda (ca\u00f1ones y mosquetes) en la Fuente de la Juventud. Admisi\u00f3n seg\u00fan tarifa general y residentes de St. Johns.<\/p>\n\n\n\n<p>M\u00e1s para descub<\/p>\n\n\n\n<figure class=\"wp-block-gallery has-nested-images columns-default is-cropped wp-block-gallery-4 is-layout-flex wp-block-gallery-is-layout-flex\">\n<figure class=\"wp-block-image size-large\"><img decoding=\"async\" width=\"500\" height=\"383\" data-id=\"1038039\" src=\"https:\/\/dimensionturistica.com\/es\/wp-content\/uploads\/2025\/09\/12SANTA.jpg\" alt=\"\" class=\"wp-image-1038039\" srcset=\"https:\/\/dimensionturistica.com\/es\/wp-content\/uploads\/2025\/09\/12SANTA.jpg 500w, https:\/\/dimensionturistica.com\/es\/wp-content\/uploads\/2025\/09\/12SANTA-300x230.jpg 300w\" sizes=\"(max-width: 500px) 100vw, 500px\" \/><\/figure>\n<\/figure>\n\n\n\n<p>Los visitantes pueden profundizar en siglos de historia en espacios como el Governor\u2019s House Cultural Center and Museum, el Colonial Quarter, el Castillo de San Marcos y los monumentos nacionales Fort Matanzas y Fort Mose, primer asentamiento libre de afrodescendientes en EE.\u202fUU. Para un acercamiento art\u00edstico, el Founder\u2019s Day Plein Air Paint Out, organizado por la St. Augustine Art Association y el St. Johns Cultural Council, invita a pintar en vivo los rincones m\u00e1s emblem\u00e1ticos del centro hist\u00f3rico.<\/p>\n\n\n\n<p>Adem\u00e1s, los Old Town Trolleys y el Red Train Tour ofrecen recorridos narrados por la ciudad, permitiendo a los visitantes vivir la historia de St. Augustine desde una perspectiva \u00fanica.<\/p>\n\n\n\n<figure class=\"wp-block-gallery has-nested-images columns-default is-cropped wp-block-gallery-5 is-layout-flex wp-block-gallery-is-layout-flex\">\n<figure class=\"wp-block-image size-large\"><img decoding=\"async\" width=\"500\" height=\"333\" data-id=\"1038040\" src=\"https:\/\/dimensionturistica.com\/es\/wp-content\/uploads\/2025\/09\/1SANTA.jpg\" alt=\"\" class=\"wp-image-1038040\" srcset=\"https:\/\/dimensionturistica.com\/es\/wp-content\/uploads\/2025\/09\/1SANTA.jpg 500w, https:\/\/dimensionturistica.com\/es\/wp-content\/uploads\/2025\/09\/1SANTA-300x200.jpg 300w\" sizes=\"(max-width: 500px) 100vw, 500px\" \/><\/figure>\n<\/figure>\n\n\n\n<p>Explora todas las experiencias imperdibles de la Costa Hist\u00f3rica de Florida y crea un itinerario divertido, lleno de momentos para celebrar, con la pr\u00e1ctica herramienta de planificaci\u00f3n de viajes (Trip Planner).<\/p>\n\n\n\n<p><\/p>\n\n\n\n<p>Ubicada entre Daytona Beach y Jacksonville, la Costa Hist\u00f3rica de Florida incluye la hist\u00f3rica ciudad de St. Augustine, la elegancia costera y campos de golf de Ponte Vedra, la belleza rural de Hastings, Elkton y St. Johns, adem\u00e1s de 57 kilometros de playas atl\u00e1nticas v\u00edrgenes. Centros de Informaci\u00f3n Tur\u00edstica: 10 Castillo Drive, St. Augustine; 200 Solana Rd. Suite B, Ponte Vedra Beach y; St. Johns County Beach Pier Park, 350 A1A Beach Blvd., St. Augustine Beach. Para m\u00e1s informaci\u00f3n tur\u00edstica, llama al 1.800.653.2489 o visita el sitio web de la Oficina de Visitantes y Convenciones: http:\/\/viajastaugustine.com\/<\/p>\n\n\n\n<figure class=\"wp-block-gallery has-nested-images columns-default is-cropped wp-block-gallery-6 is-layout-flex wp-block-gallery-is-layout-flex\">\n<figure class=\"wp-block-image size-large\"><img decoding=\"async\" width=\"500\" height=\"280\" data-id=\"1038041\" src=\"https:\/\/dimensionturistica.com\/es\/wp-content\/uploads\/2025\/09\/3SANTA.jpg\" alt=\"\" class=\"wp-image-1038041\" srcset=\"https:\/\/dimensionturistica.com\/es\/wp-content\/uploads\/2025\/09\/3SANTA.jpg 500w, https:\/\/dimensionturistica.com\/es\/wp-content\/uploads\/2025\/09\/3SANTA-300x168.jpg 300w\" sizes=\"(max-width: 500px) 100vw, 500px\" \/><\/figure>\n<\/figure>\n\n\n\n<p><\/p>\n\n\n\n<p>S\u00edguenos en redes sociales para mantenerte al tanto de todas las aventuras en la Costa Hist\u00f3rica de Florida:<\/p>\n\n\n\n<p>Instagram: @ViajaStAugustine<\/p>\n\n\n\n<p>Facebook: ViajaStAugustine<\/p>\n","protected":false},"excerpt":{"rendered":"<p>El s\u00e1bado 6 de septiembre, St. Augustine conmemora el 460.\u00ba aniversario de la llegada de Don Pedro Men\u00e9ndez de Avil\u00e9s y su tripulaci\u00f3n a las costas de La Floride, dando inicio a la ocupaci\u00f3n continua de la que hoy es la ciudad m\u00e1s antigua de la naci\u00f3n. En 1565, el rey Felipe\u202fII de Espa\u00f1a encomend\u00f3 [&hellip;]<\/p>\n","protected":false},"author":1,"featured_media":0,"comment_status":"open","ping_status":"closed","sticky":false,"template":"","format":"standard","meta":{"om_disable_all_campaigns":false,"jnews-multi-image_gallery":[],"jnews_single_post":[],"jnews_primary_category":[],"jnews_social_meta":[],"footnotes":""},"categories":[39],"tags":[],"class_list":["post-1038032","post","type-post","status-publish","format-standard","hentry","category-viajes"],"_links":{"self":[{"href":"https:\/\/dimensionturistica.com\/es\/wp-json\/wp\/v2\/posts\/1038032","targetHints":{"allow":["GET"]}}],"collection":[{"href":"https:\/\/dimensionturistica.com\/es\/wp-json\/wp\/v2\/posts"}],"about":[{"href":"https:\/\/dimensionturistica.com\/es\/wp-json\/wp\/v2\/types\/post"}],"author":[{"embeddable":true,"href":"https:\/\/dimensionturistica.com\/es\/wp-json\/wp\/v2\/users\/1"}],"replies":[{"embeddable":true,"href":"https:\/\/dimensionturistica.com\/es\/wp-json\/wp\/v2\/comments?post=1038032"}],"version-history":[{"count":0,"href":"https:\/\/dimensionturistica.com\/es\/wp-json\/wp\/v2\/posts\/1038032\/revisions"}],"wp:attachment":[{"href":"https:\/\/dimensionturistica.com\/es\/wp-json\/wp\/v2\/media?parent=1038032"}],"wp:term":[{"taxonomy":"category","embeddable":true,"href":"https:\/\/dimensionturistica.com\/es\/wp-json\/wp\/v2\/categories?post=1038032"},{"taxonomy":"post_tag","embeddable":true,"href":"https:\/\/dimensionturistica.com\/es\/wp-json\/wp\/v2\/tags?post=1038032"}],"curies":[{"name":"wp","href":"https:\/\/api.w.org\/{rel}","templated":true}]}}