{"id":1037786,"date":"2025-09-01T22:09:13","date_gmt":"2025-09-01T22:09:13","guid":{"rendered":"https:\/\/dimensionturistica.com\/es\/?p=1037786"},"modified":"2025-09-01T22:09:13","modified_gmt":"2025-09-01T22:09:13","slug":"aviareps-anuncia-a-adriana-munozcano-como-nueva-gerente-general-en-mexico","status":"publish","type":"post","link":"https:\/\/dimensionturistica.com\/es\/aviareps-anuncia-a-adriana-munozcano-como-nueva-gerente-general-en-mexico\/","title":{"rendered":"AVIAREPS anuncia a Adriana Mu\u00f1ozcano como\u00a0nueva Gerente General en M\u00e9xico"},"content":{"rendered":"\n<figure class=\"wp-block-gallery has-nested-images columns-default is-cropped wp-block-gallery-1 is-layout-flex wp-block-gallery-is-layout-flex\">\n<figure class=\"wp-block-image size-large\"><img decoding=\"async\" width=\"500\" height=\"77\" data-id=\"1037787\" src=\"https:\/\/dimensionturistica.com\/es\/wp-content\/uploads\/2025\/09\/3AVIA.jpg\" alt=\"\" class=\"wp-image-1037787\" srcset=\"https:\/\/dimensionturistica.com\/es\/wp-content\/uploads\/2025\/09\/3AVIA.jpg 500w, https:\/\/dimensionturistica.com\/es\/wp-content\/uploads\/2025\/09\/3AVIA-300x46.jpg 300w\" sizes=\"(max-width: 500px) 100vw, 500px\" \/><\/figure>\n<\/figure>\n\n\n\n<p>AVIAREPS, l\u00edder global en representaci\u00f3n de&nbsp;aerol\u00edneas, destinos y servicios de turismo, se complace en anunciar el&nbsp;nombramiento de Adriana Mu\u00f1ozcano como su nueva Gerente General en&nbsp;M\u00e9xico, posici\u00f3n que asumi\u00f3 oficialmente.<\/p>\n\n\n\n<p>Adriana no es ajena a AVIAREPS, pues form\u00f3 parte del equipo en M\u00e9xico durante&nbsp;m\u00e1s de cuatro a\u00f1os y medio, liderando con \u00e9xito proyectos&nbsp;estrat\u00e9gicos en el \u00e1rea&nbsp;de aerol\u00edneas, desarrollo de rutas y promoci\u00f3n internacional.<\/p>\n\n\n\n<p>Con m\u00e1s de 20 a\u00f1os de experiencia en las industrias de aviaci\u00f3n y turismo,&nbsp;Adriana ha desarrollado una s\u00f3lida trayectoria en ventas, marketing y desarrollo de&nbsp;rutas.<\/p>\n\n\n\n<figure class=\"wp-block-gallery has-nested-images columns-default is-cropped wp-block-gallery-2 is-layout-flex wp-block-gallery-is-layout-flex\">\n<figure class=\"wp-block-image size-large\"><img decoding=\"async\" width=\"500\" height=\"540\" data-id=\"1037789\" src=\"https:\/\/dimensionturistica.com\/es\/wp-content\/uploads\/2025\/09\/2AVIA.jpg\" alt=\"\" class=\"wp-image-1037789\" srcset=\"https:\/\/dimensionturistica.com\/es\/wp-content\/uploads\/2025\/09\/2AVIA.jpg 500w, https:\/\/dimensionturistica.com\/es\/wp-content\/uploads\/2025\/09\/2AVIA-278x300.jpg 278w\" sizes=\"(max-width: 500px) 100vw, 500px\" \/><\/figure>\n<\/figure>\n\n\n\n<p>Inici\u00f3 su carrera en Aerom\u00e9xico y posteriormente contribuy\u00f3 al crecimiento&nbsp;comercial de Turkish Airlines y LATAM Airlines. Durante su anterior etapa en&nbsp;AVIAREPS, encabez\u00f3 el lanzamiento de rutas en M\u00e9xico para Emirates, TAP Air&nbsp;Portugal y Viva Air, adem\u00e1s de gestionar cuentas clave para Visit Dubai y Dubai&nbsp;Exports.<\/p>\n\n\n\n<p>Su regreso a la compa\u00f1\u00eda marca una nueva etapa para AVIAREPS M\u00e9xico, donde&nbsp;liderar\u00e1 iniciativas innovadoras en marketing de destinos y representaci\u00f3n de&nbsp;aerol\u00edneas, reforzando la presencia de la empresa en el mercado.<\/p>\n\n\n\n<p>Adriana es licenciada en Gesti\u00f3n Tur\u00edstica y cuenta con una Maestr\u00eda en Comercio&nbsp;Internacional y Branding por la Universidad Panamericana.<\/p>\n\n\n\n<p>\u201cMe entusiasma volver a AVIAREPS y retomar este reto con un equipo tan&nbsp;talentoso. M\u00e9xico es un mercado clave y estoy convencida de que juntos&nbsp;impulsaremos nuevas oportunidades para nuestros clientes\u201d, afirm\u00f3 Adriana&nbsp;Mu\u00f1ozcano.<\/p>\n\n\n\n<p>Con esta incorporaci\u00f3n, AVIAREPS reafirma su compromiso de fortalecer su&nbsp;liderazgo en el sector tur\u00edstico y de aviaci\u00f3n, brindando soluciones estrat\u00e9gicas a&nbsp;sus socios alrededor del mundo.<\/p>\n","protected":false},"excerpt":{"rendered":"<p>AVIAREPS, l\u00edder global en representaci\u00f3n de&nbsp;aerol\u00edneas, destinos y servicios de turismo, se complace en anunciar el&nbsp;nombramiento de Adriana Mu\u00f1ozcano como su nueva Gerente General en&nbsp;M\u00e9xico, posici\u00f3n que asumi\u00f3 oficialmente. Adriana no es ajena a AVIAREPS, pues form\u00f3 parte del equipo en M\u00e9xico durante&nbsp;m\u00e1s de cuatro a\u00f1os y medio, liderando con \u00e9xito proyectos&nbsp;estrat\u00e9gicos en el \u00e1rea&nbsp;de [&hellip;]<\/p>\n","protected":false},"author":1,"featured_media":0,"comment_status":"open","ping_status":"closed","sticky":false,"template":"","format":"standard","meta":{"om_disable_all_campaigns":false,"jnews-multi-image_gallery":[],"jnews_single_post":[],"jnews_primary_category":[],"jnews_social_meta":[],"footnotes":""},"categories":[39],"tags":[],"class_list":["post-1037786","post","type-post","status-publish","format-standard","hentry","category-viajes"],"_links":{"self":[{"href":"https:\/\/dimensionturistica.com\/es\/wp-json\/wp\/v2\/posts\/1037786","targetHints":{"allow":["GET"]}}],"collection":[{"href":"https:\/\/dimensionturistica.com\/es\/wp-json\/wp\/v2\/posts"}],"about":[{"href":"https:\/\/dimensionturistica.com\/es\/wp-json\/wp\/v2\/types\/post"}],"author":[{"embeddable":true,"href":"https:\/\/dimensionturistica.com\/es\/wp-json\/wp\/v2\/users\/1"}],"replies":[{"embeddable":true,"href":"https:\/\/dimensionturistica.com\/es\/wp-json\/wp\/v2\/comments?post=1037786"}],"version-history":[{"count":0,"href":"https:\/\/dimensionturistica.com\/es\/wp-json\/wp\/v2\/posts\/1037786\/revisions"}],"wp:attachment":[{"href":"https:\/\/dimensionturistica.com\/es\/wp-json\/wp\/v2\/media?parent=1037786"}],"wp:term":[{"taxonomy":"category","embeddable":true,"href":"https:\/\/dimensionturistica.com\/es\/wp-json\/wp\/v2\/categories?post=1037786"},{"taxonomy":"post_tag","embeddable":true,"href":"https:\/\/dimensionturistica.com\/es\/wp-json\/wp\/v2\/tags?post=1037786"}],"curies":[{"name":"wp","href":"https:\/\/api.w.org\/{rel}","templated":true}]}}