{"id":1037764,"date":"2025-09-01T21:17:03","date_gmt":"2025-09-01T21:17:03","guid":{"rendered":"https:\/\/dimensionturistica.com\/es\/?p=1037764"},"modified":"2025-09-01T21:21:12","modified_gmt":"2025-09-01T21:21:12","slug":"turibus-presenta-nueva-unidad-en-valladolid-yucatan-para-fortalecer-la-oferta-turistica-en-el-pueblo-magico","status":"publish","type":"post","link":"https:\/\/dimensionturistica.com\/es\/turibus-presenta-nueva-unidad-en-valladolid-yucatan-para-fortalecer-la-oferta-turistica-en-el-pueblo-magico\/","title":{"rendered":"Turibus presenta nueva unidad en Valladolid, Yucat\u00e1n para fortalecer la oferta tur\u00edstica en el Pueblo M\u00e1gico"},"content":{"rendered":"\n<figure class=\"wp-block-gallery has-nested-images columns-default is-cropped wp-block-gallery-1 is-layout-flex wp-block-gallery-is-layout-flex\">\n<figure class=\"wp-block-image size-large\"><img decoding=\"async\" width=\"500\" height=\"212\" data-id=\"1037765\" src=\"https:\/\/dimensionturistica.com\/es\/wp-content\/uploads\/2025\/09\/8TURI-1.jpg\" alt=\"\" class=\"wp-image-1037765\" srcset=\"https:\/\/dimensionturistica.com\/es\/wp-content\/uploads\/2025\/09\/8TURI-1.jpg 500w, https:\/\/dimensionturistica.com\/es\/wp-content\/uploads\/2025\/09\/8TURI-1-300x127.jpg 300w\" sizes=\"(max-width: 500px) 100vw, 500px\" \/><\/figure>\n<\/figure>\n\n\n\n<figure class=\"wp-block-gallery has-nested-images columns-default is-cropped wp-block-gallery-2 is-layout-flex wp-block-gallery-is-layout-flex\">\n<figure class=\"wp-block-image size-large\"><img decoding=\"async\" width=\"500\" height=\"375\" data-id=\"1037755\" src=\"https:\/\/dimensionturistica.com\/es\/wp-content\/uploads\/2025\/09\/2TURI-1.jpg\" alt=\"\" class=\"wp-image-1037755\" srcset=\"https:\/\/dimensionturistica.com\/es\/wp-content\/uploads\/2025\/09\/2TURI-1.jpg 500w, https:\/\/dimensionturistica.com\/es\/wp-content\/uploads\/2025\/09\/2TURI-1-300x225.jpg 300w\" sizes=\"(max-width: 500px) 100vw, 500px\" \/><\/figure>\n<\/figure>\n\n\n\n<p>En una ceremonia celebrada en el Palacio Municipal de Valladolid, Turibus present\u00f3 oficialmente una nueva unidad de Turibus Valladolid, que sustituir\u00e1 a la actual, dando continuidad a uno de los proyectos tur\u00edsticos m\u00e1s emblem\u00e1ticos del sureste del pa\u00eds.<\/p>\n\n\n\n<p>El evento fue encabezado por el Ing. Carlos Toledo, Director Divisional Regi\u00f3n Sur MOBILITY ADO, con la presencia del Lic. Dar\u00edo Flota Ocampo, Secretario de Fomento Tur\u00edstico de Yucat\u00e1n, y del Presidente Municipal de Valladolid, Mtro. Homero Novelo Burgos, quien cerr\u00f3 la ceremonia con un mensaje a los asistentes.<\/p>\n\n\n\n<p>Lanzado en junio de 2021, Turibus Valladolid fue el primer circuito Turibus en un Pueblo M\u00e1gico de M\u00e9xico, consolid\u00e1ndose como una experiencia imprescindible para quienes visitan este destino, gracias a su accesibilidad, riqueza cultural y diversidad de paradas tur\u00edsticas. Desde entonces, no ha interrumpido operaciones y se ha convertido en un veh\u00edculo clave para detonar la econom\u00eda local y fomentar el orgullo regional.<\/p>\n\n\n\n<p>La nueva unidad no solo destaca por ser m\u00e1s moderna y c\u00f3moda, sino que incorpora la nueva imagen tur\u00edstica del Ayuntamiento de Valladolid, con el lema \u201cValladolid te va a encantar\u201d y el mensaje visual \u201cExplora Valladolid, un viaje al coraz\u00f3n de Yucat\u00e1n\u201d, reflejando el esp\u00edritu de hospitalidad, cultura y tradici\u00f3n de este destino.<\/p>\n\n\n\n<p>El recorrido incluye paradas en sitios representativos como el Exconvento de San Bernardino de Siena, uno de los templos m\u00e1s antiguos del pa\u00eds; la Calzada de los Frailes, calle ic\u00f3nica de vibrante arquitectura colonial; el Cenote Zac\u00ed, joya natural enclavada en el centro de la ciudad; y barrios hist\u00f3ricos como San Juan, La Candelaria y Santa Ana.<\/p>\n\n\n\n<p>\u201cEsta nueva unidad representa el siguiente paso en una historia de \u00e9xito. Valladolid fue el primer Pueblo M\u00e1gico en tener su propio Turibus y hoy renovamos nuestro compromiso con una experiencia moderna, cercana y alineada a la visi\u00f3n de ciudad que impulsa su nuevo equipo tur\u00edstico. Estamos seguros de que esta nueva etapa va a seguir encantando a todos los visitantes\u201d, coment\u00f3 el Ing. Carlos Toledo, Director Divisional Regi\u00f3n Sur en ADO.<\/p>\n\n\n\n<figure class=\"wp-block-gallery has-nested-images columns-default is-cropped wp-block-gallery-3 is-layout-flex wp-block-gallery-is-layout-flex\">\n<figure class=\"wp-block-image size-large\"><img decoding=\"async\" width=\"500\" height=\"395\" data-id=\"1037753\" src=\"https:\/\/dimensionturistica.com\/es\/wp-content\/uploads\/2025\/09\/333TURI.jpg\" alt=\"\" class=\"wp-image-1037753\" srcset=\"https:\/\/dimensionturistica.com\/es\/wp-content\/uploads\/2025\/09\/333TURI.jpg 500w, https:\/\/dimensionturistica.com\/es\/wp-content\/uploads\/2025\/09\/333TURI-300x237.jpg 300w\" sizes=\"(max-width: 500px) 100vw, 500px\" \/><\/figure>\n<\/figure>\n\n\n\n<p>La ruta opera de manera continua todos los d\u00edas, con salidas cada hora de 10:00 a 20:00 hrs. Los boletos pueden adquirirse en l\u00ednea a trav\u00e9s de www.turibus.com.mx o directamente en el punto de salida, con tarifas de $90 MXN para adultos, $60 para personas con credencial INAPAM y $50 para ni\u00f1as y ni\u00f1os.<\/p>\n\n\n\n<p>Con esta renovaci\u00f3n, TURIBUS reafirma su compromiso con la promoci\u00f3n del patrimonio mexicano, impulsando proyectos tur\u00edsticos que contribuyan al desarrollo local, al tiempo que ofrecen a los visitantes una forma distinta y enriquecedora de descubrir los encantos del sureste.<\/p>\n","protected":false},"excerpt":{"rendered":"<p>En una ceremonia celebrada en el Palacio Municipal de Valladolid, Turibus present\u00f3 oficialmente una nueva unidad de Turibus Valladolid, que sustituir\u00e1 a la actual, dando continuidad a uno de los proyectos tur\u00edsticos m\u00e1s emblem\u00e1ticos del sureste del pa\u00eds. El evento fue encabezado por el Ing. Carlos Toledo, Director Divisional Regi\u00f3n Sur MOBILITY ADO, con la [&hellip;]<\/p>\n","protected":false},"author":1,"featured_media":0,"comment_status":"open","ping_status":"closed","sticky":false,"template":"","format":"standard","meta":{"om_disable_all_campaigns":false,"jnews-multi-image_gallery":[],"jnews_single_post":[],"jnews_primary_category":[],"jnews_social_meta":[],"footnotes":""},"categories":[39],"tags":[],"class_list":["post-1037764","post","type-post","status-publish","format-standard","hentry","category-viajes"],"_links":{"self":[{"href":"https:\/\/dimensionturistica.com\/es\/wp-json\/wp\/v2\/posts\/1037764","targetHints":{"allow":["GET"]}}],"collection":[{"href":"https:\/\/dimensionturistica.com\/es\/wp-json\/wp\/v2\/posts"}],"about":[{"href":"https:\/\/dimensionturistica.com\/es\/wp-json\/wp\/v2\/types\/post"}],"author":[{"embeddable":true,"href":"https:\/\/dimensionturistica.com\/es\/wp-json\/wp\/v2\/users\/1"}],"replies":[{"embeddable":true,"href":"https:\/\/dimensionturistica.com\/es\/wp-json\/wp\/v2\/comments?post=1037764"}],"version-history":[{"count":0,"href":"https:\/\/dimensionturistica.com\/es\/wp-json\/wp\/v2\/posts\/1037764\/revisions"}],"wp:attachment":[{"href":"https:\/\/dimensionturistica.com\/es\/wp-json\/wp\/v2\/media?parent=1037764"}],"wp:term":[{"taxonomy":"category","embeddable":true,"href":"https:\/\/dimensionturistica.com\/es\/wp-json\/wp\/v2\/categories?post=1037764"},{"taxonomy":"post_tag","embeddable":true,"href":"https:\/\/dimensionturistica.com\/es\/wp-json\/wp\/v2\/tags?post=1037764"}],"curies":[{"name":"wp","href":"https:\/\/api.w.org\/{rel}","templated":true}]}}