{"id":1037741,"date":"2025-09-01T20:24:49","date_gmt":"2025-09-01T20:24:49","guid":{"rendered":"https:\/\/dimensionturistica.com\/es\/?p=1037741"},"modified":"2025-09-01T20:24:49","modified_gmt":"2025-09-01T20:24:49","slug":"guatemala-se-prepara-para-celebrar-sus-proximos-festivales-culturales","status":"publish","type":"post","link":"https:\/\/dimensionturistica.com\/es\/guatemala-se-prepara-para-celebrar-sus-proximos-festivales-culturales\/","title":{"rendered":"Guatemala se prepara para celebrar sus pr\u00f3ximos festivales culturales"},"content":{"rendered":"\n<p><\/p>\n\n\n\n<figure class=\"wp-block-gallery has-nested-images columns-default is-cropped wp-block-gallery-1 is-layout-flex wp-block-gallery-is-layout-flex\">\n<figure class=\"wp-block-image size-large\"><img decoding=\"async\" width=\"300\" height=\"36\" data-id=\"1037742\" src=\"https:\/\/dimensionturistica.com\/es\/wp-content\/uploads\/2025\/09\/6GUATE.jpg\" alt=\"\" class=\"wp-image-1037742\"\/><\/figure>\n<\/figure>\n\n\n\n<p>Guatemala cuenta con una amplia agenda de festivales culturales que muestran una rica fusi\u00f3n de herencia maya, tradiciones coloniales singulares y expresiones art\u00edsticas contempor\u00e1neas. Este tapiz festivo es la excusa perfecta para cualquier viajero que busque sumergirse en la cultura guatemalteca y descubrir toda la energ\u00eda, el color y el esp\u00edritu de su gente en celebraci\u00f3n.<\/p>\n\n\n\n<figure class=\"wp-block-gallery has-nested-images columns-default is-cropped wp-block-gallery-2 is-layout-flex wp-block-gallery-is-layout-flex\">\n<figure class=\"wp-block-image size-large\"><img decoding=\"async\" width=\"500\" height=\"281\" data-id=\"1037743\" src=\"https:\/\/dimensionturistica.com\/es\/wp-content\/uploads\/2025\/09\/1GUATE.jpg\" alt=\"\" class=\"wp-image-1037743\" srcset=\"https:\/\/dimensionturistica.com\/es\/wp-content\/uploads\/2025\/09\/1GUATE.jpg 500w, https:\/\/dimensionturistica.com\/es\/wp-content\/uploads\/2025\/09\/1GUATE-300x169.jpg 300w\" sizes=\"(max-width: 500px) 100vw, 500px\" \/><\/figure>\n<\/figure>\n\n\n\n<p>Estos cinco festivales son una peque\u00f1a muestra del amplio calendario de eventos que tienen lugar a lo largo del a\u00f1o en el pa\u00eds centroamericano:<\/p>\n\n\n\n<p>&nbsp;Fiesta de la Virgen de la Asunci\u00f3n \u2013 15 de agosto<\/p>\n\n\n\n<p>Celebrada cada 15 de agosto, la Fiesta de la Virgen de la Asunci\u00f3n es una de las celebraciones m\u00e1s importantes y culturalmente significativas de la Ciudad de Guatemala. En honor a Nuestra Se\u00f1ora de la Asunci\u00f3n, patrona de la ciudad, la festividad combina devoci\u00f3n religiosa, entretenimiento popular y siglos de tradici\u00f3n, siendo un v\u00edvido reflejo de la identidad cultural guatemalteca.<\/p>\n\n\n\n<figure class=\"wp-block-gallery has-nested-images columns-default is-cropped wp-block-gallery-3 is-layout-flex wp-block-gallery-is-layout-flex\">\n<figure class=\"wp-block-image size-large\"><img decoding=\"async\" width=\"500\" height=\"334\" data-id=\"1037744\" src=\"https:\/\/dimensionturistica.com\/es\/wp-content\/uploads\/2025\/09\/2GUATE.jpg\" alt=\"\" class=\"wp-image-1037744\" srcset=\"https:\/\/dimensionturistica.com\/es\/wp-content\/uploads\/2025\/09\/2GUATE.jpg 500w, https:\/\/dimensionturistica.com\/es\/wp-content\/uploads\/2025\/09\/2GUATE-300x200.jpg 300w\" sizes=\"(max-width: 500px) 100vw, 500px\" \/><\/figure>\n<\/figure>\n\n\n\n<p>Uno de los momentos m\u00e1s destacados es la Feria de Jocotenango, una animada feria callejera con juegos mec\u00e1nicos, actividades recreativas, puestos de comida tradicional, artesan\u00edas y cautivadoras presentaciones culturales. La celebraci\u00f3n combina la reverencia espiritual con la alegr\u00eda popular, que se vive con fuegos artificiales, misas solemnes en la Catedral y un ambiente comunitario que llena la ciudad de buena energ\u00eda.<\/p>\n\n\n\n<p>D\u00eda de la Independencia &#8211; &nbsp;15 de septiembre<\/p>\n\n\n\n<figure class=\"wp-block-gallery has-nested-images columns-default is-cropped wp-block-gallery-4 is-layout-flex wp-block-gallery-is-layout-flex\">\n<figure class=\"wp-block-image size-large\"><img decoding=\"async\" width=\"500\" height=\"362\" data-id=\"1037745\" src=\"https:\/\/dimensionturistica.com\/es\/wp-content\/uploads\/2025\/09\/3GUATE.jpg\" alt=\"\" class=\"wp-image-1037745\" srcset=\"https:\/\/dimensionturistica.com\/es\/wp-content\/uploads\/2025\/09\/3GUATE.jpg 500w, https:\/\/dimensionturistica.com\/es\/wp-content\/uploads\/2025\/09\/3GUATE-300x217.jpg 300w, https:\/\/dimensionturistica.com\/es\/wp-content\/uploads\/2025\/09\/3GUATE-120x86.jpg 120w\" sizes=\"(max-width: 500px) 100vw, 500px\" \/><\/figure>\n<\/figure>\n\n\n\n<p>En conmemoraci\u00f3n de la firma del Acta de Independencia de Centroam\u00e9rica en 1821, el D\u00eda de la Independencia es una de las fiestas nacionales m\u00e1s patri\u00f3ticas y unificadoras de Guatemala. Se celebra el 15 de septiembre con coloridos desfiles, danzas tradicionales, bandas escolares y vistosos trajes que reflejan el profundo orgullo nacional.<\/p>\n\n\n\n<p>Tanto en la capital como en La Antigua o en Quetzaltenango, tienen lugar presentaciones folcl\u00f3ricas, fuegos artificiales y la ic\u00f3nica Antorcha de la Independencia, una carrera simb\u00f3lica en la que se llevan antorchas encendidas a lo largo de grandes distancias, representando el esp\u00edritu y la propagaci\u00f3n de la independencia. M\u00e1s que una simple celebraci\u00f3n, es una poderosa expresi\u00f3n de unidad entre guatemaltecos.<\/p>\n","protected":false},"excerpt":{"rendered":"<p>Guatemala cuenta con una amplia agenda de festivales culturales que muestran una rica fusi\u00f3n de herencia maya, tradiciones coloniales singulares y expresiones art\u00edsticas contempor\u00e1neas. Este tapiz festivo es la excusa perfecta para cualquier viajero que busque sumergirse en la cultura guatemalteca y descubrir toda la energ\u00eda, el color y el esp\u00edritu de su gente en [&hellip;]<\/p>\n","protected":false},"author":1,"featured_media":0,"comment_status":"open","ping_status":"closed","sticky":false,"template":"","format":"standard","meta":{"om_disable_all_campaigns":false,"jnews-multi-image_gallery":[],"jnews_single_post":[],"jnews_primary_category":[],"jnews_social_meta":[],"footnotes":""},"categories":[39],"tags":[],"class_list":["post-1037741","post","type-post","status-publish","format-standard","hentry","category-viajes"],"_links":{"self":[{"href":"https:\/\/dimensionturistica.com\/es\/wp-json\/wp\/v2\/posts\/1037741","targetHints":{"allow":["GET"]}}],"collection":[{"href":"https:\/\/dimensionturistica.com\/es\/wp-json\/wp\/v2\/posts"}],"about":[{"href":"https:\/\/dimensionturistica.com\/es\/wp-json\/wp\/v2\/types\/post"}],"author":[{"embeddable":true,"href":"https:\/\/dimensionturistica.com\/es\/wp-json\/wp\/v2\/users\/1"}],"replies":[{"embeddable":true,"href":"https:\/\/dimensionturistica.com\/es\/wp-json\/wp\/v2\/comments?post=1037741"}],"version-history":[{"count":0,"href":"https:\/\/dimensionturistica.com\/es\/wp-json\/wp\/v2\/posts\/1037741\/revisions"}],"wp:attachment":[{"href":"https:\/\/dimensionturistica.com\/es\/wp-json\/wp\/v2\/media?parent=1037741"}],"wp:term":[{"taxonomy":"category","embeddable":true,"href":"https:\/\/dimensionturistica.com\/es\/wp-json\/wp\/v2\/categories?post=1037741"},{"taxonomy":"post_tag","embeddable":true,"href":"https:\/\/dimensionturistica.com\/es\/wp-json\/wp\/v2\/tags?post=1037741"}],"curies":[{"name":"wp","href":"https:\/\/api.w.org\/{rel}","templated":true}]}}