{"id":1037713,"date":"2025-09-01T19:56:42","date_gmt":"2025-09-01T19:56:42","guid":{"rendered":"https:\/\/dimensionturistica.com\/es\/?p=1037713"},"modified":"2025-09-01T20:08:12","modified_gmt":"2025-09-01T20:08:12","slug":"kilometros-con-causa-indrive-entrega-10000-usd-para-apoyar-a-mujeres-emprendedoras-en-mexico","status":"publish","type":"post","link":"https:\/\/dimensionturistica.com\/es\/kilometros-con-causa-indrive-entrega-10000-usd-para-apoyar-a-mujeres-emprendedoras-en-mexico\/","title":{"rendered":"Kil\u00f3metros con causa: inDrive entrega $10,000 USD para apoyar a mujeres emprendedoras en M\u00e9xico"},"content":{"rendered":"\n<figure class=\"wp-block-gallery has-nested-images columns-default is-cropped wp-block-gallery-1 is-layout-flex wp-block-gallery-is-layout-flex\">\n<figure class=\"wp-block-image size-large\"><img decoding=\"async\" width=\"362\" height=\"112\" data-id=\"1037715\" src=\"https:\/\/dimensionturistica.com\/es\/wp-content\/uploads\/2025\/09\/2didi.jpg\" alt=\"\" class=\"wp-image-1037715\" srcset=\"https:\/\/dimensionturistica.com\/es\/wp-content\/uploads\/2025\/09\/2didi.jpg 362w, https:\/\/dimensionturistica.com\/es\/wp-content\/uploads\/2025\/09\/2didi-300x93.jpg 300w, https:\/\/dimensionturistica.com\/es\/wp-content\/uploads\/2025\/09\/2didi-360x112.jpg 360w\" sizes=\"(max-width: 362px) 100vw, 362px\" \/><\/figure>\n<\/figure>\n\n\n\n<p>Lo que habitualmente culmina en una medalla y una selfie, en esta ocasi\u00f3n \u200b se convirti\u00f3 en impulso real para cientos de mujeres. A trav\u00e9s de su iniciativa Kil\u00f3metros con Causa, inDrive la aplicaci\u00f3n global de movilidad y servicios urbanos, transform\u00f3 el esfuerzo colectivo de las y los corredores en una acci\u00f3n concreta por la equidad econ\u00f3mica. Dentro de la din\u00e1mica se invit\u00f3 a las y los participantes a sumar kil\u00f3metros por una causa: apoyar el trabajo de Pro Mujer, una organizaci\u00f3n que impulsa el emprendimiento femenino en M\u00e9xico y Am\u00e9rica Latina.<\/p>\n\n\n\n<figure class=\"wp-block-gallery has-nested-images columns-default is-cropped wp-block-gallery-2 is-layout-flex wp-block-gallery-is-layout-flex\">\n<figure class=\"wp-block-image size-large\"><img decoding=\"async\" width=\"500\" height=\"412\" data-id=\"1037718\" src=\"https:\/\/dimensionturistica.com\/es\/wp-content\/uploads\/2025\/09\/carr.jpg\" alt=\"\" class=\"wp-image-1037718\" srcset=\"https:\/\/dimensionturistica.com\/es\/wp-content\/uploads\/2025\/09\/carr.jpg 500w, https:\/\/dimensionturistica.com\/es\/wp-content\/uploads\/2025\/09\/carr-300x247.jpg 300w\" sizes=\"(max-width: 500px) 100vw, 500px\" \/><\/figure>\n<\/figure>\n\n\n\n<p>\u200b\u200bPro Mujer ofrece capacitaci\u00f3n digital, acceso a herramientas financieras y acompa\u00f1amiento personalizado a mujeres que buscan iniciar o fortalecer sus negocios. Con m\u00e1s de 30 a\u00f1os de experiencia en la regi\u00f3n, ha ayudado a miles de mujeres a convertirse en agentes de cambio econ\u00f3mico dentro de sus comunidades.<\/p>\n\n\n\n<figure class=\"wp-block-gallery has-nested-images columns-default is-cropped wp-block-gallery-3 is-layout-flex wp-block-gallery-is-layout-flex\">\n<figure class=\"wp-block-image size-large\"><img decoding=\"async\" width=\"500\" height=\"888\" data-id=\"1037733\" src=\"https:\/\/dimensionturistica.com\/es\/wp-content\/uploads\/2025\/09\/3didi.jpg\" alt=\"\" class=\"wp-image-1037733\" srcset=\"https:\/\/dimensionturistica.com\/es\/wp-content\/uploads\/2025\/09\/3didi.jpg 500w, https:\/\/dimensionturistica.com\/es\/wp-content\/uploads\/2025\/09\/3didi-169x300.jpg 169w\" sizes=\"(max-width: 500px) 100vw, 500px\" \/><\/figure>\n<\/figure>\n\n\n\n<p>\u200b\u200bEn esta edici\u00f3n de Kil\u00f3metros con Causa, la participaci\u00f3n de 334 personas permiti\u00f3 alcanzar un total de 10,020 kil\u00f3metros recorridos dentro del Adidas Split 30K. A trav\u00e9s de una din\u00e1mica organizada por inDrive, cada corredor que visit\u00f3 el stand pudo registrar sus kil\u00f3metros y transformarlos simb\u00f3licamente en apoyo econ\u00f3mico. La suma total ser\u00e1 convertida en una donaci\u00f3n de $10,020 d\u00f3lares para el programa Emprende Pro Mujer. Esta contribuci\u00f3n ayudar\u00e1 directamente a cerrar brechas de g\u00e9nero en el ecosistema emprendedor, abriendo oportunidades reales para mujeres que hist\u00f3ricamente han tenido acceso limitado a financiamiento, formaci\u00f3n y redes de apoyo.<\/p>\n","protected":false},"excerpt":{"rendered":"<p>Lo que habitualmente culmina en una medalla y una selfie, en esta ocasi\u00f3n \u200b se convirti\u00f3 en impulso real para cientos de mujeres. A trav\u00e9s de su iniciativa Kil\u00f3metros con Causa, inDrive la aplicaci\u00f3n global de movilidad y servicios urbanos, transform\u00f3 el esfuerzo colectivo de las y los corredores en una acci\u00f3n concreta por la [&hellip;]<\/p>\n","protected":false},"author":1,"featured_media":0,"comment_status":"open","ping_status":"closed","sticky":false,"template":"","format":"standard","meta":{"om_disable_all_campaigns":false,"jnews-multi-image_gallery":[],"jnews_single_post":[],"jnews_primary_category":[],"jnews_social_meta":[],"footnotes":""},"categories":[40],"tags":[],"class_list":["post-1037713","post","type-post","status-publish","format-standard","hentry","category-industria"],"_links":{"self":[{"href":"https:\/\/dimensionturistica.com\/es\/wp-json\/wp\/v2\/posts\/1037713","targetHints":{"allow":["GET"]}}],"collection":[{"href":"https:\/\/dimensionturistica.com\/es\/wp-json\/wp\/v2\/posts"}],"about":[{"href":"https:\/\/dimensionturistica.com\/es\/wp-json\/wp\/v2\/types\/post"}],"author":[{"embeddable":true,"href":"https:\/\/dimensionturistica.com\/es\/wp-json\/wp\/v2\/users\/1"}],"replies":[{"embeddable":true,"href":"https:\/\/dimensionturistica.com\/es\/wp-json\/wp\/v2\/comments?post=1037713"}],"version-history":[{"count":0,"href":"https:\/\/dimensionturistica.com\/es\/wp-json\/wp\/v2\/posts\/1037713\/revisions"}],"wp:attachment":[{"href":"https:\/\/dimensionturistica.com\/es\/wp-json\/wp\/v2\/media?parent=1037713"}],"wp:term":[{"taxonomy":"category","embeddable":true,"href":"https:\/\/dimensionturistica.com\/es\/wp-json\/wp\/v2\/categories?post=1037713"},{"taxonomy":"post_tag","embeddable":true,"href":"https:\/\/dimensionturistica.com\/es\/wp-json\/wp\/v2\/tags?post=1037713"}],"curies":[{"name":"wp","href":"https:\/\/api.w.org\/{rel}","templated":true}]}}