{"id":1037695,"date":"2025-09-01T19:24:50","date_gmt":"2025-09-01T19:24:50","guid":{"rendered":"https:\/\/dimensionturistica.com\/es\/?p=1037695"},"modified":"2025-09-01T19:24:50","modified_gmt":"2025-09-01T19:24:50","slug":"un-viaje-al-mictlan-una-de-las-experiencias-inmersivas-mas-reconocidas-y-esperadas-en-la-ciudad-de-mexico-que-honra-el-dia-de-muertos-a-fantasy-lab","status":"publish","type":"post","link":"https:\/\/dimensionturistica.com\/es\/un-viaje-al-mictlan-una-de-las-experiencias-inmersivas-mas-reconocidas-y-esperadas-en-la-ciudad-de-mexico-que-honra-el-dia-de-muertos-a-fantasy-lab\/","title":{"rendered":"&#8220;Un Viaje al Mictl\u00e1n&#8221; una de las experiencias inmersivas m\u00e1s reconocidas y esperadas en la Ciudad de M\u00e9xico que honra el D\u00eda de Muertos a Fantasy Lab"},"content":{"rendered":"\n<p><\/p>\n\n\n\n<figure class=\"wp-block-gallery has-nested-images columns-default is-cropped wp-block-gallery-1 is-layout-flex wp-block-gallery-is-layout-flex\">\n<figure class=\"wp-block-image size-large\"><img decoding=\"async\" width=\"283\" height=\"61\" data-id=\"1037696\" src=\"https:\/\/dimensionturistica.com\/es\/wp-content\/uploads\/2025\/09\/4LAB.jpg\" alt=\"\" class=\"wp-image-1037696\"\/><\/figure>\n<\/figure>\n\n\n\n<p>Fantasy Lab, empresa mexicana trae de vuelta \u201cUn Viaje al Mictl\u00e1n\u201d, una de las experiencias inmersivas m\u00e1s reconocidas y esperadas en la Ciudad de M\u00e9xico que honra el D\u00eda de Muertos y relata el recorrido de las almas a trav\u00e9s de los nueve niveles del inframundo mexica hacia el descanso eterno.<\/p>\n\n\n\n<p>A partir del pr\u00f3ximo 26 de septiembre del 2025 en el nivel s\u00f3tano dos del estacionamiento de Plaza Metr\u00f3poli Patriotismo en Ciudad de M\u00e9xico ni\u00f1as, ni\u00f1os, j\u00f3venes y adultos podr\u00e1n caminar a trav\u00e9s de los nueve niveles del Mictl\u00e1n en un recorrido de m\u00e1s de 60 minutos lleno de luces, arte, tecnolog\u00eda y tradici\u00f3n.<\/p>\n\n\n\n<figure class=\"wp-block-gallery has-nested-images columns-default is-cropped wp-block-gallery-2 is-layout-flex wp-block-gallery-is-layout-flex\">\n<figure class=\"wp-block-image size-large\"><img decoding=\"async\" width=\"500\" height=\"333\" data-id=\"1037697\" src=\"https:\/\/dimensionturistica.com\/es\/wp-content\/uploads\/2025\/09\/1LAB.jpg\" alt=\"\" class=\"wp-image-1037697\" srcset=\"https:\/\/dimensionturistica.com\/es\/wp-content\/uploads\/2025\/09\/1LAB.jpg 500w, https:\/\/dimensionturistica.com\/es\/wp-content\/uploads\/2025\/09\/1LAB-300x200.jpg 300w\" sizes=\"(max-width: 500px) 100vw, 500px\" \/><\/figure>\n<\/figure>\n\n\n\n<p>Inspirada en el C\u00f3dice Vaticano, esta experiencia transforma en vida real los pasajes ancestrales que describen el recorrido de las almas hacia el Mictl\u00e1n. Aunque los registros de nuestros antepasados son limitados, el equipo creativo de Fantasy Lab y bajo la conceptualizaci\u00f3n de Eonora han llevado esta sabidur\u00eda al m\u00e1ximo, construyendo salas in\u00e9ditas que sumergen al visitante en un viaje a\u00fan m\u00e1s profundo hacia el inframundo mexica.<\/p>\n\n\n\n<p>La nueva edici\u00f3n de \u201cUn Viaje al Mictl\u00e1n\u201d llega con sorpresas, novedades y adaptaciones que hacen que cada sala sea a\u00fan m\u00e1s impactante, desde escenarios que resaltan nuestra cultura, hasta spots perfectos para tomarse fotos que parecen sacadas de otro mundo.<\/p>\n\n\n\n<figure class=\"wp-block-gallery has-nested-images columns-default is-cropped wp-block-gallery-3 is-layout-flex wp-block-gallery-is-layout-flex\">\n<figure class=\"wp-block-image size-large\"><img decoding=\"async\" width=\"500\" height=\"333\" data-id=\"1037698\" src=\"https:\/\/dimensionturistica.com\/es\/wp-content\/uploads\/2025\/09\/2LAB.jpg\" alt=\"\" class=\"wp-image-1037698\" srcset=\"https:\/\/dimensionturistica.com\/es\/wp-content\/uploads\/2025\/09\/2LAB.jpg 500w, https:\/\/dimensionturistica.com\/es\/wp-content\/uploads\/2025\/09\/2LAB-300x200.jpg 300w\" sizes=\"(max-width: 500px) 100vw, 500px\" \/><\/figure>\n<\/figure>\n\n\n\n<p>Cabe resaltar que la primera edici\u00f3n de la experiencia inmersiva fue catalogada como una de las mejores experiencias a nivel mundial al ser premiada en cinco categor\u00edas por los Telly Awards 2025, Dise\u00f1o de Personaje, Direcci\u00f3n, Narrativa y Gui\u00f3n, Cultura y Estilo de Vida; as\u00ed como en Experiencia Inmersiva.<\/p>\n\n\n\n<figure class=\"wp-block-gallery has-nested-images columns-default is-cropped wp-block-gallery-4 is-layout-flex wp-block-gallery-is-layout-flex\">\n<figure class=\"wp-block-image size-large\"><img decoding=\"async\" width=\"500\" height=\"333\" data-id=\"1037699\" src=\"https:\/\/dimensionturistica.com\/es\/wp-content\/uploads\/2025\/09\/3LAB.jpg\" alt=\"\" class=\"wp-image-1037699\" srcset=\"https:\/\/dimensionturistica.com\/es\/wp-content\/uploads\/2025\/09\/3LAB.jpg 500w, https:\/\/dimensionturistica.com\/es\/wp-content\/uploads\/2025\/09\/3LAB-300x200.jpg 300w\" sizes=\"(max-width: 500px) 100vw, 500px\" \/><\/figure>\n<\/figure>\n\n\n\n<p>\u201cUn Viaje al Mictl\u00e1n\u201d fue una de las experiencias inmersivas m\u00e1s visitadas durante 2024, por lo que Fantasy Lab invita a todas las personas a planear su visita adquiriendo sus boletos a trav\u00e9s de la&nbsp;p\u00e1gina web https:\/\/fantasylab.mx\/ o en taquillas del lugar a partir del pr\u00f3ximo 29 de agosto del 2025.<\/p>\n\n\n\n<p>Fantasy Lab invita a las personas a adentrarse en nuestra cultura y costumbres y vivir una temporada del d\u00eda de muertos \u00fanica a trav\u00e9s de \u201cUn Viaje al Mictl\u00e1n\u201d.<\/p>\n","protected":false},"excerpt":{"rendered":"<p>Fantasy Lab, empresa mexicana trae de vuelta \u201cUn Viaje al Mictl\u00e1n\u201d, una de las experiencias inmersivas m\u00e1s reconocidas y esperadas en la Ciudad de M\u00e9xico que honra el D\u00eda de Muertos y relata el recorrido de las almas a trav\u00e9s de los nueve niveles del inframundo mexica hacia el descanso eterno. A partir del pr\u00f3ximo [&hellip;]<\/p>\n","protected":false},"author":1,"featured_media":0,"comment_status":"open","ping_status":"closed","sticky":false,"template":"","format":"standard","meta":{"om_disable_all_campaigns":false,"jnews-multi-image_gallery":[],"jnews_single_post":{"format":"standard"},"jnews_primary_category":[],"jnews_social_meta":[],"footnotes":""},"categories":[40],"tags":[],"class_list":["post-1037695","post","type-post","status-publish","format-standard","hentry","category-industria"],"_links":{"self":[{"href":"https:\/\/dimensionturistica.com\/es\/wp-json\/wp\/v2\/posts\/1037695","targetHints":{"allow":["GET"]}}],"collection":[{"href":"https:\/\/dimensionturistica.com\/es\/wp-json\/wp\/v2\/posts"}],"about":[{"href":"https:\/\/dimensionturistica.com\/es\/wp-json\/wp\/v2\/types\/post"}],"author":[{"embeddable":true,"href":"https:\/\/dimensionturistica.com\/es\/wp-json\/wp\/v2\/users\/1"}],"replies":[{"embeddable":true,"href":"https:\/\/dimensionturistica.com\/es\/wp-json\/wp\/v2\/comments?post=1037695"}],"version-history":[{"count":0,"href":"https:\/\/dimensionturistica.com\/es\/wp-json\/wp\/v2\/posts\/1037695\/revisions"}],"wp:attachment":[{"href":"https:\/\/dimensionturistica.com\/es\/wp-json\/wp\/v2\/media?parent=1037695"}],"wp:term":[{"taxonomy":"category","embeddable":true,"href":"https:\/\/dimensionturistica.com\/es\/wp-json\/wp\/v2\/categories?post=1037695"},{"taxonomy":"post_tag","embeddable":true,"href":"https:\/\/dimensionturistica.com\/es\/wp-json\/wp\/v2\/tags?post=1037695"}],"curies":[{"name":"wp","href":"https:\/\/api.w.org\/{rel}","templated":true}]}}