{"id":1037589,"date":"2025-09-01T16:22:28","date_gmt":"2025-09-01T16:22:28","guid":{"rendered":"https:\/\/dimensionturistica.com\/es\/?p=1037589"},"modified":"2025-09-01T16:22:28","modified_gmt":"2025-09-01T16:22:28","slug":"josefina-rodriguez-invita-a-la-iniciativa-privada-a-ser-embajadoras-y-embajadores-de-mexico-en-el-mundo","status":"publish","type":"post","link":"https:\/\/dimensionturistica.com\/es\/josefina-rodriguez-invita-a-la-iniciativa-privada-a-ser-embajadoras-y-embajadores-de-mexico-en-el-mundo\/","title":{"rendered":"Josefina Rodr\u00edguez invita a la iniciativa privada a ser embajadoras y embajadores de M\u00e9xico en el mundo"},"content":{"rendered":"\n<figure class=\"wp-block-gallery has-nested-images columns-default is-cropped wp-block-gallery-1 is-layout-flex wp-block-gallery-is-layout-flex\">\n<figure class=\"wp-block-image size-large\"><img decoding=\"async\" width=\"500\" height=\"69\" data-id=\"1037582\" src=\"https:\/\/dimensionturistica.com\/es\/wp-content\/uploads\/2025\/09\/5TURISMO.jpg\" alt=\"\" class=\"wp-image-1037582\" srcset=\"https:\/\/dimensionturistica.com\/es\/wp-content\/uploads\/2025\/09\/5TURISMO.jpg 500w, https:\/\/dimensionturistica.com\/es\/wp-content\/uploads\/2025\/09\/5TURISMO-300x41.jpg 300w\" sizes=\"(max-width: 500px) 100vw, 500px\" \/><\/figure>\n<\/figure>\n\n\n\n<p>La secretaria de Turismo del Gobierno de M\u00e9xico, Josefina Rodr\u00edguez Zamora, particip\u00f3 en la sesi\u00f3n ordinaria del Consejo Directivo de la Confederaci\u00f3n Patronal de la Rep\u00fablica Mexicana (COPARMEX), donde convoc\u00f3 a las y los empresarios del pa\u00eds a convertirse en embajadoras y embajadores de M\u00e9xico.<\/p>\n\n\n\n<p>La titular de la Secretar\u00eda de Turismo destac\u00f3 que la encomienda de la Presidenta Claudia Sheinbaum Pardo en el Plan M\u00e9xico es clara: hacer del turismo un motor de Prosperidad Compartida y lograr que M\u00e9xico se consolide como el quinto pa\u00eds m\u00e1s visitado del mundo, meta que s\u00f3lo ser\u00e1 posible con la suma de esfuerzos de los tres \u00f3rdenes de gobierno y de la iniciativa privada.<\/p>\n\n\n\n<figure class=\"wp-block-gallery has-nested-images columns-default is-cropped wp-block-gallery-2 is-layout-flex wp-block-gallery-is-layout-flex\">\n<figure class=\"wp-block-image size-large\"><img decoding=\"async\" width=\"500\" height=\"332\" data-id=\"1037590\" src=\"https:\/\/dimensionturistica.com\/es\/wp-content\/uploads\/2025\/09\/6SECTUR.jpg\" alt=\"\" class=\"wp-image-1037590\" srcset=\"https:\/\/dimensionturistica.com\/es\/wp-content\/uploads\/2025\/09\/6SECTUR.jpg 500w, https:\/\/dimensionturistica.com\/es\/wp-content\/uploads\/2025\/09\/6SECTUR-300x199.jpg 300w\" sizes=\"(max-width: 500px) 100vw, 500px\" \/><\/figure>\n<\/figure>\n\n\n\n<p>Destac\u00f3 que Estados Unidos sigue siendo el principal aliado tur\u00edstico de M\u00e9xico, ya que, tan solo entre enero y junio de este a\u00f1o arribaron al pa\u00eds 7 millones 361 mil turistas residentes en ese pa\u00eds v\u00eda a\u00e9rea, lo que representa un incremento de 2.4 por ciento en comparaci\u00f3n con 2024 y de 28.7 por ciento frente a 2019.<\/p>\n\n\n\n<p>Asimismo, reiter\u00f3 que el flujo binacional entre M\u00e9xico y Estados Unidos es el segundo m\u00e1s activo del mundo, una clara muestra de que Estados Unidos ve en nuestro un socio estrat\u00e9gico.<\/p>\n\n\n\n<p>Inform\u00f3 tambi\u00e9n que, &nbsp;en el primer semestre de 2025, ingresaron a M\u00e9xico 23.4 millones de turistas internacionales, una cifra 7.3 por ciento superior a la registrada en el mismo periodo de 2024 y 6.2 por ciento superior a la de 2019.<\/p>\n\n\n\n<p>Por otra parte, el ingreso de divisas por visitantes internacionales ascendi\u00f3 a 18 mil 680.8 millones de d\u00f3lares, lo que representa un aumento del 6.3 por ciento con respecto al a\u00f1o pasado y un 43.1 por ciento m\u00e1s en comparaci\u00f3n con 2019.<\/p>\n\n\n\n<p>A estos resultados se suma la fortaleza del turismo interno, con m\u00e1s de 100 millones de turistas nacionales al a\u00f1o, que constituyen, dijo, \u201cel coraz\u00f3n de la industria\u201d y una prioridad de atenci\u00f3n para la Secretar\u00eda.<\/p>\n\n\n\n<p>Rodr\u00edguez Zamora subray\u00f3 que desde Sectur se trabaja tambi\u00e9n en la diversificaci\u00f3n de mercados, impulsando la llegada de turistas de pa\u00edses emergentes como China y Brasil.<\/p>\n\n\n\n<p>La secretaria adelant\u00f3 que el pr\u00f3ximo a\u00f1o ser\u00e1 hist\u00f3rico para el sector, con una intensa agenda de actividades internacionales como FITUR, ITB Am\u00e9ricas, el Mundial de F\u00fatbol y la 50\u00b0 edici\u00f3n del Tianguis Tur\u00edstico, eventos que consolidar\u00e1n a M\u00e9xico como un actor clave en la industria global.<\/p>\n\n\n\n<figure class=\"wp-block-gallery has-nested-images columns-default is-cropped wp-block-gallery-3 is-layout-flex wp-block-gallery-is-layout-flex\">\n<figure class=\"wp-block-image size-large\"><img decoding=\"async\" width=\"500\" height=\"301\" data-id=\"1037591\" src=\"https:\/\/dimensionturistica.com\/es\/wp-content\/uploads\/2025\/09\/2SECTUR.jpg\" alt=\"\" class=\"wp-image-1037591\" srcset=\"https:\/\/dimensionturistica.com\/es\/wp-content\/uploads\/2025\/09\/2SECTUR.jpg 500w, https:\/\/dimensionturistica.com\/es\/wp-content\/uploads\/2025\/09\/2SECTUR-300x181.jpg 300w\" sizes=\"(max-width: 500px) 100vw, 500px\" \/><\/figure>\n<\/figure>\n\n\n\n<p>Por su parte, el presidente de COPARMEX, Juan Jos\u00e9 Sierra \u00c1lvarez, destac\u00f3 que la Confederaci\u00f3n y Sectur trabajan en una agenda conjunta que incluye la competitividad y sustentabilidad de 18 destinos tur\u00edsticos, la creaci\u00f3n de observatorios tur\u00edsticos sostenibles, una estrategia nacional de prevenci\u00f3n y gesti\u00f3n de crisis, y el impulso de una agenda legislativa en coordinaci\u00f3n con las comisiones de turismo del Congreso de la Uni\u00f3n.<\/p>\n\n\n\n<p>En su oportunidad el presidente del Consejo Nacional Empresarial Tur\u00edstico (CNET), Braulio Arsuaga, reconoci\u00f3 los avances del sector y subray\u00f3 que el turismo representa ya el 8 por ciento del PIB, generando 2.5 billones de pesos el a\u00f1o pasado y un saldo de balanza tur\u00edstica de 12 mil millones de d\u00f3lares en el primer semestre, cifra que duplica a la manufacturera y supera ampliamente a la petrolera.<\/p>\n","protected":false},"excerpt":{"rendered":"<p>La secretaria de Turismo del Gobierno de M\u00e9xico, Josefina Rodr\u00edguez Zamora, particip\u00f3 en la sesi\u00f3n ordinaria del Consejo Directivo de la Confederaci\u00f3n Patronal de la Rep\u00fablica Mexicana (COPARMEX), donde convoc\u00f3 a las y los empresarios del pa\u00eds a convertirse en embajadoras y embajadores de M\u00e9xico. La titular de la Secretar\u00eda de Turismo destac\u00f3 que la [&hellip;]<\/p>\n","protected":false},"author":1,"featured_media":0,"comment_status":"open","ping_status":"closed","sticky":false,"template":"","format":"standard","meta":{"om_disable_all_campaigns":false,"jnews-multi-image_gallery":[],"jnews_single_post":[],"jnews_primary_category":[],"jnews_social_meta":[],"footnotes":""},"categories":[39],"tags":[],"class_list":["post-1037589","post","type-post","status-publish","format-standard","hentry","category-viajes"],"_links":{"self":[{"href":"https:\/\/dimensionturistica.com\/es\/wp-json\/wp\/v2\/posts\/1037589","targetHints":{"allow":["GET"]}}],"collection":[{"href":"https:\/\/dimensionturistica.com\/es\/wp-json\/wp\/v2\/posts"}],"about":[{"href":"https:\/\/dimensionturistica.com\/es\/wp-json\/wp\/v2\/types\/post"}],"author":[{"embeddable":true,"href":"https:\/\/dimensionturistica.com\/es\/wp-json\/wp\/v2\/users\/1"}],"replies":[{"embeddable":true,"href":"https:\/\/dimensionturistica.com\/es\/wp-json\/wp\/v2\/comments?post=1037589"}],"version-history":[{"count":0,"href":"https:\/\/dimensionturistica.com\/es\/wp-json\/wp\/v2\/posts\/1037589\/revisions"}],"wp:attachment":[{"href":"https:\/\/dimensionturistica.com\/es\/wp-json\/wp\/v2\/media?parent=1037589"}],"wp:term":[{"taxonomy":"category","embeddable":true,"href":"https:\/\/dimensionturistica.com\/es\/wp-json\/wp\/v2\/categories?post=1037589"},{"taxonomy":"post_tag","embeddable":true,"href":"https:\/\/dimensionturistica.com\/es\/wp-json\/wp\/v2\/tags?post=1037589"}],"curies":[{"name":"wp","href":"https:\/\/api.w.org\/{rel}","templated":true}]}}