{"id":1037581,"date":"2025-09-01T16:09:35","date_gmt":"2025-09-01T16:09:35","guid":{"rendered":"https:\/\/dimensionturistica.com\/es\/?p=1037581"},"modified":"2025-09-01T16:09:35","modified_gmt":"2025-09-01T16:09:35","slug":"la-secretaria-de-turismo-impulsa-el-foro-si-hay-turismo-y-el-outlet-de-viajes-y-vacaciones-mexico","status":"publish","type":"post","link":"https:\/\/dimensionturistica.com\/es\/la-secretaria-de-turismo-impulsa-el-foro-si-hay-turismo-y-el-outlet-de-viajes-y-vacaciones-mexico\/","title":{"rendered":"\u00a0La Secretar\u00eda de Turismo impulsa el Foro S\u00ed Hay Turismo y el Outlet de Viajes y Vacaciones M\u00e9xico"},"content":{"rendered":"\n<figure class=\"wp-block-gallery has-nested-images columns-default is-cropped wp-block-gallery-1 is-layout-flex wp-block-gallery-is-layout-flex\">\n<figure class=\"wp-block-image size-large\"><img decoding=\"async\" width=\"500\" height=\"69\" data-id=\"1037582\" src=\"https:\/\/dimensionturistica.com\/es\/wp-content\/uploads\/2025\/09\/5TURISMO.jpg\" alt=\"\" class=\"wp-image-1037582\" srcset=\"https:\/\/dimensionturistica.com\/es\/wp-content\/uploads\/2025\/09\/5TURISMO.jpg 500w, https:\/\/dimensionturistica.com\/es\/wp-content\/uploads\/2025\/09\/5TURISMO-300x41.jpg 300w\" sizes=\"(max-width: 500px) 100vw, 500px\" \/><\/figure>\n<\/figure>\n\n\n\n<p>En representaci\u00f3n de la secretaria de Turismo del Gobierno de M\u00e9xico, Josefina Rodr\u00edguez Zamora, el director general de Promoci\u00f3n y Asuntos Internacionales, Emmanuel Rey Romain, y el director general del foro, Isaac Vel\u00e1zquez M\u00e9ndez, presentaron el Foro S\u00ed Hay Turismo y el Outlet de Viajes y Vacaciones M\u00e9xico. Estas iniciativas buscan fortalecer la competitividad del sector, profesionalizar a los prestadores de servicios tur\u00edsticos y ofrecer a las familias mexicanas opciones de viaje accesibles.<\/p>\n\n\n\n<p>La s\u00e9ptima edici\u00f3n del Foro S\u00ed Hay Turismo &nbsp;se llevar\u00e1 a cabo el pr\u00f3ximo 3 de diciembre, con la participaci\u00f3n de 14 ponentes especializados en temas de innovaci\u00f3n, inteligencia artificial, finanzas, marketing digital y gesti\u00f3n tur\u00edstica.<\/p>\n\n\n\n<p>Por otra parte, el Outlet de Viajes y Vacaciones M\u00e9xico se celebrar\u00e1 del 13 al 17 de noviembre, en el marco del Buen Fin. Tendr\u00e1 lugar en Toreo Parque Central, donde m\u00e1s de 100 agencias de viajes ofrecer\u00e1n paquetes tur\u00edsticos con promociones y precios especiales.<\/p>\n\n\n\n<p>Emmanuel Rey Romain destac\u00f3 que para la Secretar\u00eda de Turismo (Sectur) este encuentro es prioritario, ya que impulsa el desarrollo del sector en un contexto en el que M\u00e9xico se prepara para mostrar al mundo sus nuevos productos tur\u00edsticos rumbo a un calendario de actividades del a\u00f1o 2026.<\/p>\n\n\n\n<p>\u201cTodas las actividades que fomenten el desarrollo del sector tur\u00edstico son prioritarias y este evento se suma a los esfuerzos de promoci\u00f3n y visibilidad, tanto a nivel nacional como internacional\u201d, se\u00f1al\u00f3.<\/p>\n\n\n\n<figure class=\"wp-block-gallery has-nested-images columns-default is-cropped wp-block-gallery-2 is-layout-flex wp-block-gallery-is-layout-flex\">\n<figure class=\"wp-block-image size-large\"><img decoding=\"async\" width=\"500\" height=\"333\" data-id=\"1037583\" src=\"https:\/\/dimensionturistica.com\/es\/wp-content\/uploads\/2025\/09\/5SECTUR.jpg\" alt=\"\" class=\"wp-image-1037583\" srcset=\"https:\/\/dimensionturistica.com\/es\/wp-content\/uploads\/2025\/09\/5SECTUR.jpg 500w, https:\/\/dimensionturistica.com\/es\/wp-content\/uploads\/2025\/09\/5SECTUR-300x200.jpg 300w\" sizes=\"(max-width: 500px) 100vw, 500px\" \/><\/figure>\n<\/figure>\n\n\n\n<p>Con estas iniciativas, el sector p\u00fablico y privado reafirman su colaboraci\u00f3n para hacer del turismo un motor de Prosperidad Compartida, como lo ha instruido la Presidenta Claudia Sheinbaum Pardo, al tiempo que se acercan m\u00e1s oportunidades de viaje para las y los mexicanos.<\/p>\n\n\n\n<p>En su intervenci\u00f3n, Isaac Vel\u00e1zquez M\u00e9ndez, director del foro, subray\u00f3 que en sus seis ediciones anteriores este espacio ha logrado reunir a m\u00e1s de 3 mil 60 participantes, generando 102 reuniones de trabajo y detonando 10 nuevas rutas tur\u00edsticas en la regi\u00f3n.<\/p>\n\n\n\n<p>Agreg\u00f3 que el foro se ha convertido en un espacio propicio para la profesionalizaci\u00f3n y capacitaci\u00f3n que impulse la competitividad tur\u00edstica de la Cuenca de M\u00e9xico, en los alrededores del Aeropuerto Internacional Felipe \u00c1ngeles (AIFA), y contar\u00e1 con la participaci\u00f3n de Mexicana de Aviaci\u00f3n, Tren Maya y Mundo Maya, entre otros aliados estrat\u00e9gicos.<\/p>\n\n\n\n<p>La directora general de Servicios al Turista \u00c1ngeles Verdes, Sandra D\u00edaz Guevara, inform\u00f3 que la instituci\u00f3n que encabeza tendr\u00e1 una participaci\u00f3n en el Foro S\u00ed Hay Turismo. En este sentido, destac\u00f3 que ser\u00e1 una excelente oportunidad para dar a conocer las atribuciones de \u00c1ngeles Verdes y garantizar que m\u00e1s turistas conozcan y accedan a estos servicios en caso de requerirlos.<\/p>\n\n\n\n<p>Durante la presentaci\u00f3n, se cont\u00f3 con la presencia del director Comercial y de Operaciones del Foro S\u00ed Hay Turismo, Germ\u00e1n Pineda Guti\u00e9rrez, as\u00ed como de la representante del Consejo Directivo de Grupo FIBRA DANHOS, Elvira Daniel Kabbaz Zaga.<\/p>\n","protected":false},"excerpt":{"rendered":"<p>En representaci\u00f3n de la secretaria de Turismo del Gobierno de M\u00e9xico, Josefina Rodr\u00edguez Zamora, el director general de Promoci\u00f3n y Asuntos Internacionales, Emmanuel Rey Romain, y el director general del foro, Isaac Vel\u00e1zquez M\u00e9ndez, presentaron el Foro S\u00ed Hay Turismo y el Outlet de Viajes y Vacaciones M\u00e9xico. Estas iniciativas buscan fortalecer la competitividad del [&hellip;]<\/p>\n","protected":false},"author":1,"featured_media":0,"comment_status":"open","ping_status":"closed","sticky":false,"template":"","format":"standard","meta":{"om_disable_all_campaigns":false,"jnews-multi-image_gallery":[],"jnews_single_post":[],"jnews_primary_category":[],"jnews_social_meta":[],"footnotes":""},"categories":[39],"tags":[],"class_list":["post-1037581","post","type-post","status-publish","format-standard","hentry","category-viajes"],"_links":{"self":[{"href":"https:\/\/dimensionturistica.com\/es\/wp-json\/wp\/v2\/posts\/1037581","targetHints":{"allow":["GET"]}}],"collection":[{"href":"https:\/\/dimensionturistica.com\/es\/wp-json\/wp\/v2\/posts"}],"about":[{"href":"https:\/\/dimensionturistica.com\/es\/wp-json\/wp\/v2\/types\/post"}],"author":[{"embeddable":true,"href":"https:\/\/dimensionturistica.com\/es\/wp-json\/wp\/v2\/users\/1"}],"replies":[{"embeddable":true,"href":"https:\/\/dimensionturistica.com\/es\/wp-json\/wp\/v2\/comments?post=1037581"}],"version-history":[{"count":0,"href":"https:\/\/dimensionturistica.com\/es\/wp-json\/wp\/v2\/posts\/1037581\/revisions"}],"wp:attachment":[{"href":"https:\/\/dimensionturistica.com\/es\/wp-json\/wp\/v2\/media?parent=1037581"}],"wp:term":[{"taxonomy":"category","embeddable":true,"href":"https:\/\/dimensionturistica.com\/es\/wp-json\/wp\/v2\/categories?post=1037581"},{"taxonomy":"post_tag","embeddable":true,"href":"https:\/\/dimensionturistica.com\/es\/wp-json\/wp\/v2\/tags?post=1037581"}],"curies":[{"name":"wp","href":"https:\/\/api.w.org\/{rel}","templated":true}]}}