{"id":1037344,"date":"2025-09-01T09:25:52","date_gmt":"2025-09-01T09:25:52","guid":{"rendered":"https:\/\/dimensionturistica.com\/es\/?p=1037344"},"modified":"2025-09-01T09:25:52","modified_gmt":"2025-09-01T09:25:52","slug":"las-agencias-turisticas-ven-con-optimismo-el-verano-y-esperan-un-crecimiento-superior-al-5","status":"publish","type":"post","link":"https:\/\/dimensionturistica.com\/es\/las-agencias-turisticas-ven-con-optimismo-el-verano-y-esperan-un-crecimiento-superior-al-5\/","title":{"rendered":"Las agencias tur\u00edsticas ven con optimismo el verano y esperan un crecimiento superior al 5%."},"content":{"rendered":"<h3>La Temporada Estival: Un Renacer para el Turismo<\/h3>\n<p>El verano, esa \u00e9poca del a\u00f1o que invita a explorar, desconectar y disfrutar, ha vuelto a adaptarse tras los desaf\u00edos recientes que ha enfrentado el sector tur\u00edstico. Las agencias de viajes han experimentado un optimismo renovado, con expectativas que superan las cifras de a\u00f1os anteriores. Esto se traduce en una creciente demanda de destinos variados, desde tranquilos parajes rurales hasta vibrantes ciudades cosmopolitas.<\/p>\n<p>Una de las tendencias m\u00e1s destacadas de esta temporada ha sido el deseo de los viajeros de disfrutar de experiencias aut\u00e9nticas. Los turistas buscan no solo un lugar donde hospedarse, sino tambi\u00e9n conectar con la cultura local y vivir aventuras inolvidables. Este inter\u00e9s ha propiciado un auge en las experiencias personalizadas y en el turismo responsable, haciendo hincapi\u00e9 en el respeto por los entornos naturales y las comunidades que los acogen.<\/p>\n<p>Como resultado, muchos destinos han comenzado a implementar estrategias para atraer a este nuevo tipo de viajero. Desde la mejora de infraestructuras hasta la promoci\u00f3n de actividades sostenibles, las iniciativas est\u00e1n dise\u00f1adas para ofrecer experiencias memorables mientras se protegen los recursos naturales y se apoya a la econom\u00eda local. La colaboraci\u00f3n entre empresas y comunidades ha demostrado ser un factor clave para la revitalizaci\u00f3n del sector, enfatizando la importancia de trabajar juntos hacia un futuro m\u00e1s sostenible.<\/p>\n<p>Por otro lado, la tecnolog\u00eda sigue jugando un papel fundamental en la transformaci\u00f3n del turismo. La digitalizaci\u00f3n de las reservas, la aparici\u00f3n de aplicaciones que facilitan la planificaci\u00f3n de viajes y la creaci\u00f3n de plataformas interactivas para compartir experiencias han hecho que el proceso de viajar sea m\u00e1s accesible y atractivo. Los turistas ya no solo buscan destinos; desean contar su propia historia a trav\u00e9s de im\u00e1genes, rese\u00f1as y comentarios, lo que fomenta una comunidad global de exploradores.<\/p>\n<p>Sin embargo, no se puede ignorar el impacto de la incertidumbre. A pesar del panorama positivo, las agencias de viajes son cautas y est\u00e1n preparadas para adaptarse r\u00e1pidamente a los cambios que puedan surgir. La flexibilidad en las pol\u00edticas de reserva y cancelaci\u00f3n se ha convertido en una prioridad, asegurando que los viajeros se sientan seguros y respaldados en sus decisiones. Esto, sumado a la creciente conciencia sobre la salud y la seguridad, ha forjado una nueva era en el turismo, donde la confianza es m\u00e1s importante que nunca.<\/p>\n<p>En conclusi\u00f3n, la temporada de verano de este a\u00f1o se augura como un periodo de crecimiento y transformaci\u00f3n para el turismo. Con un enfoque renovado en experiencias aut\u00e9nticas, sostenibilidad y el uso de la tecnolog\u00eda, la industria se prepara para brindarle al viajero moderno no solo un destino, sino un verdadero viaje hacia nuevas culturas y descubrimientos. As\u00ed, cada rinc\u00f3n del mundo espera, deseoso de ser explorado y apreciado, invitando a cada aventurero a hacer de cada viaje una historia memorable.<\/p>\n<p><em> &#8221; Sources www.europapress.es &#8221; <\/em><\/p>\n","protected":false},"excerpt":{"rendered":"<p>La Temporada Estival: Un Renacer para el Turismo El verano, esa \u00e9poca del a\u00f1o que invita a explorar, desconectar y disfrutar, ha vuelto a adaptarse tras los desaf\u00edos recientes que ha enfrentado el sector tur\u00edstico. Las agencias de viajes han experimentado un optimismo renovado, con expectativas que superan las cifras de a\u00f1os anteriores. Esto se [&hellip;]<\/p>\n","protected":false},"author":4,"featured_media":1037345,"comment_status":"open","ping_status":"closed","sticky":false,"template":"","format":"standard","meta":{"om_disable_all_campaigns":false,"jnews-multi-image_gallery":[],"jnews_single_post":[],"jnews_primary_category":[],"jnews_social_meta":[],"footnotes":""},"categories":[40],"tags":[569,7315,715,2711,1296,103148,10864,544,545],"class_list":["post-1037344","post","type-post","status-publish","format-standard","has-post-thumbnail","hentry","category-industria","tag-agencias-de-viajes","tag-crecimiento","tag-economia","tag-expectativas","tag-industria-turistica","tag-mercado-turistico","tag-temporada-de-verano","tag-turismo","tag-viajes"],"_links":{"self":[{"href":"https:\/\/dimensionturistica.com\/es\/wp-json\/wp\/v2\/posts\/1037344","targetHints":{"allow":["GET"]}}],"collection":[{"href":"https:\/\/dimensionturistica.com\/es\/wp-json\/wp\/v2\/posts"}],"about":[{"href":"https:\/\/dimensionturistica.com\/es\/wp-json\/wp\/v2\/types\/post"}],"author":[{"embeddable":true,"href":"https:\/\/dimensionturistica.com\/es\/wp-json\/wp\/v2\/users\/4"}],"replies":[{"embeddable":true,"href":"https:\/\/dimensionturistica.com\/es\/wp-json\/wp\/v2\/comments?post=1037344"}],"version-history":[{"count":0,"href":"https:\/\/dimensionturistica.com\/es\/wp-json\/wp\/v2\/posts\/1037344\/revisions"}],"wp:featuredmedia":[{"embeddable":true,"href":"https:\/\/dimensionturistica.com\/es\/wp-json\/wp\/v2\/media\/1037345"}],"wp:attachment":[{"href":"https:\/\/dimensionturistica.com\/es\/wp-json\/wp\/v2\/media?parent=1037344"}],"wp:term":[{"taxonomy":"category","embeddable":true,"href":"https:\/\/dimensionturistica.com\/es\/wp-json\/wp\/v2\/categories?post=1037344"},{"taxonomy":"post_tag","embeddable":true,"href":"https:\/\/dimensionturistica.com\/es\/wp-json\/wp\/v2\/tags?post=1037344"}],"curies":[{"name":"wp","href":"https:\/\/api.w.org\/{rel}","templated":true}]}}