{"id":1037336,"date":"2025-09-01T07:59:48","date_gmt":"2025-09-01T07:59:48","guid":{"rendered":"https:\/\/dimensionturistica.com\/es\/?p=1037336"},"modified":"2025-09-01T07:59:48","modified_gmt":"2025-09-01T07:59:48","slug":"este-es-el-anhelo-compartido-de-numerosos-jovenes-en-espana","status":"publish","type":"post","link":"https:\/\/dimensionturistica.com\/es\/este-es-el-anhelo-compartido-de-numerosos-jovenes-en-espana\/","title":{"rendered":"Este es el anhelo compartido de numerosos j\u00f3venes en Espa\u00f1a."},"content":{"rendered":"<h3>El Futuro del Turismo: Sue\u00f1os y Aspiraciones de los J\u00f3venes Espa\u00f1oles<\/h3>\n<p>La forma en que viajamos ha cambiado dr\u00e1sticamente en las \u00faltimas d\u00e9cadas, y los j\u00f3venes espa\u00f1oles no son una excepci\u00f3n. En un mundo donde la tecnolog\u00eda avanza a pasos agigantados y las fronteras entre lo posible y lo imposible se difuminan, surge un nuevo tipo de viajero: uno que sue\u00f1a en grande y busca experiencias m\u00e1s all\u00e1 de lo convencional. <\/p>\n<p>Imagina un futuro donde los coches voladores se conviertan en la norma y las escapadas a Marte no solo sean un viaje de ciencia ficci\u00f3n, sino una opci\u00f3n real para aquellos que buscan explorar m\u00e1s all\u00e1 de nuestro planeta. Esta visi\u00f3n futurista refleja un deseo colectivo, una aspiraci\u00f3n compartida por muchos j\u00f3venes que, m\u00e1s que simples turistas, se convierten en aut\u00e9nticos exploradores del cosmos.<\/p>\n<p>Los j\u00f3venes espa\u00f1oles son un claro reflejo de esta corriente. Con un acceso cada vez mayor a la informaci\u00f3n y nuevas tecnolog\u00edas, su imaginaci\u00f3n se desborda en cuanto a las posibilidades de viajar. Las encuestas muestran que muchos de ellos sue\u00f1an con aventuras que van m\u00e1s all\u00e1 de los destinos tradicionales; buscan experiencias \u00fanicas que los conecten con lo extraordinario. Ya no basta con visitar una playa o una ciudad hist\u00f3rica; ahora, est\u00e1n interesados en pr\u00e1cticas sostenibles, en la inmersi\u00f3n cultural y en la exploraci\u00f3n espacial.<\/p>\n<p>El turismo espacial, que alguna vez pareci\u00f3 una quimera, est\u00e1 empezando a materializarse. Empresas emergentes est\u00e1n ofreciendo vuelos suborbitales, lo que ha encendido la fantas\u00eda de muchos. La posibilidad de ver la Tierra desde las alturas est\u00e1 logrando captar la atenci\u00f3n de una generaci\u00f3n que desea salir de la rutina y vivir experiencias que desaf\u00edan los l\u00edmites de la imaginaci\u00f3n.<\/p>\n<p>Pero el deseo de innovaci\u00f3n no se limita a lo c\u00f3smico. La idea de los coches voladores no solo simboliza una revoluci\u00f3n en el transporte, sino que representa una nueva forma de entender la movilidad y el acceso a destinos antes inalcanzables. Imagina viajar a una playa paradis\u00edaca cruzando el cielo en lugar de estar atrapado en interminables atascos. Este tipo de visiones futuristas se ha convertido en parte integral de la conversaci\u00f3n entre j\u00f3venes que comparten un ansia por un mundo m\u00e1s conectado y accesible.<\/p>\n<p>Sin embargo, hay una gran responsabilidad que viene con estos sue\u00f1os. La sostenibilidad ha ocupado un lugar central en el pensamiento de los j\u00f3venes viajeros. Muchos son conscientes de que el turismo puede tener un impacto significativo en el medio ambiente y est\u00e1n dispuestos a adoptar pr\u00e1cticas que no solo se centren en la diversi\u00f3n, sino que tambi\u00e9n respeten nuestro planeta. Quieren descubrir lugares de manera consciente, eligiendo opciones que minimicen su huella ecol\u00f3gica.<\/p>\n<p>Cada vez m\u00e1s, j\u00f3venes de diferentes or\u00edgenes se organizan y forman colectivos que buscan promover un turismo responsable y \u00e9tico. No se trata solo de llegar a un destino, sino de enriquecer la experiencia a trav\u00e9s del entendimiento, la apreciaci\u00f3n de otras culturas y la protecci\u00f3n del medio ambiente. Este tipo de turismo consciente est\u00e1 ganando popularidad y se refleja en la forma en que planean y ejecutan sus viajes.<\/p>\n<p>A medida que nos dirigimos hacia un futuro lleno de posibilidades, el mensaje es claro: el turismo seguir\u00e1 evolucionando y los j\u00f3venes ser\u00e1n sus principales embajadores. Con su creatividad desbordante y su compromiso con la sostenibilidad, est\u00e1n moldeando una nueva era en la que viajar se convierte en una aventura emocionante, diversificada y enriquecedora. <\/p>\n<p>As\u00ed, mientras miramos hacia un horizonte que incluye tanto el turismo espacial como soluciones innovadoras de movilidad, recordemos que el verdadero viaje comienza en nuestra conexi\u00f3n con el mundo que nos rodea y en nuestra capacidad de so\u00f1ar juntos. Los j\u00f3venes espa\u00f1oles est\u00e1n liderando este camino, invit\u00e1ndonos a todos a compartir su visi\u00f3n de un futuro vibrante y lleno de posibilidades.<\/p>\n<p><em> &#8221; Fuentes www.huffingtonpost.es &#8221; <\/em><\/p>\n","protected":false},"excerpt":{"rendered":"<p>El Futuro del Turismo: Sue\u00f1os y Aspiraciones de los J\u00f3venes Espa\u00f1oles La forma en que viajamos ha cambiado dr\u00e1sticamente en las \u00faltimas d\u00e9cadas, y los j\u00f3venes espa\u00f1oles no son una excepci\u00f3n. En un mundo donde la tecnolog\u00eda avanza a pasos agigantados y las fronteras entre lo posible y lo imposible se difuminan, surge un nuevo [&hellip;]<\/p>\n","protected":false},"author":4,"featured_media":1037337,"comment_status":"open","ping_status":"closed","sticky":false,"template":"","format":"standard","meta":{"om_disable_all_campaigns":false,"jnews-multi-image_gallery":[],"jnews_single_post":[],"jnews_primary_category":[],"jnews_social_meta":[],"footnotes":""},"categories":[39],"tags":[145331,4223,3240,662,770,3072,2241,59987,1331,2330,1907,9799,245175,545,152823],"class_list":["post-1037336","post","type-post","status-publish","format-standard","has-post-thumbnail","hentry","category-viajes","tag-aspiraciones","tag-coches","tag-comunidad","tag-cultura","tag-espana","tag-esperanza","tag-futuro","tag-identidad","tag-jovenes","tag-marte","tag-sociedad","tag-sueno","tag-sueno-colectivo","tag-viajes","tag-voladores"],"_links":{"self":[{"href":"https:\/\/dimensionturistica.com\/es\/wp-json\/wp\/v2\/posts\/1037336","targetHints":{"allow":["GET"]}}],"collection":[{"href":"https:\/\/dimensionturistica.com\/es\/wp-json\/wp\/v2\/posts"}],"about":[{"href":"https:\/\/dimensionturistica.com\/es\/wp-json\/wp\/v2\/types\/post"}],"author":[{"embeddable":true,"href":"https:\/\/dimensionturistica.com\/es\/wp-json\/wp\/v2\/users\/4"}],"replies":[{"embeddable":true,"href":"https:\/\/dimensionturistica.com\/es\/wp-json\/wp\/v2\/comments?post=1037336"}],"version-history":[{"count":0,"href":"https:\/\/dimensionturistica.com\/es\/wp-json\/wp\/v2\/posts\/1037336\/revisions"}],"wp:featuredmedia":[{"embeddable":true,"href":"https:\/\/dimensionturistica.com\/es\/wp-json\/wp\/v2\/media\/1037337"}],"wp:attachment":[{"href":"https:\/\/dimensionturistica.com\/es\/wp-json\/wp\/v2\/media?parent=1037336"}],"wp:term":[{"taxonomy":"category","embeddable":true,"href":"https:\/\/dimensionturistica.com\/es\/wp-json\/wp\/v2\/categories?post=1037336"},{"taxonomy":"post_tag","embeddable":true,"href":"https:\/\/dimensionturistica.com\/es\/wp-json\/wp\/v2\/tags?post=1037336"}],"curies":[{"name":"wp","href":"https:\/\/api.w.org\/{rel}","templated":true}]}}