{"id":1036891,"date":"2025-08-30T20:34:25","date_gmt":"2025-08-30T20:34:25","guid":{"rendered":"https:\/\/dimensionturistica.com\/es\/?p=1036891"},"modified":"2025-08-30T20:34:25","modified_gmt":"2025-08-30T20:34:25","slug":"despues-de-unas-vacaciones-de-excesos-el-gobierno-les-recuerda-a-los-morenistas-la-austeridad-no-es-solo-una-frase","status":"publish","type":"post","link":"https:\/\/dimensionturistica.com\/es\/despues-de-unas-vacaciones-de-excesos-el-gobierno-les-recuerda-a-los-morenistas-la-austeridad-no-es-solo-una-frase\/","title":{"rendered":"Despu\u00e9s de unas vacaciones de excesos, el gobierno les recuerda a los morenistas: &#8216;la austeridad no es solo una frase&#8217;"},"content":{"rendered":"<h3>La Nueva Era del Turismo: Entre el Lujo y la Austeridad<\/h3>\n<p>El turismo ha sido uno de los sectores m\u00e1s impactados por la din\u00e1mica pol\u00edtica y econ\u00f3mica reciente. Tras un verano lleno de viajes deslumbrantes y experiencias exclusivas, la conversaci\u00f3n sobre el enfoque de la austeridad se vuelve m\u00e1s relevante que nunca en el \u00e1mbito de la planificaci\u00f3n tur\u00edstica. La Secretar\u00eda de Gobernaci\u00f3n ha llamado a la reflexi\u00f3n, recordando que la austeridad no debe ser solo una frase vac\u00eda, sino un principio a seguir, especialmente en tiempos de cierta incertidumbre.<\/p>\n<p>La idea de viajar no solo se mide en la cantidad de lujos que uno pueda disfrutar, sino en las experiencias aut\u00e9nticas que se pueden vivir. En un mundo donde el turismo de lujo sol\u00eda ser el est\u00e1ndar, surge ahora la necesidad de redescubrir la esencia de lo que significa viajar. En este sentido, el turismo puede convertirse en una herramienta poderosa para fomentar la sostenibilidad y la responsabilidad social.<\/p>\n<h3>Destinos con Prop\u00f3sito<\/h3>\n<p>Los turistas actuales buscan m\u00e1s que confort; anhelan conexiones genuinas con las comunidades que visitan. Lugar tras lugar, los viajeros est\u00e1n optando por destinos que no solo ofrecen paisajes, sino tambi\u00e9n historias y culturas que enriquecen la experiencia. Se abre un abanico de oportunidades para explorar lugares menos comerciales, que permiten interactuar con la comunidad y contribuir a su bienestar. <\/p>\n<p>Imagina un viaje en el que no solo se degusta la comida local, sino que se participa en su preparaci\u00f3n. O una excursi\u00f3n que no solo muestra monumentos, sino que ofrece la oportunidad de conocer a quienes los preservan. Este enfoque no solo beneficia a los viajeros, sino que tambi\u00e9n potencia la econom\u00eda local, estableciendo conexiones m\u00e1s profundas y significativas.<\/p>\n<h3>Redefiniendo el Turismo de Lujo<\/h3>\n<p>El concepto de lujo tambi\u00e9n se est\u00e1 transformando. Atr\u00e1s quedan las vacaciones de hotel de cinco estrellas con vistas impresionantes, y avanzamos hacia experiencias que priorizan la calidad sobre la cantidad. Viajar hoy significa buscar esos momentos que te dejan huella: un paseo por un mercado local, una conversaci\u00f3n con un artesano o una caminata por un sendero menos transitado que revela la verdadera belleza del lugar.<\/p>\n<p>Al mismo tiempo, las empresas tur\u00edsticas est\u00e1n adapt\u00e1ndose a esta nueva realidad, implementando pr\u00e1cticas m\u00e1s sostenibles y equitativas. Un turismo que, lejos de contribuir a la degradaci\u00f3n ambiental y social, se debe centrar en proteger los ecosistemas y cultivar el respeto mutuo entre visitantes y comunidades anfitrionas.<\/p>\n<h3>Un Llamado a la Comunidad Tur\u00edstica<\/h3>\n<p>Ante la direcci\u00f3n que parece tomar el turismo, es fundamental que tanto viajeros como prestadores de servicios reflexionen sobre sus elecciones. La austeridad como principio puede guiarnos hacia un turismo m\u00e1s consciente y responsable, donde cada decisi\u00f3n cuenta y cada gasto refleja una verdadera valoraci\u00f3n de lo esencial. <\/p>\n<p>En este nuevo marco, el sector tur\u00edstico tiene una oportunidad brillante para redefinir su identidad, no como un mero veh\u00edculo de consumo, sino como un motor de cambio social y ambiental. Entre paisajes deslumbrantes y experiencias aut\u00e9nticas, cada viaje se convierte en una oportunidad para crear un mundo m\u00e1s justo y sostenible.<\/p>\n<p>Con esta visi\u00f3n, la pr\u00f3xima vez que planees tus vacaciones, considera no solo tu bienestar, sino tambi\u00e9n el legado que dejas y el impacto que tus decisiones pueden tener en las comunidades que visitas. Este es el momento de hacer del turismo un viaje hacia la conciencia.<\/p>\n<p><em> &#8221; Fuentes politica.expansion.mx &#8221; <\/em><\/p>\n","protected":false},"excerpt":{"rendered":"<p>La Nueva Era del Turismo: Entre el Lujo y la Austeridad El turismo ha sido uno de los sectores m\u00e1s impactados por la din\u00e1mica pol\u00edtica y econ\u00f3mica reciente. Tras un verano lleno de viajes deslumbrantes y experiencias exclusivas, la conversaci\u00f3n sobre el enfoque de la austeridad se vuelve m\u00e1s relevante que nunca en el \u00e1mbito [&hellip;]<\/p>\n","protected":false},"author":4,"featured_media":1036892,"comment_status":"open","ping_status":"closed","sticky":false,"template":"","format":"standard","meta":{"om_disable_all_campaigns":false,"jnews-multi-image_gallery":[],"jnews_single_post":[],"jnews_primary_category":[],"jnews_social_meta":[],"footnotes":""},"categories":[39],"tags":[17467,242428,923,715,22931,769,218452,245040,245041,546,245042,245043,27075,545],"class_list":["post-1036891","post","type-post","status-publish","format-standard","has-post-thumbnail","hentry","category-viajes","tag-austeridad","tag-austeridad-morena","tag-congreso","tag-economia","tag-lujos","tag-mexico","tag-morenistas","tag-plenaria-de-morena","tag-plenaria-morena","tag-politica","tag-reunion-plenaria-morena","tag-rosa-icela-rodriguez-morena","tag-segob","tag-viajes"],"_links":{"self":[{"href":"https:\/\/dimensionturistica.com\/es\/wp-json\/wp\/v2\/posts\/1036891","targetHints":{"allow":["GET"]}}],"collection":[{"href":"https:\/\/dimensionturistica.com\/es\/wp-json\/wp\/v2\/posts"}],"about":[{"href":"https:\/\/dimensionturistica.com\/es\/wp-json\/wp\/v2\/types\/post"}],"author":[{"embeddable":true,"href":"https:\/\/dimensionturistica.com\/es\/wp-json\/wp\/v2\/users\/4"}],"replies":[{"embeddable":true,"href":"https:\/\/dimensionturistica.com\/es\/wp-json\/wp\/v2\/comments?post=1036891"}],"version-history":[{"count":0,"href":"https:\/\/dimensionturistica.com\/es\/wp-json\/wp\/v2\/posts\/1036891\/revisions"}],"wp:featuredmedia":[{"embeddable":true,"href":"https:\/\/dimensionturistica.com\/es\/wp-json\/wp\/v2\/media\/1036892"}],"wp:attachment":[{"href":"https:\/\/dimensionturistica.com\/es\/wp-json\/wp\/v2\/media?parent=1036891"}],"wp:term":[{"taxonomy":"category","embeddable":true,"href":"https:\/\/dimensionturistica.com\/es\/wp-json\/wp\/v2\/categories?post=1036891"},{"taxonomy":"post_tag","embeddable":true,"href":"https:\/\/dimensionturistica.com\/es\/wp-json\/wp\/v2\/tags?post=1036891"}],"curies":[{"name":"wp","href":"https:\/\/api.w.org\/{rel}","templated":true}]}}