{"id":1036827,"date":"2025-08-30T17:23:53","date_gmt":"2025-08-30T17:23:53","guid":{"rendered":"https:\/\/dimensionturistica.com\/es\/?p=1036827"},"modified":"2025-08-30T17:23:53","modified_gmt":"2025-08-30T17:23:53","slug":"descubre-como-estos-zapatos-de-tacon-bajo-se-convierten-en-tu-aliado-perfecto-para-el-verano-2025","status":"publish","type":"post","link":"https:\/\/dimensionturistica.com\/es\/descubre-como-estos-zapatos-de-tacon-bajo-se-convierten-en-tu-aliado-perfecto-para-el-verano-2025\/","title":{"rendered":"Descubre c\u00f3mo estos zapatos de tac\u00f3n bajo se convierten en tu aliado perfecto para el verano 2025"},"content":{"rendered":"<h3>La Revoluci\u00f3n del Tac\u00f3n Bajo: Estilo y Comodidad para el Verano 2025<\/h3>\n<p>El verano de 2025 se presenta como una temporada marcada por la elegancia, donde los zapatos de tac\u00f3n bajo se alzan como la opci\u00f3n del momento. Inspirados en la ic\u00f3nica figura de la moda, Coco Chanel, estos calzados prometen combinar estilo y comodidad sin sacrificar el porte distintivo que toda mujer desea proyectar.<\/p>\n<h3>Versatilidad sin L\u00edmites<\/h3>\n<p>El tac\u00f3n bajo no solo es sin\u00f3nimo de confort, sino que tambi\u00e9n otorga a cada atuendo un aire sofisticado. En esta nueva temporada, la paleta de colores y los dise\u00f1os son tan variados que resultan imprescindibles en cualquier guardarropa. Desde tonos vibrantes que capturan la esencia del verano, hasta los cl\u00e1sicos neutros, cada modelo puede ser el toque perfecto para m\u00faltiples ocasiones.<\/p>\n<h3>La Influencia de Coco Chanel<\/h3>\n<p>La inconfundible huella de Chanel se refleja en la forma en que los zapatos de tac\u00f3n bajo se integran en la moda contempor\u00e1nea. Su filosof\u00eda apost\u00f3 siempre por la libertad de movimiento, favoreciendo la naturalidad y la autenticidad en cada elecci\u00f3n de estilo. Ahora, revivir esa esencia se traduce en elegir calzado que no solo sea atractivo, sino funcional.<\/p>\n<h3>Combinaciones Creativas<\/h3>\n<p>Una de las grandes ventajas de los zapatos de tac\u00f3n bajo es su capacidad para adaptarse a diferentes looks. Piensa en una blusa fresca, un vestido ligero o incluso unos pantalones de lino. Las combinaciones son infinitas. Para el verano 2025, se sugiere explorar texturas y estampados que contrasten con la simplicidad del calzado, creando as\u00ed un equilibrio visual poderoso.<\/p>\n<h3>Claves para un Look Impactante<\/h3>\n<p>Para garantizar que los zapatos de tac\u00f3n bajo sean los protagonistas de cualquier outfit, se pueden considerar los siguientes consejos:<\/p>\n<ol>\n<li>\n<p><strong>Prioriza la Silueta<\/strong>: Utiliza prendas que acent\u00faen tu figura, mientras que el tac\u00f3n bajo a\u00f1ade ese chic casual que tanto se busca en estos meses.<\/p>\n<\/li>\n<li>\n<p><strong>Accesorios que Hablan<\/strong>: Arri\u00e9sgate con accesorios que complementen el conjunto sin robar protagonismo al calzado. Unos pendientes llamativos o un bolso distintivo pueden ser el detalle perfecto.<\/p>\n<\/li>\n<li>\n<p><strong>Elegancia en el Movimiento<\/strong>: Al caminar, el tac\u00f3n bajo permite una postura m\u00e1s natural. Aprovecha esta oportunidad para moverte con confianza y gracia.<\/p>\n<\/li>\n<\/ol>\n<h3>Conclusi\u00f3n: Un Estilo que Transciende<\/h3>\n<p>Al adentrarse en la temporada estival, no debe pasarse por alto la transformaci\u00f3n que los zapatos de tac\u00f3n bajo pueden aportar. M\u00e1s que una simple tendencia, representan una celebraci\u00f3n de la comodidad y la elegancia. Al incorporar estas piezas clave en el guardarropa, cada mujer puede conectar con la esencia atemporal de la moda, tal como lo hizo Chanel. Prep\u00e1rate para deslumbrar este verano 2025 con un toque que habla de estilo y confort.<\/p>\n<p><em> &#8221; Fuentes www.vogue.mx &#8221; <\/em><\/p>\n","protected":false},"excerpt":{"rendered":"<p>La Revoluci\u00f3n del Tac\u00f3n Bajo: Estilo y Comodidad para el Verano 2025 El verano de 2025 se presenta como una temporada marcada por la elegancia, donde los zapatos de tac\u00f3n bajo se alzan como la opci\u00f3n del momento. Inspirados en la ic\u00f3nica figura de la moda, Coco Chanel, estos calzados prometen combinar estilo y comodidad [&hellip;]<\/p>\n","protected":false},"author":14,"featured_media":1036829,"comment_status":"open","ping_status":"closed","sticky":false,"template":"","format":"standard","meta":{"om_disable_all_campaigns":false,"jnews-multi-image_gallery":[],"jnews_single_post":[],"jnews_primary_category":[],"jnews_social_meta":[],"footnotes":""},"categories":[144872],"tags":[204712,202399,245025,73806,7758,20607,659,2182,116229,216201,200991],"class_list":["post-1036827","post","type-post","status-publish","format-standard","has-post-thumbnail","hentry","category-fashion","tag-calzado-femenino","tag-coco-chanel","tag-diseno-clasico","tag-elegancia","tag-estilo","tag-inspiracion","tag-moda","tag-tendencias","tag-verano-2025","tag-zapatos-de-tacon-bajo","tag-zapatos-tacon-bajo"],"_links":{"self":[{"href":"https:\/\/dimensionturistica.com\/es\/wp-json\/wp\/v2\/posts\/1036827","targetHints":{"allow":["GET"]}}],"collection":[{"href":"https:\/\/dimensionturistica.com\/es\/wp-json\/wp\/v2\/posts"}],"about":[{"href":"https:\/\/dimensionturistica.com\/es\/wp-json\/wp\/v2\/types\/post"}],"author":[{"embeddable":true,"href":"https:\/\/dimensionturistica.com\/es\/wp-json\/wp\/v2\/users\/14"}],"replies":[{"embeddable":true,"href":"https:\/\/dimensionturistica.com\/es\/wp-json\/wp\/v2\/comments?post=1036827"}],"version-history":[{"count":0,"href":"https:\/\/dimensionturistica.com\/es\/wp-json\/wp\/v2\/posts\/1036827\/revisions"}],"wp:featuredmedia":[{"embeddable":true,"href":"https:\/\/dimensionturistica.com\/es\/wp-json\/wp\/v2\/media\/1036829"}],"wp:attachment":[{"href":"https:\/\/dimensionturistica.com\/es\/wp-json\/wp\/v2\/media?parent=1036827"}],"wp:term":[{"taxonomy":"category","embeddable":true,"href":"https:\/\/dimensionturistica.com\/es\/wp-json\/wp\/v2\/categories?post=1036827"},{"taxonomy":"post_tag","embeddable":true,"href":"https:\/\/dimensionturistica.com\/es\/wp-json\/wp\/v2\/tags?post=1036827"}],"curies":[{"name":"wp","href":"https:\/\/api.w.org\/{rel}","templated":true}]}}