{"id":1035419,"date":"2025-08-27T16:21:00","date_gmt":"2025-08-27T16:21:00","guid":{"rendered":"https:\/\/dimensionturistica.com\/es\/?p=1035419"},"modified":"2025-08-27T16:21:00","modified_gmt":"2025-08-27T16:21:00","slug":"un-destino-turistico-es-reconocido-como-el-mas-instagramable-de-espana-ignorando-su-impacto-negativo","status":"publish","type":"post","link":"https:\/\/dimensionturistica.com\/es\/un-destino-turistico-es-reconocido-como-el-mas-instagramable-de-espana-ignorando-su-impacto-negativo\/","title":{"rendered":"Un destino tur\u00edstico es reconocido como &#8216;el m\u00e1s Instagramable&#8217; de Espa\u00f1a, ignorando su impacto negativo"},"content":{"rendered":"<h3>Descubriendo el rinc\u00f3n m\u00e1s fotog\u00e9nico de Espa\u00f1a: un viaje a la belleza escondida<\/h3>\n<p>En el vasto mosaico de paisajes que ofrece Espa\u00f1a, hay un lugar que ha sido aclamado como el m\u00e1s fotog\u00e9nico del pa\u00eds. Pero, \u00bfqu\u00e9 lo convierte en un destino tan especial? M\u00e1s all\u00e1 de las t\u00edpicas postales, este rinc\u00f3n invita a los viajeros a sumergirse en su esencia, donde cada imagen cuenta una historia y cada paso resuena con la cultura local.<\/p>\n<h4>El misterio revelado<\/h4>\n<p>La plataforma de viajes que adjudic\u00f3 este t\u00edtulo ha despertado un debate fascinante entre los amantes de la fotograf\u00eda y los viajeros aventureros. Este sitio, conocido tanto por su belleza natural como por su rica historia cultural, ha capturado la atenci\u00f3n de quienes buscan no solo lugares impresionantes, sino tambi\u00e9n una conexi\u00f3n emocional. Aqu\u00ed, cada atardecer pinta el cielo con tonos de oro y rosa, mientras que el viento susurra secretos de \u00e9pocas pasadas.<\/p>\n<h4>Un viaje m\u00e1s all\u00e1 de lo superficial<\/h4>\n<p>Visitar el lugar m\u00e1s fotog\u00e9nico de Espa\u00f1a no es simplemente un ejercicio para obtener la &#8216;foto perfecta&#8217;. Es un viaje profundo que invita a los visitantes a experimentar su cultura, gastronom\u00eda y el calidez de su gente. Desde la arquitectura tradicional hasta los mercados locales, todas las facetas de este destino enriquecen la experiencia del viajero. Aqu\u00ed, las plazas llenas de vida se entrelazan con callejones hist\u00f3ricos, creando un contraste que narra la evoluci\u00f3n de una comunidad vibrante.<\/p>\n<h4>Eventos y experiencias inigualables<\/h4>\n<p>Si bien la belleza del paisaje es indiscutible, lo que realmente distingue a este lugar son sus festividades y tradiciones. Los viajeros interesados en una inmersi\u00f3n cultural pueden participar en ferias locales, probar delicias gastron\u00f3micas y deleitarse con actuaciones art\u00edsticas que celebran la herencia de la regi\u00f3n. Cada temporada trae consigo una nueva oportunidad para redescubrirlo, ya sea a trav\u00e9s de un festival de m\u00fasica, una exposici\u00f3n de arte o una celebraci\u00f3n culinaria.<\/p>\n<h4>Consejos para el viajero curioso<\/h4>\n<p>Para aquellos que planean visitar esta joya espa\u00f1ola, aqu\u00ed van algunos consejos para aprovechar al m\u00e1ximo su experiencia. Primero, es recomendable explorar los rincones menos transitados; a menudo, la belleza m\u00e1s sorprendente se encuentra fuera de los caminos delimitados. Adem\u00e1s, no olviden llevar consigo una buena c\u00e1mara, ya que cada esquina parece estar dise\u00f1ada para ser fotografiada. Por \u00faltimo, interactuar con los lugare\u00f1os puede abrir puertas a historias y secretos que no se encuentran en las gu\u00edas tur\u00edsticas.<\/p>\n<h4>Reflexionando sobre la belleza<\/h4>\n<p>El inter\u00e9s por este lugar destaca la importancia de apreciar tanto la est\u00e9tica como la autenticidad en nuestros viajes. En un mundo donde las redes sociales impulsan a buscar el &#8220;mejor&#8221; spot para tomar fotos, a veces se puede perder de vista la verdadera esencia de un lugar. As\u00ed que, te animamos a que este viaje sea una oportunidad para disfrutar el momento, para conectar no solo con el paisaje, sino con cada persona y cada experiencia que se cruce en tu camino.<\/p>\n<p>Al final, el rinc\u00f3n m\u00e1s fotog\u00e9nico de Espa\u00f1a no es solo un destino; es una invitaci\u00f3n a ver m\u00e1s all\u00e1 de lo evidente y a descubrir las historias que se esconden tras cada imagen. As\u00ed que, prepara tus maletas, tu c\u00e1mara y sobre todo, una mente abierta. La aventura te espera.<\/p>\n<p><em> &#8221; Fuentes www.huffingtonpost.es &#8221; <\/em><\/p>\n","protected":false},"excerpt":{"rendered":"<p>Descubriendo el rinc\u00f3n m\u00e1s fotog\u00e9nico de Espa\u00f1a: un viaje a la belleza escondida En el vasto mosaico de paisajes que ofrece Espa\u00f1a, hay un lugar que ha sido aclamado como el m\u00e1s fotog\u00e9nico del pa\u00eds. Pero, \u00bfqu\u00e9 lo convierte en un destino tan especial? M\u00e1s all\u00e1 de las t\u00edpicas postales, este rinc\u00f3n invita a los [&hellip;]<\/p>\n","protected":false},"author":4,"featured_media":1035420,"comment_status":"open","ping_status":"closed","sticky":false,"template":"","format":"standard","meta":{"om_disable_all_campaigns":false,"jnews-multi-image_gallery":[],"jnews_single_post":[],"jnews_primary_category":[],"jnews_social_meta":[],"footnotes":""},"categories":[39],"tags":[1483,2717,770,244537,6209,177987,6963,2189,51328,63216,2067,544,20025,545],"class_list":["post-1035419","post","type-post","status-publish","format-standard","has-post-thumbnail","hentry","category-viajes","tag-canarias","tag-criticas","tag-espana","tag-fotogenico","tag-fotografia","tag-impacto-turistico","tag-lugar","tag-naturaleza","tag-plataformas-de-viajes","tag-teide","tag-tenerife","tag-turismo","tag-turismo-de-masas","tag-viajes"],"_links":{"self":[{"href":"https:\/\/dimensionturistica.com\/es\/wp-json\/wp\/v2\/posts\/1035419","targetHints":{"allow":["GET"]}}],"collection":[{"href":"https:\/\/dimensionturistica.com\/es\/wp-json\/wp\/v2\/posts"}],"about":[{"href":"https:\/\/dimensionturistica.com\/es\/wp-json\/wp\/v2\/types\/post"}],"author":[{"embeddable":true,"href":"https:\/\/dimensionturistica.com\/es\/wp-json\/wp\/v2\/users\/4"}],"replies":[{"embeddable":true,"href":"https:\/\/dimensionturistica.com\/es\/wp-json\/wp\/v2\/comments?post=1035419"}],"version-history":[{"count":0,"href":"https:\/\/dimensionturistica.com\/es\/wp-json\/wp\/v2\/posts\/1035419\/revisions"}],"wp:featuredmedia":[{"embeddable":true,"href":"https:\/\/dimensionturistica.com\/es\/wp-json\/wp\/v2\/media\/1035420"}],"wp:attachment":[{"href":"https:\/\/dimensionturistica.com\/es\/wp-json\/wp\/v2\/media?parent=1035419"}],"wp:term":[{"taxonomy":"category","embeddable":true,"href":"https:\/\/dimensionturistica.com\/es\/wp-json\/wp\/v2\/categories?post=1035419"},{"taxonomy":"post_tag","embeddable":true,"href":"https:\/\/dimensionturistica.com\/es\/wp-json\/wp\/v2\/tags?post=1035419"}],"curies":[{"name":"wp","href":"https:\/\/api.w.org\/{rel}","templated":true}]}}