{"id":1034794,"date":"2025-08-26T20:43:23","date_gmt":"2025-08-26T20:43:23","guid":{"rendered":"https:\/\/dimensionturistica.com\/es\/?p=1034794"},"modified":"2025-08-26T20:43:23","modified_gmt":"2025-08-26T20:43:23","slug":"selena-gomez-transforma-su-look-adios-al-bob-de-los-90-hola-a-un-corte-ondulado-y-en-capas-ideal-para-rostros-redondos","status":"publish","type":"post","link":"https:\/\/dimensionturistica.com\/es\/selena-gomez-transforma-su-look-adios-al-bob-de-los-90-hola-a-un-corte-ondulado-y-en-capas-ideal-para-rostros-redondos\/","title":{"rendered":"Selena Gomez transforma su look: adi\u00f3s al bob de los 90, hola a un corte ondulado y en capas ideal para rostros redondos."},"content":{"rendered":"<h3>El Cambio de Look Perfecto: Capas y Ondas para Rostros Redondos<\/h3>\n<p>La transformaci\u00f3n de un look puede ser un paso decisivo en la vida de cualquier persona. Este es el caso del corte de cabello que ha deslumbrado a muchos en las redes sociales: un estilo en capas con ondas que resalta la belleza de quienes poseen un rostro redondo.<\/p>\n<h4>La Magia de las Capas<\/h4>\n<p>Las capas son una apuesta segura cuando se busca agregar movimiento y volumen al cabello. Este corte no solo facilita el peinado, sino que tambi\u00e9n permite enmarcar el rostro de manera arm\u00f3nica. Para los rostros redondos, las capas largas que caen suavemente a los lados son ideales, ya que crean una ilusi\u00f3n de longitud y estilizan las facciones.<\/p>\n<h4>Ondas Sueltas: El Toque Perfecto<\/h4>\n<p>Las ondas sueltas aportan un aire fresco y juvenil al look. Este estilo, que es f\u00e1cil de lograr con herramientas de peinado adecuadas, ofrece un acabado desenfadado, perfecto para cualquier ocasi\u00f3n. Las ondas a\u00f1aden textura y dinamismo, permitiendo que cada movimiento resalte la belleza del corte en capas. Al optar por un look as\u00ed, se combina chic y casual, ideal para cualquier evento.<\/p>\n<h4>C\u00f3mo Mantener Este Estilo<\/h4>\n<p>El cuidado del cabello es esencial para conservar la frescura de un corte en capas y las ondas. Utilizar productos adecuados, como shampoos y acondicionadores nutritivos, ayudar\u00e1 a mantener la salud del cabello. Los sprays de textura y cremas para ondas son muy \u00fatiles para lograr un acabado perfecto que dure todo el d\u00eda.<\/p>\n<h4>\u00bfQui\u00e9nes Pueden Probarlo?<\/h4>\n<p>Este corte no entiende de edades y puede ser adaptado a diferentes texturas y estilos. Desde melenas lisas hasta cabellos rizados, las capas y ondas pueden ajustarse para resaltar la esencia de cada persona. Adem\u00e1s, el estilo puede ser personalizado con diferentes colores que complementen la piel y el estilo personal.<\/p>\n<h4>Inspiraci\u00f3n de las Celebridades<\/h4>\n<p>El mundo de las celebridades ha visto un resurgimiento de este estilo, popularizado por distintas figuras p\u00fablicas que han acertado con este corte. El hecho de que muchas de ellas elijan un look as\u00ed demuestra que, adem\u00e1s de ser moderno, se ajusta perfectamente a la est\u00e9tica contempor\u00e1nea.<\/p>\n<h4>Consejos Finales<\/h4>\n<p>Si est\u00e1s considerando un cambio de look,Valora tu tipo de rostro y las caracter\u00edsticas de tu cabello antes de decidirte. No todas las tendencias se adaptan a todos los estilos, pero con la asesor\u00eda adecuada, puedes encontrar el corte perfecto que no solo embellezca, sino que tambi\u00e9n te haga sentir segura y empoderada.<\/p>\n<p>En resumen, el corte en capas con ondas es una opci\u00f3n vers\u00e1til y elegante que puede realzar cualquier mirada. Atr\u00e9vete a explorar este estilo que combina modernidad con un toque cl\u00e1sico, y permite que tu cabello hable por ti.<\/p>\n<p><em> &#8221; Fuentes www.vogue.mx &#8221; <\/em><\/p>\n","protected":false},"excerpt":{"rendered":"<p>El Cambio de Look Perfecto: Capas y Ondas para Rostros Redondos La transformaci\u00f3n de un look puede ser un paso decisivo en la vida de cualquier persona. Este es el caso del corte de cabello que ha deslumbrado a muchos en las redes sociales: un estilo en capas con ondas que resalta la belleza de [&hellip;]<\/p>\n","protected":false},"author":14,"featured_media":1034795,"comment_status":"open","ping_status":"closed","sticky":false,"template":"","format":"standard","meta":{"om_disable_all_campaigns":false,"jnews-multi-image_gallery":[],"jnews_single_post":[],"jnews_primary_category":[],"jnews_social_meta":[],"footnotes":""},"categories":[144872],"tags":[3381,244391,39783,228986,6446,201310,7758,244392,236194,101300,202426],"class_list":["post-1034794","post","type-post","status-publish","format-standard","has-post-thumbnail","hentry","category-fashion","tag-belleza","tag-bob-de-los-90","tag-cabello","tag-capas","tag-celebridades","tag-corte-de-cabello","tag-estilo","tag-ondulado","tag-rostros-redondos","tag-selena-gomez","tag-tendencias-de-cabello"],"_links":{"self":[{"href":"https:\/\/dimensionturistica.com\/es\/wp-json\/wp\/v2\/posts\/1034794","targetHints":{"allow":["GET"]}}],"collection":[{"href":"https:\/\/dimensionturistica.com\/es\/wp-json\/wp\/v2\/posts"}],"about":[{"href":"https:\/\/dimensionturistica.com\/es\/wp-json\/wp\/v2\/types\/post"}],"author":[{"embeddable":true,"href":"https:\/\/dimensionturistica.com\/es\/wp-json\/wp\/v2\/users\/14"}],"replies":[{"embeddable":true,"href":"https:\/\/dimensionturistica.com\/es\/wp-json\/wp\/v2\/comments?post=1034794"}],"version-history":[{"count":0,"href":"https:\/\/dimensionturistica.com\/es\/wp-json\/wp\/v2\/posts\/1034794\/revisions"}],"wp:featuredmedia":[{"embeddable":true,"href":"https:\/\/dimensionturistica.com\/es\/wp-json\/wp\/v2\/media\/1034795"}],"wp:attachment":[{"href":"https:\/\/dimensionturistica.com\/es\/wp-json\/wp\/v2\/media?parent=1034794"}],"wp:term":[{"taxonomy":"category","embeddable":true,"href":"https:\/\/dimensionturistica.com\/es\/wp-json\/wp\/v2\/categories?post=1034794"},{"taxonomy":"post_tag","embeddable":true,"href":"https:\/\/dimensionturistica.com\/es\/wp-json\/wp\/v2\/tags?post=1034794"}],"curies":[{"name":"wp","href":"https:\/\/api.w.org\/{rel}","templated":true}]}}