{"id":1034308,"date":"2025-08-26T02:36:08","date_gmt":"2025-08-26T02:36:08","guid":{"rendered":"https:\/\/dimensionturistica.com\/es\/?p=1034308"},"modified":"2025-08-26T02:36:08","modified_gmt":"2025-08-26T02:36:08","slug":"explorando-el-glamour-radiante-de-ariana-madix-en-la-reunion-de-love-island","status":"publish","type":"post","link":"https:\/\/dimensionturistica.com\/es\/explorando-el-glamour-radiante-de-ariana-madix-en-la-reunion-de-love-island\/","title":{"rendered":"Explorando el Glamour Radiante de Ariana Madix en la Reuni\u00f3n de &#8216;Love Island&#8217;"},"content":{"rendered":"<h3>El Glamour de la Reuni\u00f3n: Ariana Madix Brilla en &#8220;Love Island&#8221;<\/h3>\n<p>La reciente reuni\u00f3n de &#8220;Love Island&#8221; ha dejado a todos boquiabiertos, sobre todo por la impresionante presencia de Ariana Madix. A medida que la temporada avanza, la moda se convierte en un actor crucial dentro de este emocionante mundo de romance y drama, y Madix ha demostrado ser un \u00edcono de estilo moderno. <\/p>\n<h4>Look Impactante<\/h4>\n<p>Ariana opt\u00f3 por un vestido dise\u00f1ado para captar toda la atenci\u00f3n, combinando elegancia y audacia. Este conjunto, cuyo color vibrante y cortes estrat\u00e9gicos acentuaban su figura, reflej\u00f3 no solo su personalidad encantadora, sino tambi\u00e9n una tendencia que sigue ganando terreno: la revalorizaci\u00f3n de los tonos intensos que se imponen en las pasarelas actuales. La elecci\u00f3n de detalles como los accesorios complementarios y el maquillaje cuidadosamente elaborado demostr\u00f3 una atenci\u00f3n al detalle que eleva el look al siguiente nivel.<\/p>\n<h4>Maquillaje y Peinado de Vanguardia<\/h4>\n<p>En el \u00e1mbito del maquillaje, Ariana se inclin\u00f3 por una paleta que acentuaba su belleza natural. Los tonos nude y dorados lograron un equilibrio perfecto entre sofisticaci\u00f3n y frescura. Su estilo de peinado, con ondas sutiles que ca\u00edan suavemente sobre los hombros, complement\u00f3 el total look de manera impecable. La elecci\u00f3n de un peinado que evoca la relajaci\u00f3n y el glamur al mismo tiempo es, sin duda, un movimiento estrat\u00e9gico que responde a las tendencias actuales en el mundo de la belleza.<\/p>\n<h4>Accesorios que Marcan la Diferencia<\/h4>\n<p>Los accesorios que Ariana eligi\u00f3 para complementar su atuendo son otro aspecto digno de menci\u00f3n. Una selecci\u00f3n de joyas delicadas, que brillaban sin robar protagonismo, muestran c\u00f3mo, en el mundo de la moda, menos es m\u00e1s. Este enfoque minimalista se adapta perfectamente a la est\u00e9tica contempor\u00e1nea, donde la elegancia y la sutileza son la norma. <\/p>\n<h4>Influencia en las Redes Sociales<\/h4>\n<p>No es solo su estilo lo que captura la atenci\u00f3n de los fan\u00e1ticos; su presencia en redes sociales se ha convertido en un fen\u00f3meno. Las publicaciones donde comparte su camino en el mundo de la moda generan interacciones masivas. La combinaci\u00f3n de su carisma personal y su sentido del estilo est\u00e1 posicion\u00e1ndola como una de las figuras m\u00e1s relevantes en la moda actual.<\/p>\n<h4>La Reuni\u00f3n de &#8220;Love Island&#8221;: M\u00e1s que un Evento<\/h4>\n<p>Este tipo de eventos no solo son una plataforma para mostrar moda; son un reflejo del zeitgeist cultural. Las elecciones estil\u00edsticas de Madix, junto a la de otros participantes, son un claro indicador de las tendencias emergentes y afianzadas, convirti\u00e9ndose en un punto de referencia para aquellos que buscan inspiraci\u00f3n en sus propios atuendos.<\/p>\n<p>En resumen, la aparici\u00f3n de Ariana Madix en la reuni\u00f3n de &#8220;Love Island&#8221; ha establecido est\u00e1ndares que ser\u00e1n observados en futuros eventos. Su estilo audaz, su elecci\u00f3n de maquillaje y la atenci\u00f3n a los detalles hacen de este un momento imperdible en la historia reciente de la moda. La expectativa por su pr\u00f3xima aparici\u00f3n sigue en aumento, destacando la conexi\u00f3n entre el entretenimiento y el mundo del fashionista.<\/p>\n<p><em> &#8221; Fuentes www.vogue.com &#8221; <\/em><\/p>\n","protected":false},"excerpt":{"rendered":"<p>El Glamour de la Reuni\u00f3n: Ariana Madix Brilla en &#8220;Love Island&#8221; La reciente reuni\u00f3n de &#8220;Love Island&#8221; ha dejado a todos boquiabiertos, sobre todo por la impresionante presencia de Ariana Madix. A medida que la temporada avanza, la moda se convierte en un actor crucial dentro de este emocionante mundo de romance y drama, y [&hellip;]<\/p>\n","protected":false},"author":14,"featured_media":1034309,"comment_status":"open","ping_status":"closed","sticky":false,"template":"","format":"standard","meta":{"om_disable_all_campaigns":false,"jnews-multi-image_gallery":[],"jnews_single_post":[],"jnews_primary_category":[],"jnews_social_meta":[],"footnotes":""},"categories":[144872],"tags":[244221,72867,198487,244222,244223,198593,7976,120189,217117,111204,198621,373],"class_list":["post-1034308","post","type-post","status-publish","format-standard","has-post-thumbnail","hentry","category-fashion","tag-ariana-madix","tag-beauty","tag-celebrity-style","tag-glowy-glam","tag-love-island","tag-makeup","tag-reunion","tag-skincare","tag-storytypenews-trending","tag-textaboveleftsmall","tag-tv-movies","tag-web"],"_links":{"self":[{"href":"https:\/\/dimensionturistica.com\/es\/wp-json\/wp\/v2\/posts\/1034308","targetHints":{"allow":["GET"]}}],"collection":[{"href":"https:\/\/dimensionturistica.com\/es\/wp-json\/wp\/v2\/posts"}],"about":[{"href":"https:\/\/dimensionturistica.com\/es\/wp-json\/wp\/v2\/types\/post"}],"author":[{"embeddable":true,"href":"https:\/\/dimensionturistica.com\/es\/wp-json\/wp\/v2\/users\/14"}],"replies":[{"embeddable":true,"href":"https:\/\/dimensionturistica.com\/es\/wp-json\/wp\/v2\/comments?post=1034308"}],"version-history":[{"count":0,"href":"https:\/\/dimensionturistica.com\/es\/wp-json\/wp\/v2\/posts\/1034308\/revisions"}],"wp:featuredmedia":[{"embeddable":true,"href":"https:\/\/dimensionturistica.com\/es\/wp-json\/wp\/v2\/media\/1034309"}],"wp:attachment":[{"href":"https:\/\/dimensionturistica.com\/es\/wp-json\/wp\/v2\/media?parent=1034308"}],"wp:term":[{"taxonomy":"category","embeddable":true,"href":"https:\/\/dimensionturistica.com\/es\/wp-json\/wp\/v2\/categories?post=1034308"},{"taxonomy":"post_tag","embeddable":true,"href":"https:\/\/dimensionturistica.com\/es\/wp-json\/wp\/v2\/tags?post=1034308"}],"curies":[{"name":"wp","href":"https:\/\/api.w.org\/{rel}","templated":true}]}}